{"id":20536,"date":"2021-11-02T17:50:46","date_gmt":"2021-11-02T20:50:46","guid":{"rendered":"https:\/\/morenoprimero.com.ar\/?p=20536"},"modified":"2021-11-02T17:50:47","modified_gmt":"2021-11-02T20:50:47","slug":"avanza-el-reacondicionamiento-del-instituto-educativo-ricardo-rojas","status":"publish","type":"post","link":"https:\/\/morenoprimero.com.ar\/archivo\/avanza-el-reacondicionamiento-del-instituto-educativo-ricardo-rojas\/","title":{"rendered":"Avanza el reacondicionamiento del Instituto Educativo \u00abRicardo Rojas\u00bb"},"content":{"rendered":"\n<p>Con el objetivo de garantizar mejores condiciones de los establecimientos educativos del distrito<strong>, el Municipio de Moreno a trav\u00e9s de la Secretar\u00eda de Obras y Servicios P\u00fablicos y la Secretar\u00eda de Cultura, Educaci\u00f3n y Deportes en esta oportunidad, contin\u00faa con la restauraci\u00f3n de la Casona hist\u00f3rica del Instituto Superior de Formaci\u00f3n Docente N\u00b0 21 \u201cRicardo Rojas\u201d.<\/strong><\/p>\n\n\n\n<p>Mediante la utilizaci\u00f3n del fondo educativo municipal, se avanza en la refacci\u00f3n y reparaci\u00f3n de los espacios de trabajo y tambi\u00e9n se construyen aulas y oficinas <strong>nuevas.<\/strong><\/p>\n\n\n\n<p>Al respecto, Mirta Alderete, directora del ISFD N\u00b0 21 explica que \u201cTodos los espacios como la preceptor\u00eda, la biblioteca, la regencia y jefaturas de \u00e1rea est\u00e1n funcionando en los salones. Al recuperar la Casona, dejamos de utilizar los salones con estos otros espacios y tendr\u00edamos el lugar suficiente para nuestros 9 profesorados\u201d y agrega \u201cEsta obra es muy esperada por nuestra comunidad y estamos muy contentas porque vemos que sigue avanzando. Esta recuperaci\u00f3n es hist\u00f3rica, porque la Casona es un s\u00edmbolo, es el coraz\u00f3n del Instituto. Es important\u00edsimo que se pueda recuperar y que podamos seguir trabajando y brindando a la regi\u00f3n la posibilidad de tener uno de los profesorados m\u00e1s grandes de la Provincia\u201d.<\/p>\n\n\n\n<figure class=\"wp-block-gallery columns-2 is-cropped wp-block-gallery-1 is-layout-flex wp-block-gallery-is-layout-flex\"><ul class=\"blocks-gallery-grid\"><li class=\"blocks-gallery-item\"><figure><a href=\"https:\/\/morenoprimero.com.ar\/wp-content\/uploads\/2021\/11\/WhatsApp_Image_2021-11-02_at_2.29.50_PM.jpg\"><img loading=\"lazy\" decoding=\"async\" width=\"1024\" height=\"682\" src=\"https:\/\/morenoprimero.com.ar\/wp-content\/uploads\/2021\/11\/WhatsApp_Image_2021-11-02_at_2.29.50_PM-1024x682.jpg\" alt=\"\" data-id=\"20538\" data-full-url=\"https:\/\/morenoprimero.com.ar\/wp-content\/uploads\/2021\/11\/WhatsApp_Image_2021-11-02_at_2.29.50_PM.jpg\" data-link=\"https:\/\/morenoprimero.com.ar\/?attachment_id=20538\" class=\"wp-image-20538\" srcset=\"https:\/\/morenoprimero.com.ar\/archivo\/wp-content\/uploads\/2021\/11\/WhatsApp_Image_2021-11-02_at_2.29.50_PM-1024x682.jpg 1024w, https:\/\/morenoprimero.com.ar\/archivo\/wp-content\/uploads\/2021\/11\/WhatsApp_Image_2021-11-02_at_2.29.50_PM-300x200.jpg 300w, https:\/\/morenoprimero.com.ar\/archivo\/wp-content\/uploads\/2021\/11\/WhatsApp_Image_2021-11-02_at_2.29.50_PM-768x512.jpg 768w, https:\/\/morenoprimero.com.ar\/archivo\/wp-content\/uploads\/2021\/11\/WhatsApp_Image_2021-11-02_at_2.29.50_PM.jpg 1280w\" sizes=\"auto, (max-width: 1024px) 100vw, 1024px\" \/><\/a><\/figure><\/li><li class=\"blocks-gallery-item\"><figure><a href=\"https:\/\/morenoprimero.com.ar\/wp-content\/uploads\/2021\/11\/WhatsApp_Image_2021-11-02_at_2.29.49_PM.jpg\"><img loading=\"lazy\" decoding=\"async\" width=\"1024\" height=\"682\" src=\"https:\/\/morenoprimero.com.ar\/wp-content\/uploads\/2021\/11\/WhatsApp_Image_2021-11-02_at_2.29.49_PM-1024x682.jpg\" alt=\"\" data-id=\"20539\" data-full-url=\"https:\/\/morenoprimero.com.ar\/wp-content\/uploads\/2021\/11\/WhatsApp_Image_2021-11-02_at_2.29.49_PM.jpg\" data-link=\"https:\/\/morenoprimero.com.ar\/?attachment_id=20539\" class=\"wp-image-20539\" srcset=\"https:\/\/morenoprimero.com.ar\/archivo\/wp-content\/uploads\/2021\/11\/WhatsApp_Image_2021-11-02_at_2.29.49_PM-1024x682.jpg 1024w, https:\/\/morenoprimero.com.ar\/archivo\/wp-content\/uploads\/2021\/11\/WhatsApp_Image_2021-11-02_at_2.29.49_PM-300x200.jpg 300w, https:\/\/morenoprimero.com.ar\/archivo\/wp-content\/uploads\/2021\/11\/WhatsApp_Image_2021-11-02_at_2.29.49_PM-768x512.jpg 768w, https:\/\/morenoprimero.com.ar\/archivo\/wp-content\/uploads\/2021\/11\/WhatsApp_Image_2021-11-02_at_2.29.49_PM.jpg 1280w\" sizes=\"auto, (max-width: 1024px) 100vw, 1024px\" \/><\/a><\/figure><\/li><\/ul><\/figure>\n\n\n\n<p>La restauraci\u00f3n de la Casona, edificio hist\u00f3rico del patrimonio cultural de Moreno avanza y de esta manera la gesti\u00f3n municipal que conduce Mariel Fern\u00e1ndez da <strong>respuesta a un pedido que realizaba hace varios a\u00f1os la comunidad educativa del Instituto Rojas.<\/strong><\/p>\n","protected":false},"excerpt":{"rendered":"<p>Con el objetivo de garantizar mejores condiciones de los establecimientos educativos del distrito, el Municipio de Moreno a trav\u00e9s de la Secretar\u00eda de Obras y Servicios P\u00fablicos y la Secretar\u00eda de Cultura, Educaci\u00f3n y Deportes en esta oportunidad, contin\u00faa con &hellip; <a href=\"https:\/\/morenoprimero.com.ar\/archivo\/avanza-el-reacondicionamiento-del-instituto-educativo-ricardo-rojas\/\">Sigue leyendo <span class=\"meta-nav\">&rarr;<\/span><\/a><\/p>\n","protected":false},"author":6,"featured_media":20537,"comment_status":"closed","ping_status":"closed","sticky":false,"template":"","format":"standard","meta":{"footnotes":""},"categories":[3,2328],"tags":[3322,6,1802],"class_list":["post-20536","post","type-post","status-publish","format-standard","has-post-thumbnail","hentry","category-importantes","category-local","tag-instituto-ricardo-rojas","tag-moreno","tag-patrimonio-cultural"],"_links":{"self":[{"href":"https:\/\/morenoprimero.com.ar\/archivo\/wp-json\/wp\/v2\/posts\/20536","targetHints":{"allow":["GET"]}}],"collection":[{"href":"https:\/\/morenoprimero.com.ar\/archivo\/wp-json\/wp\/v2\/posts"}],"about":[{"href":"https:\/\/morenoprimero.com.ar\/archivo\/wp-json\/wp\/v2\/types\/post"}],"author":[{"embeddable":true,"href":"https:\/\/morenoprimero.com.ar\/archivo\/wp-json\/wp\/v2\/users\/6"}],"replies":[{"embeddable":true,"href":"https:\/\/morenoprimero.com.ar\/archivo\/wp-json\/wp\/v2\/comments?post=20536"}],"version-history":[{"count":1,"href":"https:\/\/morenoprimero.com.ar\/archivo\/wp-json\/wp\/v2\/posts\/20536\/revisions"}],"predecessor-version":[{"id":20540,"href":"https:\/\/morenoprimero.com.ar\/archivo\/wp-json\/wp\/v2\/posts\/20536\/revisions\/20540"}],"wp:featuredmedia":[{"embeddable":true,"href":"https:\/\/morenoprimero.com.ar\/archivo\/wp-json\/wp\/v2\/media\/20537"}],"wp:attachment":[{"href":"https:\/\/morenoprimero.com.ar\/archivo\/wp-json\/wp\/v2\/media?parent=20536"}],"wp:term":[{"taxonomy":"category","embeddable":true,"href":"https:\/\/morenoprimero.com.ar\/archivo\/wp-json\/wp\/v2\/categories?post=20536"},{"taxonomy":"post_tag","embeddable":true,"href":"https:\/\/morenoprimero.com.ar\/archivo\/wp-json\/wp\/v2\/tags?post=20536"}],"curies":[{"name":"wp","href":"https:\/\/api.w.org\/{rel}","templated":true}]}}