{"id":20522,"date":"2021-11-02T18:59:27","date_gmt":"2021-11-02T21:59:27","guid":{"rendered":"https:\/\/morenoprimero.com.ar\/?p=20522"},"modified":"2021-11-02T18:59:27","modified_gmt":"2021-11-02T21:59:27","slug":"el-frente-de-todos-moreno-busca-mejorar-las-paso-y-ampliar-la-diferencia","status":"publish","type":"post","link":"https:\/\/morenoprimero.com.ar\/archivo\/el-frente-de-todos-moreno-busca-mejorar-las-paso-y-ampliar-la-diferencia\/","title":{"rendered":"El Frente de Todos Moreno, busca mejorar las PASO y ampliar la diferencia"},"content":{"rendered":"\n<p>Uno de los bastiones del Frente de Todos en la Provincia de Buenos Aires, redobla la apuesta y busca ampliar la brecha frente a las dem\u00e1s fuerzas pol\u00edticas.<\/p>\n\n\n\n<p>El oficialismo, en las elecciones primarias, se impuso en Moreno con el 36, 9 %, con 9 puntos por encima de Juntos por el Cambio, que alcanz\u00f3 el 27,8 %. Mientras que el Frente de Izquierda, la tercera fuerza, lleg\u00f3 al 7,3 % de los votos. As\u00ed, Moreno se convirti\u00f3 en estas elecciones en un <strong>basti\u00f3n del Frente de Todos<\/strong>, a donde no llega el discurso de Juntos, o Juntos por el Cambio, o Cambiemos.&nbsp;&nbsp;A menos de 15 d\u00edas de las elecciones, desde el Frente de Todos Moreno buscan redoblar la apuesta y &nbsp;ampliar la diferencia en la victoria.<\/p>\n\n\n\n<p>Los candidatos y las candidatas del Frente de Todos se muestran optimistas y coinciden en varios puntos:<\/p>\n\n\n\n<p>Primero, <strong>la participaci\u00f3n ser\u00e1 m\u00e1s alta en Moreno.<\/strong> Teniendo en cuenta que un 15% menos de participaci\u00f3n electoral respecto de a\u00f1os anteriores, el Frente de Todos sale a buscar a aquellos que no fueron a votar. &nbsp;De aqu\u00ed se desprende &nbsp;que, &nbsp;saliendo de la pandemia hay otra predisposici\u00f3n por parte de los votantes para ir y expresarse con su voto.<\/p>\n\n\n\n<p>Segundo, <strong>esos votos ampliar\u00edan el margen de victoria del Frente de Todos<\/strong> ya que se ve el agradecimiento por las pol\u00edticas p\u00fablicas aplicadas durante el gobierno de Mariel Fern\u00e1ndez, tales como la cantidad de obras en todos los barrios, como as\u00ed tambi\u00e9n, importantes decisiones pol\u00edticas como la Nueva Gesti\u00f3n Integral de Residuos, a partir de la cual miles de vecinos y vecinas morenenses vieron pasar por primera vez el cami\u00f3n recolector de residuos por la puerta de su hogar.<\/p>\n\n\n\n<figure class=\"wp-block-gallery columns-2 is-cropped wp-block-gallery-1 is-layout-flex wp-block-gallery-is-layout-flex\"><ul class=\"blocks-gallery-grid\"><li class=\"blocks-gallery-item\"><figure><a href=\"https:\/\/morenoprimero.com.ar\/wp-content\/uploads\/2021\/01\/camion.jpeg\"><img loading=\"lazy\" decoding=\"async\" width=\"1024\" height=\"576\" src=\"https:\/\/morenoprimero.com.ar\/wp-content\/uploads\/2021\/01\/camion.jpeg\" alt=\"\" data-id=\"8053\" data-full-url=\"https:\/\/morenoprimero.com.ar\/wp-content\/uploads\/2021\/01\/camion.jpeg\" data-link=\"https:\/\/morenoprimero.com.ar\/esbozo-de-una-planta-de-transferencia-de-residuos\/camion\/\" class=\"wp-image-8053\" srcset=\"https:\/\/morenoprimero.com.ar\/archivo\/wp-content\/uploads\/2021\/01\/camion.jpeg 1024w, https:\/\/morenoprimero.com.ar\/archivo\/wp-content\/uploads\/2021\/01\/camion-300x169.jpeg 300w, https:\/\/morenoprimero.com.ar\/archivo\/wp-content\/uploads\/2021\/01\/camion-768x432.jpeg 768w\" sizes=\"auto, (max-width: 1024px) 100vw, 1024px\" \/><\/a><\/figure><\/li><li class=\"blocks-gallery-item\"><figure><a href=\"https:\/\/morenoprimero.com.ar\/wp-content\/uploads\/2021\/10\/mitre.jpg\"><img loading=\"lazy\" decoding=\"async\" width=\"853\" height=\"568\" src=\"https:\/\/morenoprimero.com.ar\/wp-content\/uploads\/2021\/10\/mitre.jpg\" alt=\"\" data-id=\"19391\" data-full-url=\"https:\/\/morenoprimero.com.ar\/wp-content\/uploads\/2021\/10\/mitre.jpg\" data-link=\"https:\/\/morenoprimero.com.ar\/la-infraestructura-morenense-mejora-rapidamente\/mitre\/\" class=\"wp-image-19391\" srcset=\"https:\/\/morenoprimero.com.ar\/archivo\/wp-content\/uploads\/2021\/10\/mitre.jpg 853w, https:\/\/morenoprimero.com.ar\/archivo\/wp-content\/uploads\/2021\/10\/mitre-300x200.jpg 300w, https:\/\/morenoprimero.com.ar\/archivo\/wp-content\/uploads\/2021\/10\/mitre-768x511.jpg 768w\" sizes=\"auto, (max-width: 853px) 100vw, 853px\" \/><\/a><\/figure><\/li><\/ul><figcaption class=\"blocks-gallery-caption\">A la izquierda, nuevos camiones de recolecci\u00f3n de residuos, a la derecha la Av. Mitre en reparaci\u00f3n luego de casi 100 a\u00f1os.<\/figcaption><\/figure>\n\n\n\n<p>Sin dejar de tener en cuenta la inversi\u00f3n en Seguridad, a trav\u00e9s de una pol\u00edtica de Seguridad Integral que progresivamente fue haci\u00e9ndose de recursos que permiten combatir la inseguridad. Como as\u00ed tambi\u00e9n de educaci\u00f3n, tal como lo dijo la intendenta Mariel Fern\u00e1ndez en su discurso de inauguraci\u00f3n de sesiones ordinarias de este a\u00f1o \u00ablo que llega para educaci\u00f3n, va para educaci\u00f3n\u00bb, y es desde esa decisi\u00f3n pol\u00edtica que se realizan importantes reformas, reparaciones, e inauguraciones de diferentes establecimientos educativos. Sin perder de vista los Parques Industriales I y II que se llevan adelante en conjunto con pol\u00edticas de promoci\u00f3n industrial  y el fomento de la llegada de empresas al territorio.<\/p>\n\n\n\n<figure class=\"wp-block-gallery columns-3 is-cropped wp-block-gallery-2 is-layout-flex wp-block-gallery-is-layout-flex\"><ul class=\"blocks-gallery-grid\"><li class=\"blocks-gallery-item\"><figure><a href=\"https:\/\/morenoprimero.com.ar\/wp-content\/uploads\/2021\/11\/Escuela-Moreno.jpg\"><img loading=\"lazy\" decoding=\"async\" width=\"682\" height=\"454\" src=\"https:\/\/morenoprimero.com.ar\/wp-content\/uploads\/2021\/11\/Escuela-Moreno.jpg\" alt=\"\" data-id=\"20523\" data-full-url=\"https:\/\/morenoprimero.com.ar\/wp-content\/uploads\/2021\/11\/Escuela-Moreno.jpg\" data-link=\"https:\/\/morenoprimero.com.ar\/?attachment_id=20523\" class=\"wp-image-20523\" srcset=\"https:\/\/morenoprimero.com.ar\/archivo\/wp-content\/uploads\/2021\/11\/Escuela-Moreno.jpg 682w, https:\/\/morenoprimero.com.ar\/archivo\/wp-content\/uploads\/2021\/11\/Escuela-Moreno-300x200.jpg 300w\" sizes=\"auto, (max-width: 682px) 100vw, 682px\" \/><\/a><\/figure><\/li><li class=\"blocks-gallery-item\"><figure><a href=\"https:\/\/morenoprimero.com.ar\/wp-content\/uploads\/2021\/11\/Hospital-Mariano-y-luciano-de-la-Vega.jpg\"><img loading=\"lazy\" decoding=\"async\" width=\"682\" height=\"454\" src=\"https:\/\/morenoprimero.com.ar\/wp-content\/uploads\/2021\/11\/Hospital-Mariano-y-luciano-de-la-Vega.jpg\" alt=\"\" data-id=\"20524\" data-full-url=\"https:\/\/morenoprimero.com.ar\/wp-content\/uploads\/2021\/11\/Hospital-Mariano-y-luciano-de-la-Vega.jpg\" data-link=\"https:\/\/morenoprimero.com.ar\/?attachment_id=20524\" class=\"wp-image-20524\" srcset=\"https:\/\/morenoprimero.com.ar\/archivo\/wp-content\/uploads\/2021\/11\/Hospital-Mariano-y-luciano-de-la-Vega.jpg 682w, https:\/\/morenoprimero.com.ar\/archivo\/wp-content\/uploads\/2021\/11\/Hospital-Mariano-y-luciano-de-la-Vega-300x200.jpg 300w\" sizes=\"auto, (max-width: 682px) 100vw, 682px\" \/><\/a><\/figure><\/li><li class=\"blocks-gallery-item\"><figure><a href=\"https:\/\/morenoprimero.com.ar\/wp-content\/uploads\/2021\/11\/Moviles-policiales-en-Moreno.jpg\"><img loading=\"lazy\" decoding=\"async\" width=\"275\" height=\"183\" src=\"https:\/\/morenoprimero.com.ar\/wp-content\/uploads\/2021\/11\/Moviles-policiales-en-Moreno.jpg\" alt=\"\" data-id=\"20525\" data-full-url=\"https:\/\/morenoprimero.com.ar\/wp-content\/uploads\/2021\/11\/Moviles-policiales-en-Moreno.jpg\" data-link=\"https:\/\/morenoprimero.com.ar\/?attachment_id=20525\" class=\"wp-image-20525\"\/><\/a><\/figure><\/li><\/ul><figcaption class=\"blocks-gallery-caption\">A la izquierda, inauguraci\u00f3n de la EP N\u00ba 67, en el centro, inauguraci\u00f3n de la nueva guardia del Hospital MyL de la Vega, a la derecha, los primeros m\u00f3viles policiales que arribaron al municipio.<\/figcaption><\/figure>\n\n\n\n<p>En tercer lugar, tambi\u00e9n&nbsp; resaltan la importancia que&nbsp; las candidatas y los candidatos del Frente de Todos &nbsp;otorgan a la presencialidad en los diferentes barrios de moreno, escuchando las demandas para transformarlas en pol\u00edticas p\u00fablicas, luego &nbsp;a &nbsp;la hora de aplicar esas pol\u00edticas p\u00fablicas, como as\u00ed tambi\u00e9n &nbsp;a la hora de comunicarlas y dialogar con los vecinos, ya que esto produce la empat\u00eda y el reconocimiento del trabajo de personas que se encuentran en los barrios y son, adem\u00e1s de candidatos, vecinos y vecinas, j\u00f3venes con un proyecto pol\u00edtico claro y honesto.<\/p>\n","protected":false},"excerpt":{"rendered":"<p>Uno de los bastiones del Frente de Todos en la Provincia de Buenos Aires, redobla la apuesta y busca ampliar la brecha frente a las dem\u00e1s fuerzas pol\u00edticas. El oficialismo, en las elecciones primarias, se impuso en Moreno con el &hellip; <a href=\"https:\/\/morenoprimero.com.ar\/archivo\/el-frente-de-todos-moreno-busca-mejorar-las-paso-y-ampliar-la-diferencia\/\">Sigue leyendo <span class=\"meta-nav\">&rarr;<\/span><\/a><\/p>\n","protected":false},"author":6,"featured_media":20527,"comment_status":"closed","ping_status":"closed","sticky":false,"template":"","format":"standard","meta":{"footnotes":""},"categories":[2,2328,27],"tags":[916,28,666,6],"class_list":["post-20522","post","type-post","status-publish","format-standard","has-post-thumbnail","hentry","category-destacadas","category-local","category-politica","tag-elecciones","tag-frente-de-todos","tag-frente-de-todos-moreno","tag-moreno"],"_links":{"self":[{"href":"https:\/\/morenoprimero.com.ar\/archivo\/wp-json\/wp\/v2\/posts\/20522","targetHints":{"allow":["GET"]}}],"collection":[{"href":"https:\/\/morenoprimero.com.ar\/archivo\/wp-json\/wp\/v2\/posts"}],"about":[{"href":"https:\/\/morenoprimero.com.ar\/archivo\/wp-json\/wp\/v2\/types\/post"}],"author":[{"embeddable":true,"href":"https:\/\/morenoprimero.com.ar\/archivo\/wp-json\/wp\/v2\/users\/6"}],"replies":[{"embeddable":true,"href":"https:\/\/morenoprimero.com.ar\/archivo\/wp-json\/wp\/v2\/comments?post=20522"}],"version-history":[{"count":4,"href":"https:\/\/morenoprimero.com.ar\/archivo\/wp-json\/wp\/v2\/posts\/20522\/revisions"}],"predecessor-version":[{"id":20546,"href":"https:\/\/morenoprimero.com.ar\/archivo\/wp-json\/wp\/v2\/posts\/20522\/revisions\/20546"}],"wp:featuredmedia":[{"embeddable":true,"href":"https:\/\/morenoprimero.com.ar\/archivo\/wp-json\/wp\/v2\/media\/20527"}],"wp:attachment":[{"href":"https:\/\/morenoprimero.com.ar\/archivo\/wp-json\/wp\/v2\/media?parent=20522"}],"wp:term":[{"taxonomy":"category","embeddable":true,"href":"https:\/\/morenoprimero.com.ar\/archivo\/wp-json\/wp\/v2\/categories?post=20522"},{"taxonomy":"post_tag","embeddable":true,"href":"https:\/\/morenoprimero.com.ar\/archivo\/wp-json\/wp\/v2\/tags?post=20522"}],"curies":[{"name":"wp","href":"https:\/\/api.w.org\/{rel}","templated":true}]}}