{"id":20499,"date":"2021-11-02T09:04:30","date_gmt":"2021-11-02T12:04:30","guid":{"rendered":"https:\/\/morenoprimero.com.ar\/?p=20499"},"modified":"2021-11-02T09:55:13","modified_gmt":"2021-11-02T12:55:13","slug":"xxi-jornada-anual-de-salud-mental-en-moreno-infancias-y-adolescencias-construyendo-espacios","status":"publish","type":"post","link":"https:\/\/morenoprimero.com.ar\/archivo\/xxi-jornada-anual-de-salud-mental-en-moreno-infancias-y-adolescencias-construyendo-espacios\/","title":{"rendered":"XXI Jornada Anual de Salud Mental en Moreno \u00abInfancias y Adolescencias Construyendo Espacios\u00bb"},"content":{"rendered":"\n<p>Moreno Primero dialog\u00f3 con Sabrina Grella, directora de Salud Mental, sobre la XXI Jornada Anual de Salud Mental, que se transmitir\u00e1 en vivo por Facebook el d\u00eda mi\u00e9rcoles desde las 9.30hs.<\/p>\n\n\n\n<p><strong>\u00abEsta jornada es el cierre significativo de un a\u00f1o arduo de trabajo tanto en capacitaci\u00f3n como en el territorio\u00bb<\/strong>, comparti\u00f3 la directora acerca de la jornada que se desarrollar\u00e1 de 9.30hs a 15hs, contando el panel central integrado por la licenciada Julieta Calmels, Subsecretaria de Salud Mental, consumos problem\u00e1ticos y violencias en el \u00e1mbito de la salud, Laura Capacete, licenciada e investigadora en tem\u00e1tica de abuso sexual, y Ver\u00f3nica Colombo, licenciada y referente del \u00e1rea de Discapacidad de la Direcci\u00f3n General de Salud Mental de Moreno.&nbsp;<\/p>\n\n\n\n<p>El encuentro se plantea principalmente como jornada de intercambio, Sabrina Grella asegur\u00f3 que lo que se busca es seguir mejorando el \u00e1rea de salud, planteando las fortalezas y debilidades dentro del sistema, <strong>\u00abEsta ser\u00e1 una jornada para mostrar c\u00f3mo venimos trabajando y todo lo que nos falta, porque siempre es necesario saber lo que nos falta y trabajar en pol\u00edticas p\u00fablicas que sigan construyendo espacios para las adolescencias y las infancias\u00bb<\/strong>.&nbsp;<\/p>\n\n\n\n<figure class=\"wp-block-image size-large\"><a href=\"https:\/\/morenoprimero.com.ar\/wp-content\/uploads\/2021\/11\/Jornada-de-salud-mental.jpeg\"><img loading=\"lazy\" decoding=\"async\" width=\"1024\" height=\"1002\" src=\"https:\/\/morenoprimero.com.ar\/wp-content\/uploads\/2021\/11\/Jornada-de-salud-mental-1024x1002.jpeg\" alt=\"\" class=\"wp-image-20501\" srcset=\"https:\/\/morenoprimero.com.ar\/archivo\/wp-content\/uploads\/2021\/11\/Jornada-de-salud-mental-1024x1002.jpeg 1024w, https:\/\/morenoprimero.com.ar\/archivo\/wp-content\/uploads\/2021\/11\/Jornada-de-salud-mental-300x294.jpeg 300w, https:\/\/morenoprimero.com.ar\/archivo\/wp-content\/uploads\/2021\/11\/Jornada-de-salud-mental-768x752.jpeg 768w, https:\/\/morenoprimero.com.ar\/archivo\/wp-content\/uploads\/2021\/11\/Jornada-de-salud-mental.jpeg 1080w\" sizes=\"auto, (max-width: 1024px) 100vw, 1024px\" \/><\/a><\/figure>\n\n\n\n<p>Durante este encuentro anual se llevar\u00e1n adelante distintos paneles donde se expondr\u00e1n los trabajos realizados en el territorio y a las conclusiones que se llegaron para la creaci\u00f3n o mejora de pol\u00edticas p\u00fablicas en calidad de salud mental, abordando el consumo problem\u00e1tico, las discapacidades, el tratamiento durante la pandemia, entre otros t\u00f3picos.<\/p>\n\n\n\n<p>Siendo el intercambio el eje central, la jornada, a partir de las 12.30hs, estar\u00e1 abierta al p\u00fablico, que podr\u00e1 ingresar y formar parte de los distintos paneles que se realizar\u00e1n en simult\u00e1neo durante el encuentro a trav\u00e9s del link de Meet https:\/\/forms.gle\/tH3Q1RywD6BD7cJU7 <\/p>\n\n\n\n<p><strong>\u00abNos proponemos desestigmatizar la locura y hacer saber que todos tienen derecho a poder acceder a un tratamiento\u00bb<\/strong>, afirm\u00f3 Grella.&nbsp;<\/p>\n\n\n\n<p>A su vez, cerr\u00f3 comentando sobre el trabajo realizado en el distrito, que se propone seguir creciendo para mejorar el servicio de atenci\u00f3n y acompa\u00f1amiento para las vecinas y vecinos de Moreno, resaltando la importancia de los espacios de prevenci\u00f3n y capacitaci\u00f3n desde temprana edad.<strong> \u00abEn todas las unidades sanitarias de Moreno est\u00e1n los profesionales de psicolog\u00eda para poder hacer una primera escucha y despu\u00e9s hacer la derivaci\u00f3n pertinente a las \u00e1reas que correspondan. Tambi\u00e9n tenemos la guardia en el hospital Mariano y Luciano De La Vega para casos agudos para abordar las emergencias, y despu\u00e9s tenemos la \u00e1reas espec\u00edficas como el de Consumos Problem\u00e1ticos, Espejos Cruzados, el \u00e1rea de Salud Mental Infantil. Siempre estamos pensando en m\u00e1s y en garantizar derechos\u00bb<\/strong>, finaliz\u00f3 la entrevistada.<\/p>\n","protected":false},"excerpt":{"rendered":"<p>Moreno Primero dialog\u00f3 con Sabrina Grella, directora de Salud Mental, sobre la XXI Jornada Anual de Salud Mental, que se transmitir\u00e1 en vivo por Facebook el d\u00eda mi\u00e9rcoles desde las 9.30hs. \u00abEsta jornada es el cierre significativo de un a\u00f1o &hellip; <a href=\"https:\/\/morenoprimero.com.ar\/archivo\/xxi-jornada-anual-de-salud-mental-en-moreno-infancias-y-adolescencias-construyendo-espacios\/\">Sigue leyendo <span class=\"meta-nav\">&rarr;<\/span><\/a><\/p>\n","protected":false},"author":6,"featured_media":20500,"comment_status":"closed","ping_status":"closed","sticky":false,"template":"","format":"standard","meta":{"footnotes":""},"categories":[536],"tags":[6,708],"class_list":["post-20499","post","type-post","status-publish","format-standard","has-post-thumbnail","hentry","category-salud","tag-moreno","tag-salud-mental"],"_links":{"self":[{"href":"https:\/\/morenoprimero.com.ar\/archivo\/wp-json\/wp\/v2\/posts\/20499","targetHints":{"allow":["GET"]}}],"collection":[{"href":"https:\/\/morenoprimero.com.ar\/archivo\/wp-json\/wp\/v2\/posts"}],"about":[{"href":"https:\/\/morenoprimero.com.ar\/archivo\/wp-json\/wp\/v2\/types\/post"}],"author":[{"embeddable":true,"href":"https:\/\/morenoprimero.com.ar\/archivo\/wp-json\/wp\/v2\/users\/6"}],"replies":[{"embeddable":true,"href":"https:\/\/morenoprimero.com.ar\/archivo\/wp-json\/wp\/v2\/comments?post=20499"}],"version-history":[{"count":3,"href":"https:\/\/morenoprimero.com.ar\/archivo\/wp-json\/wp\/v2\/posts\/20499\/revisions"}],"predecessor-version":[{"id":20504,"href":"https:\/\/morenoprimero.com.ar\/archivo\/wp-json\/wp\/v2\/posts\/20499\/revisions\/20504"}],"wp:featuredmedia":[{"embeddable":true,"href":"https:\/\/morenoprimero.com.ar\/archivo\/wp-json\/wp\/v2\/media\/20500"}],"wp:attachment":[{"href":"https:\/\/morenoprimero.com.ar\/archivo\/wp-json\/wp\/v2\/media?parent=20499"}],"wp:term":[{"taxonomy":"category","embeddable":true,"href":"https:\/\/morenoprimero.com.ar\/archivo\/wp-json\/wp\/v2\/categories?post=20499"},{"taxonomy":"post_tag","embeddable":true,"href":"https:\/\/morenoprimero.com.ar\/archivo\/wp-json\/wp\/v2\/tags?post=20499"}],"curies":[{"name":"wp","href":"https:\/\/api.w.org\/{rel}","templated":true}]}}