{"id":2042,"date":"2020-09-03T13:07:26","date_gmt":"2020-09-03T13:07:26","guid":{"rendered":"https:\/\/morenoprimero.com.ar\/?p=2042"},"modified":"2020-09-03T13:07:27","modified_gmt":"2020-09-03T13:07:27","slug":"la-maternidad-estela-de-carlotto-brindara-encuentros-virtuales-de-lactancia-y-posparto","status":"publish","type":"post","link":"https:\/\/morenoprimero.com.ar\/archivo\/la-maternidad-estela-de-carlotto-brindara-encuentros-virtuales-de-lactancia-y-posparto\/","title":{"rendered":"LA MATERNIDAD ESTELA DE CARLOTTO BRINDAR\u00c1 ENCUENTROS VIRTUALES DE LACTANCIA Y POSPARTO"},"content":{"rendered":"\n<p><strong>A partir de este jueves 3 de septiembre a las 14 hrs el sanatorio brindar\u00e1 charlas dirigidas a mujeres embarazadas, pu\u00e9rperas y a quienes quieran compartir su experiencia de lactancia.<\/strong><\/p>\n\n\n\n<figure class=\"wp-block-image size-large\"><img loading=\"lazy\" decoding=\"async\" width=\"1024\" height=\"632\" src=\"https:\/\/morenoprimero.com.ar\/wp-content\/uploads\/2020\/09\/estela-de-carlotto-materniad-1024x632.jpg\" alt=\"\" class=\"wp-image-2044\" srcset=\"https:\/\/morenoprimero.com.ar\/archivo\/wp-content\/uploads\/2020\/09\/estela-de-carlotto-materniad-1024x632.jpg 1024w, https:\/\/morenoprimero.com.ar\/archivo\/wp-content\/uploads\/2020\/09\/estela-de-carlotto-materniad-300x185.jpg 300w, https:\/\/morenoprimero.com.ar\/archivo\/wp-content\/uploads\/2020\/09\/estela-de-carlotto-materniad-768x474.jpg 768w, https:\/\/morenoprimero.com.ar\/archivo\/wp-content\/uploads\/2020\/09\/estela-de-carlotto-materniad-1536x947.jpg 1536w, https:\/\/morenoprimero.com.ar\/archivo\/wp-content\/uploads\/2020\/09\/estela-de-carlotto-materniad.jpg 1892w\" sizes=\"auto, (max-width: 1024px) 100vw, 1024px\" \/><\/figure>\n\n\n\n<p>La Maternidad Estela de Carlotto comunic\u00f3 a trav\u00e9s de su facebook la noticia de que a partir de este jueves organizar\u00e1n encuentros semanales para todas las mujeres que quieran informarse, escuchar experiencias y aprender todo sobre lactancia y cuidados posparto.<\/p>\n\n\n\n<p>Las charlas comienzan este jueves 3 de septiembre a las 14 horas y se dar\u00e1 por zoom. El ID de reuni\u00f3n es: 845 0880 9923 y el c\u00f3digo de acceso es: 840356.  No es necesario inscribirte, conectate directamente.<\/p>\n\n\n\n<p>Las charlas ser\u00e1n acerca de los mitos y realidades sobre la lactancia y tambi\u00e9n sobre los cuidados necesarios en el puerperio (per\u00edodo posparto).<\/p>\n","protected":false},"excerpt":{"rendered":"<p>A partir de este jueves 3 de septiembre a las 14 hrs el sanatorio brindar\u00e1 charlas dirigidas a mujeres embarazadas, pu\u00e9rperas y a quienes quieran compartir su experiencia de lactancia. La Maternidad Estela de Carlotto comunic\u00f3 a trav\u00e9s de su &hellip; <a href=\"https:\/\/morenoprimero.com.ar\/archivo\/la-maternidad-estela-de-carlotto-brindara-encuentros-virtuales-de-lactancia-y-posparto\/\">Sigue leyendo <span class=\"meta-nav\">&rarr;<\/span><\/a><\/p>\n","protected":false},"author":6,"featured_media":2056,"comment_status":"open","ping_status":"open","sticky":false,"template":"","format":"standard","meta":{"footnotes":""},"categories":[536],"tags":[571,249],"class_list":["post-2042","post","type-post","status-publish","format-standard","has-post-thumbnail","hentry","category-salud","tag-lactancia-y-posparto","tag-maternidad-estela-de-carlotto"],"_links":{"self":[{"href":"https:\/\/morenoprimero.com.ar\/archivo\/wp-json\/wp\/v2\/posts\/2042","targetHints":{"allow":["GET"]}}],"collection":[{"href":"https:\/\/morenoprimero.com.ar\/archivo\/wp-json\/wp\/v2\/posts"}],"about":[{"href":"https:\/\/morenoprimero.com.ar\/archivo\/wp-json\/wp\/v2\/types\/post"}],"author":[{"embeddable":true,"href":"https:\/\/morenoprimero.com.ar\/archivo\/wp-json\/wp\/v2\/users\/6"}],"replies":[{"embeddable":true,"href":"https:\/\/morenoprimero.com.ar\/archivo\/wp-json\/wp\/v2\/comments?post=2042"}],"version-history":[{"count":1,"href":"https:\/\/morenoprimero.com.ar\/archivo\/wp-json\/wp\/v2\/posts\/2042\/revisions"}],"predecessor-version":[{"id":2054,"href":"https:\/\/morenoprimero.com.ar\/archivo\/wp-json\/wp\/v2\/posts\/2042\/revisions\/2054"}],"wp:featuredmedia":[{"embeddable":true,"href":"https:\/\/morenoprimero.com.ar\/archivo\/wp-json\/wp\/v2\/media\/2056"}],"wp:attachment":[{"href":"https:\/\/morenoprimero.com.ar\/archivo\/wp-json\/wp\/v2\/media?parent=2042"}],"wp:term":[{"taxonomy":"category","embeddable":true,"href":"https:\/\/morenoprimero.com.ar\/archivo\/wp-json\/wp\/v2\/categories?post=2042"},{"taxonomy":"post_tag","embeddable":true,"href":"https:\/\/morenoprimero.com.ar\/archivo\/wp-json\/wp\/v2\/tags?post=2042"}],"curies":[{"name":"wp","href":"https:\/\/api.w.org\/{rel}","templated":true}]}}