{"id":20168,"date":"2021-10-27T09:49:37","date_gmt":"2021-10-27T12:49:37","guid":{"rendered":"https:\/\/morenoprimero.com.ar\/?p=20168"},"modified":"2021-10-27T09:49:41","modified_gmt":"2021-10-27T12:49:41","slug":"a-11-anos-de-su-fallecimiento-nestor-kirchner-mas-vigente-que-nunca","status":"publish","type":"post","link":"https:\/\/morenoprimero.com.ar\/archivo\/a-11-anos-de-su-fallecimiento-nestor-kirchner-mas-vigente-que-nunca\/","title":{"rendered":"A 11 a\u00f1os de su fallecimiento: N\u00e9stor Kirchner, m\u00e1s vigente que nunca"},"content":{"rendered":"\n<p>Un repaso por las decisiones pol\u00edticas m\u00e1s importantes y los mayores logros del expresidente. A 11 a\u00f1os de su fallecimiento, el Frente de Todos realiza un acto en conmemoraci\u00f3n por N\u00e9stor Kirchner, como &nbsp;se\u00f1al de unidad del oficialismo ante la negociaci\u00f3n con el FMI.<\/p>\n\n\n\n<p>El 27 de octubre del a\u00f1o 2010, N\u00e9stor Carlos Kirchner falleci\u00f3 tras haber sido internado de urgencia durante la madrugada en el Hospital Formenti. Estaba acompa\u00f1ado por Cristina cuando se descompuso y debi\u00f3 ser trasladado al centro de salud de El Calafate. El 11 de septiembre, hab\u00eda sido sometido a una angioplastia por una obstrucci\u00f3n en una arteria coronaria en el Sanatorio Los Arcos de la ciudad de Buenos Aires, donde tambi\u00e9n hab\u00eda sido internado en febrero de ese mismo a\u00f1o. En esa \u00faltima oportunidad, Kirchner recibi\u00f3 el alta m\u00e9dica luego de permanecer un fin de semana internado y de haber sido operado de forma exitosa. <\/p>\n\n\n\n<p>En aquel entonces, N\u00e9stor era diputado nacional, presidente del Consejo Nacional del Partido Justicialista y secretario general de la Uni\u00f3n Suramericana de Naciones (UNASUR). Pero el amor de su pueblo comenz\u00f3 en el 2003, cuando gan\u00f3 la lista del Frente para la Victoria que lo llev\u00f3 a la presidencia.<\/p>\n\n\n\n<p><strong>Inicio de La D\u00e9cada Ganada<\/strong><\/p>\n\n\n\n<p>Kirchner&nbsp;ven\u00eda de gobernar la provincia de Santa Cruz por m\u00e1s de doce a\u00f1os, para enfrentarse a un mandato con enormes retos tras la gesti\u00f3n de&nbsp;Menem,&nbsp;que se caracteriz\u00f3 por el establecimiento de pol\u00edticas&nbsp;neoliberales basadas en la&nbsp;privatizaci\u00f3n, en conferir&nbsp;prioridad a las&nbsp;transnacionales,  en una alta&nbsp;desigualdad social y una elevada deuda interna. Con&nbsp;Kirchner,&nbsp;se abri\u00f3 paso a una nueva pol\u00edtica&nbsp;que sign\u00f3 la \u201cD\u00e9cada Ganada\u201d.<\/p>\n\n\n\n<p>Durante su gobierno (2003-2007), creci\u00f3&nbsp; el empleo, se redujo la pobreza y la inflaci\u00f3n, con un indudable crecimiento econ\u00f3mico. N\u00e9stor nacionaliz\u00f3 importantes empresas, como el servicio de Correos, Aguas Argentinas y servicios p\u00fablicos privatizados durante el menemismo, pol\u00edtica que continuar\u00eda Cristina Fern\u00e1ndez con la nacionalizaci\u00f3n de Aerol\u00edneas Argentinas y Yacimientos Petrol\u00edferos Fiscales (YPF).<\/p>\n\n\n\n<figure class=\"wp-block-image\"><img decoding=\"async\" src=\"https:\/\/www.saladeprensa.net\/wp-content\/uploads\/0000172686.jpg\" alt=\"C\u00f3mo te extra\u00f1o&quot;: El video con el que Cristina record\u00f3 a N\u00e9stor Kirchner -  SALADEPRENSA.NETSALADEPRENSA.NET\"\/><\/figure>\n\n\n\n<p>Una de las decisiones pol\u00edticas m\u00e1s importantes fue, junto a importantes l\u00edderes latinoamericanos, decir \u201cno\u201d al \u00c1rea de Libre Comercio de las Am\u00e9ricas (ALCA) y a la renegociaci\u00f3n de la deuda externa argentina.<\/p>\n\n\n\n<p>La deuda hab\u00eda alcanzado un punto cr\u00edtico y, durante el kirchnerismo, logr\u00f3 reducirse a 40 por ciento del PIB. N\u00e9stor hab\u00eda negociado dos de las m\u00e1s grandes deudas argentinas, reestructurando una de ellas en 93 % de su total y una quita de m\u00e1s del 60 % del capital.<\/p>\n\n\n\n<p><\/p>\n\n\n\n<p><strong>El<\/strong> <strong>Frente de Todos homenajear\u00e1 a N\u00e9stor: \u00abImitemos el ejemplo\u00bb<\/strong><\/p>\n\n\n\n<p>Hoy, 27 de octubre, se cumplen 11 a\u00f1os de su fallecimiento y el Frente de Todos rendir\u00e1 un homenaje en un acto que reunir\u00e1 a dirigentes, militantes y funcionarios del peronismo en el Club Deportivo Mor\u00f3n de esa ciudad bonaerense.<\/p>\n\n\n\n<p>La actividad est\u00e1 convocada para las 17 horas y el presidente Alberto Fern\u00e1ndez, quien fue jefe de Gabinete durante la presidencia de N\u00e9stor Kirchner durante el per\u00edodo 2003-2007, fue invitado.<\/p>\n\n\n\n<figure class=\"wp-block-image is-resized\"><img loading=\"lazy\" decoding=\"async\" src=\"https:\/\/www.mdzol.com\/u\/fotografias\/m\/2019\/12\/16\/f608x342-6274_35997_0.jpg\" alt=\"\" width=\"608\" height=\"342\"\/><\/figure>\n\n\n\n<p><br><br>Por tanto, el acto ser\u00e1 no solo una demostraci\u00f3n de fuerza, sino tambi\u00e9n una se\u00f1al de unidad del oficialismo ante la negociaci\u00f3n con el Fondo Monetario Internacional (FMI) por el pago de la deuda, por lo que el FdT recordar\u00e1 el acuerdo impulsado por la gesti\u00f3n de N\u00e9stor con ese organismo internacional.<\/p>\n\n\n\n<p>As\u00ed, el Club Deportivo de Mor\u00f3n, ubicado en la intersecci\u00f3n de la Avenida Hip\u00f3lito Yrigoyen y Bernardo de Irigoyen, espera recibir 30 mil personas entre militantes, dirigentes y funcionarios del peronismo, de acuerdo a lo se\u00f1alado por fuentes de la organizaci\u00f3n a T\u00e9lam.<br><br>El acto tendr\u00e1 tambi\u00e9n r\u00e9plicas en distintos puntos del pa\u00eds, donde el peronismo se concentrar\u00e1 en plazas, parques y otros espacios p\u00fablicos bajo la consigna \u00abImitemos el ejemplo\u00bb, en referencia al pago al FMI saldado por la administraci\u00f3n de Kirchner en 2006.<\/p>\n\n\n\n<figure class=\"wp-block-embed is-type-rich is-provider-twitter wp-block-embed-twitter\"><div class=\"wp-block-embed__wrapper\">\n<blockquote class=\"twitter-tweet\" data-width=\"550\" data-dnt=\"true\"><p lang=\"es\" dir=\"ltr\"><a href=\"https:\/\/twitter.com\/hashtag\/TodosConN%C3%A9stor?src=hash&amp;ref_src=twsrc%5Etfw\">#TodosConN\u00e9stor<\/a> \ud83d\udc27\u2600\ufe0f<br><br>27 de octubre \u2022 17 hs \u2022 Mor\u00f3n. <a href=\"https:\/\/t.co\/4lyNTDNXDa\">pic.twitter.com\/4lyNTDNXDa<\/a><\/p>&mdash; Uni\u00f3n por la Patria \ud83c\udde6\ud83c\uddf7 (@unionxlapatria) <a href=\"https:\/\/twitter.com\/unionxlapatria\/status\/1452681370619183105?ref_src=twsrc%5Etfw\">October 25, 2021<\/a><\/blockquote><script async src=\"https:\/\/platform.twitter.com\/widgets.js\" charset=\"utf-8\"><\/script>\n<\/div><\/figure>\n\n\n\n<p><\/p>\n","protected":false},"excerpt":{"rendered":"<p>Un repaso por las decisiones pol\u00edticas m\u00e1s importantes y los mayores logros del expresidente. A 11 a\u00f1os de su fallecimiento, el Frente de Todos realiza un acto en conmemoraci\u00f3n por N\u00e9stor Kirchner, como &nbsp;se\u00f1al de unidad del oficialismo ante la &hellip; <a href=\"https:\/\/morenoprimero.com.ar\/archivo\/a-11-anos-de-su-fallecimiento-nestor-kirchner-mas-vigente-que-nunca\/\">Sigue leyendo <span class=\"meta-nav\">&rarr;<\/span><\/a><\/p>\n","protected":false},"author":6,"featured_media":20172,"comment_status":"closed","ping_status":"closed","sticky":false,"template":"","format":"standard","meta":{"footnotes":""},"categories":[2,27,1],"tags":[609,964,28,963],"class_list":["post-20168","post","type-post","status-publish","format-standard","has-post-thumbnail","hentry","category-destacadas","category-politica","category-sin-categoria","tag-aniversario","tag-conmemoracion","tag-frente-de-todos","tag-nestor-kirchner"],"_links":{"self":[{"href":"https:\/\/morenoprimero.com.ar\/archivo\/wp-json\/wp\/v2\/posts\/20168","targetHints":{"allow":["GET"]}}],"collection":[{"href":"https:\/\/morenoprimero.com.ar\/archivo\/wp-json\/wp\/v2\/posts"}],"about":[{"href":"https:\/\/morenoprimero.com.ar\/archivo\/wp-json\/wp\/v2\/types\/post"}],"author":[{"embeddable":true,"href":"https:\/\/morenoprimero.com.ar\/archivo\/wp-json\/wp\/v2\/users\/6"}],"replies":[{"embeddable":true,"href":"https:\/\/morenoprimero.com.ar\/archivo\/wp-json\/wp\/v2\/comments?post=20168"}],"version-history":[{"count":3,"href":"https:\/\/morenoprimero.com.ar\/archivo\/wp-json\/wp\/v2\/posts\/20168\/revisions"}],"predecessor-version":[{"id":20196,"href":"https:\/\/morenoprimero.com.ar\/archivo\/wp-json\/wp\/v2\/posts\/20168\/revisions\/20196"}],"wp:featuredmedia":[{"embeddable":true,"href":"https:\/\/morenoprimero.com.ar\/archivo\/wp-json\/wp\/v2\/media\/20172"}],"wp:attachment":[{"href":"https:\/\/morenoprimero.com.ar\/archivo\/wp-json\/wp\/v2\/media?parent=20168"}],"wp:term":[{"taxonomy":"category","embeddable":true,"href":"https:\/\/morenoprimero.com.ar\/archivo\/wp-json\/wp\/v2\/categories?post=20168"},{"taxonomy":"post_tag","embeddable":true,"href":"https:\/\/morenoprimero.com.ar\/archivo\/wp-json\/wp\/v2\/tags?post=20168"}],"curies":[{"name":"wp","href":"https:\/\/api.w.org\/{rel}","templated":true}]}}