{"id":20155,"date":"2021-10-26T13:31:03","date_gmt":"2021-10-26T16:31:03","guid":{"rendered":"https:\/\/morenoprimero.com.ar\/?p=20155"},"modified":"2021-10-26T18:23:19","modified_gmt":"2021-10-26T21:23:19","slug":"aldana-ponce-sabatini-gracias-a-la-ayuda-del-estado-pude-terminar-mis-estudios-sino-era-imposible","status":"publish","type":"post","link":"https:\/\/morenoprimero.com.ar\/archivo\/aldana-ponce-sabatini-gracias-a-la-ayuda-del-estado-pude-terminar-mis-estudios-sino-era-imposible\/","title":{"rendered":"Aldana Ponce Sabatini: \u201cGracias a la ayuda del Estado pude terminar mis estudios, sino era imposible\u201d"},"content":{"rendered":"\n<h5 class=\"wp-block-heading\">Aldana Ponce Sabatini, una joven de 31 a\u00f1os y madre de dos nenas, convers\u00f3 con Moreno Primero sobre c\u00f3mo el Potenciar Trabajo le permite llevar adelante la econom\u00eda de su casa.<\/h5>\n\n\n\n<p>Previamente al Potenciar Trabajo, Aldana form\u00f3 parte del programa Hacemos Futuro, tambi\u00e9n impulsado desde el Estado para que las personas puedan capacitarse y mejorar sus condiciones de empleabilidad. La joven no dud\u00f3 en inscribirse al programa porque ve\u00eda ah\u00ed una nueva oportunidad para salir adelante,&nbsp; <strong>\u201cEstos programas me parecen muy importantes porque son de inclusi\u00f3n. Yo cuando me separ\u00e9 no ten\u00eda nada, y el programa era el \u00fanico ingreso fijo para poder mantenernos, para lo b\u00e1sico. Y a partir de ah\u00ed pude empezar a remarla. Recibiendo el plan Argentina Trabaja pude terminar el secundario y empezar un terciario, fue una gran ayuda en muchos sentidos. Gracias a la ayuda del Estado pude terminar mis estudios, sino para mi era imposible<\/strong>\u201d.<\/p>\n\n\n\n<p>La joven mam\u00e1, como parte del Potenciar Trabajo, ahora se encuentra trabajando de mesera&nbsp; en la Reserva Municipal Los Robles, donde asegura que su actividad no solo se traduce como un mero soporte econ\u00f3mico, sino tambi\u00e9n como crecimiento a nivel personal. <strong>\u201cMe gusta mucho poder trabajar, que nos den esta oportunidad m\u00e1s all\u00e1 del dinero. Es muy lindo estar en Los Robles, compartir con los compa\u00f1eros, se aprende mucho en el d\u00eda a d\u00eda, el trato con la gente es muy lindo. Cuando ves que la gente se va conforme con lo hago, me hace sentir muy bien. Mismo cuando hacemos las capacitaciones, yo hice la de manipulaci\u00f3n de alimentos y estuvo muy bueno, me encanta\u201d<\/strong>, asegur\u00f3 Aldana.<\/p>\n\n\n\n<p>Entendiendo al Potenciar Trabajo como ayuda complementaria, la gran mayor\u00eda de los beneficiarios y beneficiarias contin\u00faan con sus emprendimientos personales, trabajos extras. Tal y como nos comparti\u00f3 la entrevistada: <strong>\u201cEl Potenciar es mi entrada de todos los meses, es lo \u00fanico con lo que puedo asegurar los gastos diarios de la casa. Es una ayuda, no un sueldo. Yo cumplo&nbsp;horarios pero como no es todos los d\u00edas, me permite seguir trabajando por mi cuenta. Limpio casas y me hago cargo de mi familia, puedo atender a las nenas, cocinarles, limpiar, ayudarlas con las cosas de la escuela, hacer el trabajo de ama de casa\u201d<\/strong>.&nbsp;<\/p>\n\n\n\n<p>Luego de haber tenido la posibilidad de terminar sus estudios secundarios, Aldana apost\u00f3 a seguir form\u00e1ndose como maestra de nivel inicial. Lleg\u00f3 a cursar todo el primer a\u00f1o del terciario pero se vio obligada a abandonar porque se le complicaba abaratar los costos para sostener los estudios. A\u00fan as\u00ed no descarta la idea de retomar en breve, porque en su lucha constante ve al estudio como la herramienta principal para su futuro y el de su familia: <strong>\u201cSiempre tengo la esperanza de conseguir algo mejor, pero ahora esto es lo que tengo y la vamos a seguir peleando. Recibo esta ayuda porque la necesito, no me queda otra y la verdad es que me sirve much\u00edsimo. Me gustar\u00eda poder retomar el profesorado para maestra, poder terminarlo. Y para las nenas solo espero que estudien, que se formen en lo que a ellas les guste, as\u00ed que yo trabajo para eso. Lo que yo no pude tener quiero que lo tengan ellas\u201d.<\/strong><\/p>\n","protected":false},"excerpt":{"rendered":"<p>Aldana Ponce Sabatini, una joven de 31 a\u00f1os y madre de dos nenas, convers\u00f3 con Moreno Primero sobre c\u00f3mo el Potenciar Trabajo le permite llevar adelante la econom\u00eda de su casa. Previamente al Potenciar Trabajo, Aldana form\u00f3 parte del programa &hellip; <a href=\"https:\/\/morenoprimero.com.ar\/archivo\/aldana-ponce-sabatini-gracias-a-la-ayuda-del-estado-pude-terminar-mis-estudios-sino-era-imposible\/\">Sigue leyendo <span class=\"meta-nav\">&rarr;<\/span><\/a><\/p>\n","protected":false},"author":6,"featured_media":20164,"comment_status":"closed","ping_status":"closed","sticky":false,"template":"","format":"standard","meta":{"footnotes":""},"categories":[3,2328],"tags":[6,73],"class_list":["post-20155","post","type-post","status-publish","format-standard","has-post-thumbnail","hentry","category-importantes","category-local","tag-moreno","tag-potenciar-trabajo"],"_links":{"self":[{"href":"https:\/\/morenoprimero.com.ar\/archivo\/wp-json\/wp\/v2\/posts\/20155","targetHints":{"allow":["GET"]}}],"collection":[{"href":"https:\/\/morenoprimero.com.ar\/archivo\/wp-json\/wp\/v2\/posts"}],"about":[{"href":"https:\/\/morenoprimero.com.ar\/archivo\/wp-json\/wp\/v2\/types\/post"}],"author":[{"embeddable":true,"href":"https:\/\/morenoprimero.com.ar\/archivo\/wp-json\/wp\/v2\/users\/6"}],"replies":[{"embeddable":true,"href":"https:\/\/morenoprimero.com.ar\/archivo\/wp-json\/wp\/v2\/comments?post=20155"}],"version-history":[{"count":4,"href":"https:\/\/morenoprimero.com.ar\/archivo\/wp-json\/wp\/v2\/posts\/20155\/revisions"}],"predecessor-version":[{"id":20183,"href":"https:\/\/morenoprimero.com.ar\/archivo\/wp-json\/wp\/v2\/posts\/20155\/revisions\/20183"}],"wp:featuredmedia":[{"embeddable":true,"href":"https:\/\/morenoprimero.com.ar\/archivo\/wp-json\/wp\/v2\/media\/20164"}],"wp:attachment":[{"href":"https:\/\/morenoprimero.com.ar\/archivo\/wp-json\/wp\/v2\/media?parent=20155"}],"wp:term":[{"taxonomy":"category","embeddable":true,"href":"https:\/\/morenoprimero.com.ar\/archivo\/wp-json\/wp\/v2\/categories?post=20155"},{"taxonomy":"post_tag","embeddable":true,"href":"https:\/\/morenoprimero.com.ar\/archivo\/wp-json\/wp\/v2\/tags?post=20155"}],"curies":[{"name":"wp","href":"https:\/\/api.w.org\/{rel}","templated":true}]}}