{"id":20130,"date":"2021-10-26T10:04:19","date_gmt":"2021-10-26T13:04:19","guid":{"rendered":"https:\/\/morenoprimero.com.ar\/?p=20130"},"modified":"2021-10-26T10:04:20","modified_gmt":"2021-10-26T13:04:20","slug":"vizzotti-anuncio-que-se-comenzaran-a-aplicar-terceras-dosis-de-vacunas","status":"publish","type":"post","link":"https:\/\/morenoprimero.com.ar\/archivo\/vizzotti-anuncio-que-se-comenzaran-a-aplicar-terceras-dosis-de-vacunas\/","title":{"rendered":"Vizzotti anunci\u00f3 que se comenzar\u00e1n a aplicar terceras dosis de vacunas"},"content":{"rendered":"\n<p>En Moreno ya se aplicaron 358.766 vacunas contra el COVID-19 correspondientes a la primera dosis y 266.997 a la segunda.<\/p>\n\n\n\n<p>La ministra de Salud anunci\u00f3 nuevas aperturas sanitarias, afirm\u00f3 que Argentina tiene \u201cun alto nivel de inmunizaci\u00f3n por haber avanzado fuerte en la campa\u00f1a de vacunaci\u00f3n\u201d y confirm\u00f3 que \u00abning\u00fan aglomerado urbano est\u00e1n en alarma epidemiol\u00f3gica\u00bb.<\/p>\n\n\n\n<p>La ministra de Salud, Carla Vizzotti, afirm\u00f3 este martes que Argentina tiene \u201cun alto nivel de inmunizaci\u00f3n por haber avanzado fuerte en la campa\u00f1a de vacunaci\u00f3n\u201d, y adelant\u00f3 que se comenzar\u00e1 a avanzar con las terceras dosis con mayores y personas inmunocomprometidas, al anunciar nuevas aperturas sanitarias e informar sobre los avances de la inoculaci\u00f3n contra el coronavirus durante una conferencia de prensa ofrecida en Casa Rosada junto a titular de la cartera de Turismo y Deportes, Mat\u00edas Lammens.<\/p>\n\n\n\n<p>Vizzotti indic\u00f3 tambi\u00e9n que el contrato con la empresa Pfazer \u201cse est\u00e1 cumpliendo en tiempo y forma\u201d y antici\u00f3 que la Argentina vacunar\u00e1 contra el coronavirus a los extranjeros que vengan a hacer turismo, al anunciar nuevas aperturas sanitarias e informar sobre los avances de la campa\u00f1a de inmunizaci\u00f3n durante una conferencia de prensa ofrecida en Casa Rosada junto a titular de la cartera de Turismo y Deportes, Mat\u00edas Lammens.<\/p>\n\n\n\n<p><\/p>\n\n\n\n<p><strong>Salud present\u00f3 la semana de la vacunaci\u00f3n en toda la provincia<\/strong><\/p>\n\n\n\n<p>Hasta el 31 de octubre se desarrollar\u00e1 la campa\u00f1a #AhoraEsElMomento que busca fortalecer la importancia de recibir las vacunas del Calendario Nacional de Vacunaci\u00f3n.<\/p>\n\n\n\n<div class=\"wp-block-image\"><figure class=\"aligncenter size-large\"><a href=\"https:\/\/morenoprimero.com.ar\/wp-content\/uploads\/2021\/10\/1.jpeg\"><img loading=\"lazy\" decoding=\"async\" width=\"1024\" height=\"1024\" src=\"https:\/\/morenoprimero.com.ar\/wp-content\/uploads\/2021\/10\/1-1024x1024.jpeg\" alt=\"\" class=\"wp-image-20131\" srcset=\"https:\/\/morenoprimero.com.ar\/archivo\/wp-content\/uploads\/2021\/10\/1-1024x1024.jpeg 1024w, https:\/\/morenoprimero.com.ar\/archivo\/wp-content\/uploads\/2021\/10\/1-300x300.jpeg 300w, https:\/\/morenoprimero.com.ar\/archivo\/wp-content\/uploads\/2021\/10\/1-150x150.jpeg 150w, https:\/\/morenoprimero.com.ar\/archivo\/wp-content\/uploads\/2021\/10\/1-768x768.jpeg 768w, https:\/\/morenoprimero.com.ar\/archivo\/wp-content\/uploads\/2021\/10\/1.jpeg 1280w\" sizes=\"auto, (max-width: 1024px) 100vw, 1024px\" \/><\/a><\/figure><\/div>\n\n\n\n<p>El ministerio de Salud de la Provincia present\u00f3 la Semana de la Vacunaci\u00f3n que busca concientizar a la poblaci\u00f3n sobre la importancia de iniciar o completar los esquemas de vacunas del Calendario Nacional para evitar la reaparici\u00f3n de enfermedades. Con una bater\u00eda de actividades en Regiones, Municipios y un ciclo de Conversatorios Virtuales se busca facilitar el acceso de adultos y chicos a las vacunas del calendario, que son obligatorias y gratuitas.<\/p>\n\n\n\n<p>Durante esta semana, los equipos de Salud saldr\u00e1n a vacunar Casa por Casa para recuperar las coberturas de vacunaci\u00f3n del calendario que disminuyeron a ra\u00edz de la pandemia. Los profesionales sanitarios desplegar\u00e1n postas itinerantes de vacunaci\u00f3n en Escuelas, Clubes, Plazas y en espacios de alto tr\u00e1nsito, como shoppings.<\/p>\n\n\n\n<p>En simult\u00e1neo se impulsar\u00e1n numerosas iniciativas para acercar a la poblaci\u00f3n a los m\u00e1s de 2 mil centros de salud municipales y hospitales provinciales con vacunatorios que, actualmente, cuentan con todas las vacunas del Calendario Nacional.<\/p>\n\n\n\n<p>A la vez, se realizar\u00e1n m\u00faltiples actividades de promoci\u00f3n que incluyen campa\u00f1as de difusi\u00f3n en TV, Radio, Redes Sociales y se instalar\u00e1n postas de prevenci\u00f3n y promoci\u00f3n. Tambi\u00e9n se desarrollar\u00e1n reuniones de informaci\u00f3n y difusi\u00f3n con sociedades cient\u00edficas, colegios de m\u00e9dicos, entre otras instituciones sanitarias.<\/p>\n\n\n\n<p>El Calendario Nacional que rige en Argentina y es modelo en Latinoam\u00e9rica contiene 19 vacunas obligatorias y gratuitas para proteger de m\u00faltiples enfermedades a beb\u00e9s, ni\u00f1os, ni\u00f1as, adolescentes y adultos. A partir de la estrategia de inmunizaci\u00f3n que se realiza mediante el Calendario Nacional, el pa\u00eds se mantiene libre de enfermedades como poliomielitis, rub\u00e9ola y sarampi\u00f3n, entre muchas otras.<\/p>\n\n\n\n<p>Se puede acceder a los centros de vacunaci\u00f3n ingresando en <a href=\"http:\/\/www.gba.gob.ar\/vacunaci\u00f3n\" target=\"_blank\" rel=\"noreferrer noopener\">www.gba.gob.ar\/vacunaci\u00f3n<\/a>.<\/p>\n","protected":false},"excerpt":{"rendered":"<p>En Moreno ya se aplicaron 358.766 vacunas contra el COVID-19 correspondientes a la primera dosis y 266.997 a la segunda. La ministra de Salud anunci\u00f3 nuevas aperturas sanitarias, afirm\u00f3 que Argentina tiene \u201cun alto nivel de inmunizaci\u00f3n por haber avanzado &hellip; <a href=\"https:\/\/morenoprimero.com.ar\/archivo\/vizzotti-anuncio-que-se-comenzaran-a-aplicar-terceras-dosis-de-vacunas\/\">Sigue leyendo <span class=\"meta-nav\">&rarr;<\/span><\/a><\/p>\n","protected":false},"author":6,"featured_media":20132,"comment_status":"closed","ping_status":"closed","sticky":false,"template":"","format":"standard","meta":{"footnotes":""},"categories":[2330],"tags":[94,6],"class_list":["post-20130","post","type-post","status-publish","format-standard","has-post-thumbnail","hentry","category-nacional","tag-covid-19","tag-moreno"],"_links":{"self":[{"href":"https:\/\/morenoprimero.com.ar\/archivo\/wp-json\/wp\/v2\/posts\/20130","targetHints":{"allow":["GET"]}}],"collection":[{"href":"https:\/\/morenoprimero.com.ar\/archivo\/wp-json\/wp\/v2\/posts"}],"about":[{"href":"https:\/\/morenoprimero.com.ar\/archivo\/wp-json\/wp\/v2\/types\/post"}],"author":[{"embeddable":true,"href":"https:\/\/morenoprimero.com.ar\/archivo\/wp-json\/wp\/v2\/users\/6"}],"replies":[{"embeddable":true,"href":"https:\/\/morenoprimero.com.ar\/archivo\/wp-json\/wp\/v2\/comments?post=20130"}],"version-history":[{"count":1,"href":"https:\/\/morenoprimero.com.ar\/archivo\/wp-json\/wp\/v2\/posts\/20130\/revisions"}],"predecessor-version":[{"id":20133,"href":"https:\/\/morenoprimero.com.ar\/archivo\/wp-json\/wp\/v2\/posts\/20130\/revisions\/20133"}],"wp:featuredmedia":[{"embeddable":true,"href":"https:\/\/morenoprimero.com.ar\/archivo\/wp-json\/wp\/v2\/media\/20132"}],"wp:attachment":[{"href":"https:\/\/morenoprimero.com.ar\/archivo\/wp-json\/wp\/v2\/media?parent=20130"}],"wp:term":[{"taxonomy":"category","embeddable":true,"href":"https:\/\/morenoprimero.com.ar\/archivo\/wp-json\/wp\/v2\/categories?post=20130"},{"taxonomy":"post_tag","embeddable":true,"href":"https:\/\/morenoprimero.com.ar\/archivo\/wp-json\/wp\/v2\/tags?post=20130"}],"curies":[{"name":"wp","href":"https:\/\/api.w.org\/{rel}","templated":true}]}}