{"id":20128,"date":"2021-10-26T08:21:42","date_gmt":"2021-10-26T11:21:42","guid":{"rendered":"https:\/\/morenoprimero.com.ar\/?p=20128"},"modified":"2021-10-26T08:21:42","modified_gmt":"2021-10-26T11:21:42","slug":"morenocumple-moreno-es-mi-casa-mi-lugar-en-el-mundo-el-lugar-donde-quiero-estar","status":"publish","type":"post","link":"https:\/\/morenoprimero.com.ar\/archivo\/morenocumple-moreno-es-mi-casa-mi-lugar-en-el-mundo-el-lugar-donde-quiero-estar\/","title":{"rendered":"#MorenoCumple: \u201cMoreno es mi casa, mi lugar en el mundo, el lugar donde quiero estar\u201d"},"content":{"rendered":"\n<p>En el marco del aniversario n\u00famero 157&nbsp; del municipio de Moreno, varias personalidades de distintos espacios expresaron lo que sienten en esta fecha siendo morenenses, contando brevemente su historia y sus deseos para la comunidad.<\/p>\n\n\n\n<p>Moreno Primero dialog\u00f3 con Juan Torrez, integrante\u00a0 de\u00a0 H.I.J.O.S Moreno, y Eminilano Morea, profesor y militante de la Agrupaci\u00f3n \u201cLa 14\u201d, quienes nos compartieron sus sentimientos por el distrito al que reconocen como su hogar.\u00a0<\/p>\n\n\n\n<p><strong>\u201cUn lugar de tranquilidad, un espacio donde pude encontrar ciertas cosas que en otros lugares no pude, un lugar de encuentros y reflexi\u00f3n, creo que es algo muy importante en mi vida, si bien no nac\u00ed aqu\u00ed, siendo hijo adoptivo de Moreno lo agradezco. No s\u00e9 si consciente, pero si sab\u00edamos que ten\u00edamos que estar en el territorio porque los organismos humanos dan otro empuje y otra impronta para actuar localmente y sabemos que hay muchas cosas que hacer que a\u00fan no se han hecho\u201d<\/strong>, dijo Juan Torres.<\/p>\n\n\n\n<p>Por su parte, Emiliano agreg\u00f3, <strong>\u201cMoreno para mi es mi casa, y uno a su casa siempre la quiere ver linda, ordenada y prolija y siempre trabaja y lucha y se esfuerza para que esa casa, dicen que, a la casa de uno, aunque tengas la m\u00e1s lindas uno siempre le puede agregar algo m\u00e1s, Moreno es igual, siempre va a haber algo que hacerle. Moreno es mi casa, mi lugar en el mundo, el lugar donde quiero estar\u201d<\/strong>.<\/p>\n\n\n\n<div class=\"wp-block-image\"><figure class=\"aligncenter size-full\"><a href=\"https:\/\/morenoprimero.com.ar\/wp-content\/uploads\/2021\/10\/WhatsApp-Image-2021-07-19-at-14.57.17-576x1024-1.jpeg\"><img loading=\"lazy\" decoding=\"async\" width=\"576\" height=\"1024\" src=\"https:\/\/morenoprimero.com.ar\/wp-content\/uploads\/2021\/10\/WhatsApp-Image-2021-07-19-at-14.57.17-576x1024-1.jpeg\" alt=\"\" class=\"wp-image-20121\" srcset=\"https:\/\/morenoprimero.com.ar\/archivo\/wp-content\/uploads\/2021\/10\/WhatsApp-Image-2021-07-19-at-14.57.17-576x1024-1.jpeg 576w, https:\/\/morenoprimero.com.ar\/archivo\/wp-content\/uploads\/2021\/10\/WhatsApp-Image-2021-07-19-at-14.57.17-576x1024-1-169x300.jpeg 169w\" sizes=\"auto, (max-width: 576px) 100vw, 576px\" \/><\/a><\/figure><\/div>\n\n\n\n<p>En cuanto a deseos, los entrevistado tuvieron un punto de encuentro, el trabajo en conjunto para continuar construyendo el Moreno que todos los vecinos y vecinas merecen, <strong>\u201cLa gesti\u00f3n de Mariel ha tomado el toro por las astas y ha hecho cosas b\u00e1sicas y no tan, como desde una luz a un parque o a una asfaltadora, a asistir a sus enfermos, tener un segundo hospital que por a\u00f1os se reclam\u00f3, de haber pasado una pandemia exitosamente, yo no s\u00e9 qu\u00e9 hubiese pasado si hubiera estado otra gente en el poder. Mi deseo para Moreno es que seamos como somos, que nos sepamos pueblo y que votemos con conciencia social como hasta ahora\u201d<\/strong>, dijo Juan.<strong>\u201cEn Moreno cambiaron muchas cosas, el ambiente que hay en Moreno es otro, la gente cree que no todos los pol\u00edticos vienen a llenarse los bolsillos o s\u00f3lo les interesa sus intereses pol\u00edticos. Se hicieron un mont\u00f3n de cosas, salud, ambiente, obras y servicios, deportes, est\u00e1n todas las \u00e1reas trabajando para la comunidad. Mi deseo para Moreno es que florezcan mil flores, que sigan floreciendo esas mil flores que la compa\u00f1era un d\u00eda dijo y que todos los militantes sigamos luchando por lo que amamos y no bajamos los brazos\u201d, <\/strong>cerr\u00f3 diciendo Emilianol.<\/p>\n","protected":false},"excerpt":{"rendered":"<p>En el marco del aniversario n\u00famero 157&nbsp; del municipio de Moreno, varias personalidades de distintos espacios expresaron lo que sienten en esta fecha siendo morenenses, contando brevemente su historia y sus deseos para la comunidad. Moreno Primero dialog\u00f3 con Juan &hellip; <a href=\"https:\/\/morenoprimero.com.ar\/archivo\/morenocumple-moreno-es-mi-casa-mi-lugar-en-el-mundo-el-lugar-donde-quiero-estar\/\">Sigue leyendo <span class=\"meta-nav\">&rarr;<\/span><\/a><\/p>\n","protected":false},"author":6,"featured_media":20126,"comment_status":"closed","ping_status":"closed","sticky":false,"template":"","format":"standard","meta":{"footnotes":""},"categories":[2,2328],"tags":[609,3301,3299,6],"class_list":["post-20128","post","type-post","status-publish","format-standard","has-post-thumbnail","hentry","category-destacadas","category-local","tag-aniversario","tag-eminilano-morea","tag-juan-torrez","tag-moreno"],"_links":{"self":[{"href":"https:\/\/morenoprimero.com.ar\/archivo\/wp-json\/wp\/v2\/posts\/20128","targetHints":{"allow":["GET"]}}],"collection":[{"href":"https:\/\/morenoprimero.com.ar\/archivo\/wp-json\/wp\/v2\/posts"}],"about":[{"href":"https:\/\/morenoprimero.com.ar\/archivo\/wp-json\/wp\/v2\/types\/post"}],"author":[{"embeddable":true,"href":"https:\/\/morenoprimero.com.ar\/archivo\/wp-json\/wp\/v2\/users\/6"}],"replies":[{"embeddable":true,"href":"https:\/\/morenoprimero.com.ar\/archivo\/wp-json\/wp\/v2\/comments?post=20128"}],"version-history":[{"count":1,"href":"https:\/\/morenoprimero.com.ar\/archivo\/wp-json\/wp\/v2\/posts\/20128\/revisions"}],"predecessor-version":[{"id":20129,"href":"https:\/\/morenoprimero.com.ar\/archivo\/wp-json\/wp\/v2\/posts\/20128\/revisions\/20129"}],"wp:featuredmedia":[{"embeddable":true,"href":"https:\/\/morenoprimero.com.ar\/archivo\/wp-json\/wp\/v2\/media\/20126"}],"wp:attachment":[{"href":"https:\/\/morenoprimero.com.ar\/archivo\/wp-json\/wp\/v2\/media?parent=20128"}],"wp:term":[{"taxonomy":"category","embeddable":true,"href":"https:\/\/morenoprimero.com.ar\/archivo\/wp-json\/wp\/v2\/categories?post=20128"},{"taxonomy":"post_tag","embeddable":true,"href":"https:\/\/morenoprimero.com.ar\/archivo\/wp-json\/wp\/v2\/tags?post=20128"}],"curies":[{"name":"wp","href":"https:\/\/api.w.org\/{rel}","templated":true}]}}