{"id":20080,"date":"2021-10-25T13:15:02","date_gmt":"2021-10-25T16:15:02","guid":{"rendered":"https:\/\/morenoprimero.com.ar\/?p=20080"},"modified":"2021-10-25T13:45:22","modified_gmt":"2021-10-25T16:45:22","slug":"moreno-cumple-es-muy-importante-para-nuestra-sociedad-que-existan-proyectos-de-construccion-colectiva","status":"publish","type":"post","link":"https:\/\/morenoprimero.com.ar\/archivo\/moreno-cumple-es-muy-importante-para-nuestra-sociedad-que-existan-proyectos-de-construccion-colectiva\/","title":{"rendered":"#MorenoCumple: \u201cEs muy importante para nuestra sociedad que existan proyectos de construcci\u00f3n colectiva\u201d"},"content":{"rendered":"\n<p><strong>En el 157\u00ba aniversario del Municipio de Moreno, diferentes personalidades locales dialogaron con Moreno Primero y contaron sus sensaciones como moreneses. Dos de ellos son reconocidos artistas locales: Hern\u00e1n Tulissi, actualmente director de Museos de Moreno, y Jos\u00e9 Batist\u00edn, director de la Orquesta de M\u00fasica Popular \u201cRa\u00edces\u201d.<\/strong><\/p>\n\n\n\n<p><strong>Hern\u00e1n Tuliss<\/strong>i recorri\u00f3 el mundo llevando la m\u00fasica argentina. Moreno es su pago chico, y lleva a cabo una tarea imperiosa para mantener y preservar el pasado y revivir la cultura.<\/p>\n\n\n\n<p>Para Hern\u00e1n, Moreno significa una historia familiar de padres, abuelos, familia y vecinos de muchos a\u00f1os. \u201c<strong>Moreno significa much\u00edsimo y dir\u00eda que es mi lugar en el mundo, a pesar de que tengo muchos que amo profundamente, pero mis ra\u00edces est\u00e1n en este suelo<\/strong>\u201d, cuenta el artista morenense y, en ese sentido, a\u00f1ade: \u201cTransit\u00e9 toda mi vida estas calles y trat\u00e9, con mi m\u00fasica, de llevar por el mundo el nombre Moreno\u201d, asegura.<\/p>\n\n\n\n<p>Actualmente, es el<strong> director de Museos Municipales<\/strong> y explica que lleg\u00f3 a esta instancia de su trabajo \u201cpor<strong> haber defendido la historia local y la cultura morenense por mucho tiempo, siempre haciendo investigaciones con grandes maestros que considero y consider\u00e9 que nos precedieron aqu\u00ed en Moreno<\/strong>, como as\u00ed tambi\u00e9n por mi tarea siempre de investigaci\u00f3n, andando por el mundo investigando historias de todo tipo\u00bb. Luego, se dio la <strong>defensa del Molina Campos<\/strong>, donde Hern\u00e1n encabez\u00f3 &nbsp;la asamblea que se constituy\u00f3 con un grupo de vecinos y, a ra\u00edz de eso, surgi\u00f3 esa posibilidad de la direcci\u00f3n de los Museos Municipales, \u00abque quiero tanto y que espero estar a la altura de las circunstancias y defender.\u201d<\/p>\n\n\n\n<div class=\"wp-block-image\"><figure class=\"aligncenter\"><img decoding=\"async\" src=\"https:\/\/scontent.fepa1-1.fna.fbcdn.net\/v\/t1.18169-9\/3117_1120421860104_3476373_n.jpg?_nc_cat=102&amp;ccb=1-5&amp;_nc_sid=de6eea&amp;_nc_eui2=AeGpM0xcJePAbTFPJRVp2Z-iEml4sDBfpNASaXiwMF-k0GRyVpxL6bxIoup9YogHR7E&amp;_nc_ohc=VaYeKb_aeGkAX-YXoRo&amp;_nc_ht=scontent.fepa1-1.fna&amp;oh=5c06927902cf16ec338da04acf096823&amp;oe=619A62BA\" alt=\"No hay ninguna descripci\u00f3n de la foto disponible.\"\/><\/figure><\/div>\n\n\n\n<p>\u201c<strong>Necesitamos eso los morenenses, destacar y revivir la cultura, el pasado, el presente y el futuro<\/strong>\u201d, considera el director de Museos, y asegura que \u201ces important\u00edsima la tarea de puesta en valor de los museos municipales. Es importante por lo que dec\u00eda en el punto anterior, <strong>consustanciarnos con la historia, con los que pasaron antes que nosotros por este suelo, y defender el patrimonio edilicio e inmaterial y la cultura en general. Por tanto, soy consciente de lo importante que es para el Municipio y trato de estar a la altura de las circunstancias, en esa relaci\u00f3n causa y efecto, cuyo efecto tiene que ser trabajar por la comunidad que uno ama y donde vive<\/strong>\u00ab.<\/p>\n\n\n\n<p>Por otro lado, <strong>Hern\u00e1n ve que, en Moreno, \u201cen los \u00faltimos dos a\u00f1os hay una transparencia en un mont\u00f3n de cosas que es muy importante, como as\u00ed tambi\u00e9n ve que hay muchas obras<\/strong>\u201d, y aclara: <strong>\u00abNo lo digo en condici\u00f3n de pertenecer al ejecutivo municipal&nbsp;en este momento, sino porque verdaderamente se ven. Uno habla todo el tiempo con los vecinos tambi\u00e9n y se ven las obras, siempre por supuesto que falta, pero lo importante es que cuando hay voluntad pol\u00edtica las cosas se llevan adelante y, por supuesto, hay acompa\u00f1amiento. Esto se hace entre todos y as\u00ed est\u00e1 siendo y as\u00ed ha de ser, sin mezquindades por el bien com\u00fan. En definitiva, de eso se trata la pol\u00edtica, y eso se ve reflejado en el Concejo Deliberante, en el Ejecutivo y en diferentes \u00e1reas<\/strong>\u201d. As\u00ed, cree que han cambiado \u201cpara bien\u201d las cosas en Moreno.<\/p>\n\n\n\n<div class=\"wp-block-image\"><figure class=\"aligncenter\"><img decoding=\"async\" src=\"https:\/\/scontent.fepa1-1.fna.fbcdn.net\/v\/t1.18169-9\/10645045_10204834673736007_7132434181730184632_n.jpg?_nc_cat=107&amp;ccb=1-5&amp;_nc_sid=e3f864&amp;_nc_eui2=AeFahztPTsVfvzFK0bNwiFBmVxjeyXvZ881XGN7Je9nzzSnfBO8VCvtpnu0EW81uGoA&amp;_nc_ohc=hWebfb4_SRsAX-_5aaV&amp;_nc_oc=AQmrO4JTh0nijIbF_74ckVPNISoVAtkvUdncdQOCGKZ1rFrm7ZAIo03tYWfnO7ksTDs&amp;_nc_ht=scontent.fepa1-1.fna&amp;oh=e2ca4a2140c8013d4157363d32a30e30&amp;oe=619BF1BF\" alt=\"Puede ser una imagen de una persona\"\/><\/figure><\/div>\n\n\n\n<p>Tulissi deja un deseo para Moreno y es que \u201c<strong>sea esa tierra que anhelaron nuestros mayores de paz, de prosperidad, de trabajo, de vecinos de manos tendidas<\/strong>\u201d y si bien \u201c<strong>Moreno creci\u00f3 mucho en estos \u00faltimos a\u00f1os y a veces cuesta generar ese sentido de pertenencia<\/strong>\u201d, Hern\u00e1n asegura que \u201cac\u00e1 se ve el pueblo, hay gente de trabajo, y vamos en este sentido, todos encaminados hacia el futuro, sin perder de vista, como dec\u00eda al principio, las tradiciones y la historia, porque hay que saber de donde uno viene para saber a donde va\u201d. Por \u00faltimo, asegura que&nbsp;\u201ce<strong>l cambio de cualquier comunidad tiene que venir desde abajo, desde las bases, la gente simple y de a pie ser\u00e1n los due\u00f1os del ma\u00f1ana y transformadores del futuro, eso seremos porque soy uno de ellos<\/strong>\u00ab.<\/p>\n\n\n\n<p>Por su parte, <strong>Jos\u00e9 Batist\u00edn es el director de la Orquesta de M\u00fasica Popular \u201cRa\u00edces<\/strong>\u201d<strong> <\/strong>que, en el a\u00f1o 2007, con su primera sede en La Reja,&nbsp;&nbsp;comenz\u00f3 un sue\u00f1o que supo hacer&nbsp;realidad.&nbsp;La m\u00fasica, para ellas y ellos, es una herramienta de transformaci\u00f3n grupal e individual y, en ese sentido, la m\u00fasica \u201ces la excusa\u201d para desarrollar un impecable trabajo comunitario.&nbsp; <\/p>\n\n\n\n<p>Jos\u00e9 siempre vivi\u00f3 en Moreno, pas\u00f3 su infancia y su juventud, tiene sus amistades, nacieron sus hijos y trabaj\u00f3 como docente y m\u00fasico. \u201cMoreno significa identidad, familia, amistad, m\u00fasica, barrio y potrero, alegr\u00edas y tristezas, trabajo y diversi\u00f3n,<strong> Moreno es mi pueblo que se convirti\u00f3 en una enorme ciudad con un andar dif\u00edcil<\/strong>\u201d, asegura el director.<\/p>\n\n\n\n<div class=\"wp-block-image\"><figure class=\"aligncenter size-full\"><a href=\"https:\/\/morenoprimero.com.ar\/wp-content\/uploads\/2021\/06\/Orquesta-Raices.jpg\"><img loading=\"lazy\" decoding=\"async\" width=\"890\" height=\"470\" src=\"https:\/\/morenoprimero.com.ar\/wp-content\/uploads\/2021\/06\/Orquesta-Raices.jpg\" alt=\"\" class=\"wp-image-13388\" srcset=\"https:\/\/morenoprimero.com.ar\/archivo\/wp-content\/uploads\/2021\/06\/Orquesta-Raices.jpg 890w, https:\/\/morenoprimero.com.ar\/archivo\/wp-content\/uploads\/2021\/06\/Orquesta-Raices-300x158.jpg 300w, https:\/\/morenoprimero.com.ar\/archivo\/wp-content\/uploads\/2021\/06\/Orquesta-Raices-768x406.jpg 768w, https:\/\/morenoprimero.com.ar\/archivo\/wp-content\/uploads\/2021\/06\/Orquesta-Raices-390x205.jpg 390w\" sizes=\"auto, (max-width: 890px) 100vw, 890px\" \/><\/a><\/figure><\/div>\n\n\n\n<p>Cuenta que sus padres lo mandaron a aprender guitarra cuando ten\u00eda 10 a\u00f1os y expresa: \u201c<strong>Quiero aprovechar esta ocasi\u00f3n para homenajear a mi primer profesor, Prudencio Alfredo Gim\u00e9nez, \u201cPir\u00fa<\/strong>\u201d, quien sin duda marc\u00f3 mi vida, un gran m\u00fasico, \u00e9l y toda su familia, a quienes los morenenses les debemos un reconocimiento\u201d, y contin\u00faa: \u201cPir\u00fa me ense\u00f1\u00f3 a ser m\u00fasico, me subi\u00f3 a un escenario con tan solo 12 a\u00f1os y as\u00ed empez\u00f3 todo. Luego fueron las formalidades, el conservatorio y el t\u00edtulo de profesor, la universidad y el t\u00edtulo de Licenciado en M\u00fasica, pero<strong> lo cierto es que lo esencial lo aprend\u00ed en mi barrio con el Pir\u00fa Gim\u00e9nez<\/strong>\u201d.<\/p>\n\n\n\n<p>Es por eso que el director de la Orquesta Ra\u00edces asegura: \u201c<strong>soy consciente y estoy convencido de que es muy importante para nuestra sociedad que existan proyectos de construcci\u00f3n colectiva donde se le d\u00e9 a las personas un espacio de participaci\u00f3n, donde pensemos que otro mundo es posible y nos pensemos desde nuestra propia identidad, sin querer parecernos a nadie, donde no hagamos de todo un concurso para ver qui\u00e9n es el mejor y que se salve uno solo mientras los dem\u00e1s est\u00e1n condenados al fracaso<\/strong>\u201d. <strong>As\u00ed fue concebida la Orquesta de M\u00fasica Popular Ra\u00edces, \u201cy lo cierto es que la m\u00fasica y el arte en general son una herramienta formidable para poner en pr\u00e1ctica todos estos conceptos.<\/strong><\/p>\n\n\n\n<p>Por otra parte, Jos\u00e9 ve c\u00f3mo en los dos \u00faltimos a\u00f1os cambi\u00f3 el mundo y &nbsp;\u201cla pandemia modific\u00f3 nuestras vidas\u201d. Sin embargo, \u201ca pesar de eso, <strong>en Moreno veo mucha m\u00e1s presencia del Estado en las calles, mucha obra p\u00fablica que hace a\u00f1os estaba postergada\u201d y, por su parte, hay un deseo especial para la localidad, y es que \u201chaya una orquesta en cada barrio\u201d.<\/strong><\/p>\n","protected":false},"excerpt":{"rendered":"<p>En el 157\u00ba aniversario del Municipio de Moreno, diferentes personalidades locales dialogaron con Moreno Primero y contaron sus sensaciones como moreneses. Dos de ellos son reconocidos artistas locales: Hern\u00e1n Tulissi, actualmente director de Museos de Moreno, y Jos\u00e9 Batist\u00edn, director &hellip; <a href=\"https:\/\/morenoprimero.com.ar\/archivo\/moreno-cumple-es-muy-importante-para-nuestra-sociedad-que-existan-proyectos-de-construccion-colectiva\/\">Sigue leyendo <span class=\"meta-nav\">&rarr;<\/span><\/a><\/p>\n","protected":false},"author":6,"featured_media":20090,"comment_status":"closed","ping_status":"closed","sticky":false,"template":"","format":"standard","meta":{"footnotes":""},"categories":[2,2328],"tags":[609,282,6,3294],"class_list":["post-20080","post","type-post","status-publish","format-standard","has-post-thumbnail","hentry","category-destacadas","category-local","tag-aniversario","tag-hernan-tulissi","tag-moreno","tag-sebastian-batistin"],"_links":{"self":[{"href":"https:\/\/morenoprimero.com.ar\/archivo\/wp-json\/wp\/v2\/posts\/20080","targetHints":{"allow":["GET"]}}],"collection":[{"href":"https:\/\/morenoprimero.com.ar\/archivo\/wp-json\/wp\/v2\/posts"}],"about":[{"href":"https:\/\/morenoprimero.com.ar\/archivo\/wp-json\/wp\/v2\/types\/post"}],"author":[{"embeddable":true,"href":"https:\/\/morenoprimero.com.ar\/archivo\/wp-json\/wp\/v2\/users\/6"}],"replies":[{"embeddable":true,"href":"https:\/\/morenoprimero.com.ar\/archivo\/wp-json\/wp\/v2\/comments?post=20080"}],"version-history":[{"count":6,"href":"https:\/\/morenoprimero.com.ar\/archivo\/wp-json\/wp\/v2\/posts\/20080\/revisions"}],"predecessor-version":[{"id":20114,"href":"https:\/\/morenoprimero.com.ar\/archivo\/wp-json\/wp\/v2\/posts\/20080\/revisions\/20114"}],"wp:featuredmedia":[{"embeddable":true,"href":"https:\/\/morenoprimero.com.ar\/archivo\/wp-json\/wp\/v2\/media\/20090"}],"wp:attachment":[{"href":"https:\/\/morenoprimero.com.ar\/archivo\/wp-json\/wp\/v2\/media?parent=20080"}],"wp:term":[{"taxonomy":"category","embeddable":true,"href":"https:\/\/morenoprimero.com.ar\/archivo\/wp-json\/wp\/v2\/categories?post=20080"},{"taxonomy":"post_tag","embeddable":true,"href":"https:\/\/morenoprimero.com.ar\/archivo\/wp-json\/wp\/v2\/tags?post=20080"}],"curies":[{"name":"wp","href":"https:\/\/api.w.org\/{rel}","templated":true}]}}