{"id":20070,"date":"2021-10-25T13:16:30","date_gmt":"2021-10-25T16:16:30","guid":{"rendered":"https:\/\/morenoprimero.com.ar\/?p=20070"},"modified":"2021-10-25T13:45:07","modified_gmt":"2021-10-25T16:45:07","slug":"moreno-cumple-que-siga-avanzando-y-creciendo-como-ciudad","status":"publish","type":"post","link":"https:\/\/morenoprimero.com.ar\/archivo\/moreno-cumple-que-siga-avanzando-y-creciendo-como-ciudad\/","title":{"rendered":"#MorenoCumple: \u00abQue siga avanzando y creciendo como ciudad\u00bb"},"content":{"rendered":"\n<p><strong>En el 157\u00ba aniversario del Municipio de Moreno, diferentes personalidades locales dialogaron con Moreno Primero y contaron sus sensaciones como moreneses.<\/strong> Nadia B\u00e1ez, nadadora paral\u00edmpica que, a\u00f1o a a\u00f1o, demuestra su alto nivel en cada competencia, y Cintia Gaona, quien junto a vecinos y vecinas de Moreno y en articulaci\u00f3n con el Municipio, construy\u00f3 una plaza en el \u00fanico espacio verde que ten\u00eda su barrio.<\/p>\n\n\n\n<p><strong>Nadia B\u00e1ez<\/strong>&nbsp;es una deportista morenense que empez\u00f3 a nadar por recreaci\u00f3n.&nbsp;&nbsp;Siempre le gust\u00f3 hacer deporte y dio sus primeros pasos en las colonias de verano. De chica, le detectaron un tumor en las retinas que la llev\u00f3 a perder la visi\u00f3n de forma gradual hasta quedar ciega a los&nbsp;16 a\u00f1os, pero la pasi\u00f3n por lo que hace se mantuvo intacta y, a\u00f1o tras a\u00f1o, representa a todas y todos los argentinos de la mejor manera. Desde los Juegos Parapanamericanos de 2007, comenz\u00f3 a ganar sus primeras medallas y a imponer nuevas marcas en el equipo nacional.&nbsp;Su alto nivel fue demostrado en cada competencia, nada la detuvo, y en el a\u00f1o 2017 compiti\u00f3 con un embarazo de 8 meses. En el a\u00f1o 2019, vuelve de Lima con dos medallas de oro y dos de bronce y, este a\u00f1o, obtuvo marcas considerables en los Juegos Paral\u00edmpicos de Tokio.<\/p>\n\n\n\n<p>Para Nadia, Moreno es su casa, su lugar, y asegura que se siente c\u00f3moda en los distintos lugares de la localidad. \u201c<strong>Estar en Moreno es volver a los or\u00edgenes, es recordar constantemente un mont\u00f3n de cosas, situaciones, y an\u00e9cdotas<\/strong>\u201d, considera la deportista. Entre esos recuerdos, hay uno muy importante: el<strong> Programa Deportivo Especial del Municipio<\/strong>, porque ah\u00ed fue donde comenz\u00f3 a hacer deporte y  \u201cdesde ah\u00ed fui creciendo, investigando un poco m\u00e1s y buscando especializarme y profesionalizarme\u201d.<\/p>\n\n\n\n<p>Adem\u00e1s, para Nadia \u201c<strong>es un orgullo cuando hay un deportista morenense compitiendo<\/strong>\u00ab, como as\u00ed tambi\u00e9n resalta la importancia del desarrollo de otros deportistas morenenses \u201c<strong>porque se ve ah\u00ed todo el trabajo y el esfuerzo que hacen diariamente los profesores y los trabajadores del Municipio<\/strong>\u201d. Tambi\u00e9n son de suma importancia para la deportista \u201clos lugares que nos prestan, los clubes y&nbsp; las instalaciones\u201d para contribuir a ese desarrollo.<\/p>\n\n\n\n<p>Por otro lado, Nadia opina que \u201c<strong>la cuesti\u00f3n edilicia cambi\u00f3 mucho en estos \u00faltimos dos a\u00f1os, por ejemplo en el mejoramiento de los asfaltos, ya que ayuda un mont\u00f3n al tr\u00e1nsito y la circulaci\u00f3n<\/strong>\u201d, y otra obra importante para ella es el arreglo de las veredas \u201c<strong>porque se nos hace m\u00e1s f\u00e1cil transitar a las personas con discapacidad<\/strong>\u201d. Finalmente, deja un deseo para Moreno: \u201cQue se siga avanzando y que siga creciendo como ciudad\u201d.<\/p>\n\n\n\n<p>Tambi\u00e9n dialog\u00f3 con Moreno Primero <strong>Cintia Carreras<\/strong>, una vecina del barrio Gaona que, junto a vecinos y vecinas, construyeron una plaza en una canchita de f\u00fatbol barrial y su importancia es no solo por preservar uno de los pocos espacios verdes de su barrio, sino tambi\u00e9n porque se trata de una plaza construida sobre un predio que su padre, Tati, siempre cuid\u00f3 y mantuvo en \u00f3ptimas condiciones para que ni\u00f1os, ni\u00f1as y j\u00f3venes puedan encontrarse y jugar.<\/p>\n\n\n\n<p>Moreno es el lugar donde naci\u00f3, donde se crio, donde tiene todos sus afectos, y un lugar muy importante en su vida. Cintia naci\u00f3 rodeada de loa valores que le inculcaron sus padres: \u201cMi esencia es ser protectora, involucrarme en los problemas de la gente\u201d y si le dicen que su problema es hacer propios los problemas de los dem\u00e1s, ella cree todo lo contrario: \u201cPorque puedo ser emp\u00e1tica con los dem\u00e1s y no puedo hacer la mirada hacia otro lado cuando alguien necesita ayuda\u201d.<\/p>\n\n\n\n<div class=\"wp-block-image\"><figure class=\"aligncenter size-large\"><a href=\"https:\/\/morenoprimero.com.ar\/wp-content\/uploads\/2021\/10\/WhatsApp-Image-2021-10-25-at-11.01.03-AM.jpeg\"><img loading=\"lazy\" decoding=\"async\" width=\"768\" height=\"1024\" src=\"https:\/\/morenoprimero.com.ar\/wp-content\/uploads\/2021\/10\/WhatsApp-Image-2021-10-25-at-11.01.03-AM-768x1024.jpeg\" alt=\"\" class=\"wp-image-20072\" srcset=\"https:\/\/morenoprimero.com.ar\/archivo\/wp-content\/uploads\/2021\/10\/WhatsApp-Image-2021-10-25-at-11.01.03-AM-768x1024.jpeg 768w, https:\/\/morenoprimero.com.ar\/archivo\/wp-content\/uploads\/2021\/10\/WhatsApp-Image-2021-10-25-at-11.01.03-AM-225x300.jpeg 225w, https:\/\/morenoprimero.com.ar\/archivo\/wp-content\/uploads\/2021\/10\/WhatsApp-Image-2021-10-25-at-11.01.03-AM-1152x1536.jpeg 1152w, https:\/\/morenoprimero.com.ar\/archivo\/wp-content\/uploads\/2021\/10\/WhatsApp-Image-2021-10-25-at-11.01.03-AM.jpeg 1200w\" sizes=\"auto, (max-width: 768px) 100vw, 768px\" \/><\/a><\/figure><\/div>\n\n\n\n<p>Nunca se pregunt\u00f3 la importancia de su tarea para Moreno, \u201c<strong>porque no pienso a qui\u00e9n beneficia, sino que quiero ver mejoras, tengo compromiso social y calculo que, de esa manera, uno contribuye con el municipio<\/strong>\u201d. As\u00ed, siempre espera que lo que se haga sea para mejorar.<\/p>\n\n\n\n<p>\u201c<strong>A nosotros nos dieron una gran ayuda para poder seguir adelante con el sue\u00f1o de la plaza, nos escucharon en nuestro reclamo de no sacar el \u00fanico espacio verde que quedaba en el barrio y el cambio fue positivo<\/strong>\u201d, destaca la vecina morenense respecto del Municipio de Moreno, y deja un deseo para la localidad: \u201c<strong>Que se genere m\u00e1s trabajo, que hagan m\u00e1s plazas, que se escuche a m\u00e1s vecinos como nosotros para que no se sientan solos, porque si hay m\u00e1s plazas hay m\u00e1s chicos felices, m\u00e1s lugares de encuentro, m\u00e1s lugares para la familia, m\u00e1s a\u00fan hablando de lugares que fomenten la salud y el deporte<\/strong>\u201d.<\/p>\n","protected":false},"excerpt":{"rendered":"<p>En el 157\u00ba aniversario del Municipio de Moreno, diferentes personalidades locales dialogaron con Moreno Primero y contaron sus sensaciones como moreneses. Nadia B\u00e1ez, nadadora paral\u00edmpica que, a\u00f1o a a\u00f1o, demuestra su alto nivel en cada competencia, y Cintia Gaona, quien &hellip; <a href=\"https:\/\/morenoprimero.com.ar\/archivo\/moreno-cumple-que-siga-avanzando-y-creciendo-como-ciudad\/\">Sigue leyendo <span class=\"meta-nav\">&rarr;<\/span><\/a><\/p>\n","protected":false},"author":6,"featured_media":20110,"comment_status":"closed","ping_status":"closed","sticky":false,"template":"","format":"standard","meta":{"footnotes":""},"categories":[2,2328],"tags":[609,6,3293],"class_list":["post-20070","post","type-post","status-publish","format-standard","has-post-thumbnail","hentry","category-destacadas","category-local","tag-aniversario","tag-moreno","tag-nadia-baez-2"],"_links":{"self":[{"href":"https:\/\/morenoprimero.com.ar\/archivo\/wp-json\/wp\/v2\/posts\/20070","targetHints":{"allow":["GET"]}}],"collection":[{"href":"https:\/\/morenoprimero.com.ar\/archivo\/wp-json\/wp\/v2\/posts"}],"about":[{"href":"https:\/\/morenoprimero.com.ar\/archivo\/wp-json\/wp\/v2\/types\/post"}],"author":[{"embeddable":true,"href":"https:\/\/morenoprimero.com.ar\/archivo\/wp-json\/wp\/v2\/users\/6"}],"replies":[{"embeddable":true,"href":"https:\/\/morenoprimero.com.ar\/archivo\/wp-json\/wp\/v2\/comments?post=20070"}],"version-history":[{"count":7,"href":"https:\/\/morenoprimero.com.ar\/archivo\/wp-json\/wp\/v2\/posts\/20070\/revisions"}],"predecessor-version":[{"id":20113,"href":"https:\/\/morenoprimero.com.ar\/archivo\/wp-json\/wp\/v2\/posts\/20070\/revisions\/20113"}],"wp:featuredmedia":[{"embeddable":true,"href":"https:\/\/morenoprimero.com.ar\/archivo\/wp-json\/wp\/v2\/media\/20110"}],"wp:attachment":[{"href":"https:\/\/morenoprimero.com.ar\/archivo\/wp-json\/wp\/v2\/media?parent=20070"}],"wp:term":[{"taxonomy":"category","embeddable":true,"href":"https:\/\/morenoprimero.com.ar\/archivo\/wp-json\/wp\/v2\/categories?post=20070"},{"taxonomy":"post_tag","embeddable":true,"href":"https:\/\/morenoprimero.com.ar\/archivo\/wp-json\/wp\/v2\/tags?post=20070"}],"curies":[{"name":"wp","href":"https:\/\/api.w.org\/{rel}","templated":true}]}}