{"id":19980,"date":"2021-10-25T09:39:50","date_gmt":"2021-10-25T12:39:50","guid":{"rendered":"https:\/\/morenoprimero.com.ar\/?p=19980"},"modified":"2021-10-25T13:00:27","modified_gmt":"2021-10-25T16:00:27","slug":"feria-de-emprendedoras-y-jornada-de-cuidado-personal-y-ambiental-por-que-son-importantes-estos-espacios","status":"publish","type":"post","link":"https:\/\/morenoprimero.com.ar\/archivo\/feria-de-emprendedoras-y-jornada-de-cuidado-personal-y-ambiental-por-que-son-importantes-estos-espacios\/","title":{"rendered":"Feria de emprendedoras y jornada de cuidado personal y ambiental: \u00bfPor qu\u00e9 son importantes estos espacios?"},"content":{"rendered":"\n<h5 class=\"wp-block-heading\">En el marco de la jornada de promoci\u00f3n del cuidado personal y ambiental, emprendedoras feministas expusieron productos realizados por ellas mismas. En di\u00e1logo con Moreno Primero,\u00a0Wayra, responsable de la organizaci\u00f3n de la feria, expres\u00f3 por qu\u00e9  son importantes estos encuentros en donde se promueve el cuidado personal y ambiental.\u00a0<\/h5>\n\n\n\n<p>El pasado jueves 21 de octubre, se llev\u00f3 a cabo la jornada de promoci\u00f3n de cuidado personal y ambiental en la Plaza<strong> San Mart\u00edn<\/strong> de Moreno Centro. All\u00ed, se realiz\u00f3 una feria de emprendedoras, con el fin de exponer productos a precios accesibles, de 10 a 17 horas.\u00a0\u00a0<\/p>\n\n\n\n<p>Wayra, responsable de la jornada de promoci\u00f3n, explic\u00f3 que este espacio \u201c<strong>es importante para darle lugar a las feriantes\u201d<\/strong>, quienes hacen todo con sus manos y, adem\u00e1s, \u201c<strong>la jornada las conecta con el Estado, porque les podemos dar una herramienta de trabajo sin necesidad de que paguen por un puesto<\/strong>\u201d.\u00a0<\/p>\n\n\n\n<p>Adem\u00e1s, en la jornada, estudiantes de la escuela de peluquer\u00eda \u201c<strong>Bony<\/strong>\u201d ofrecieron cortes de pelo sin costo para las y los\u00a0morenenses\u00a0que pasaban por la plaza <strong>San Mart\u00edn<\/strong>. Gabriela, la directora <strong>del instituto, explic\u00f3: \u201cHacemos los cortes gratis. De esta manera, nuestros alumnos practican y tratamos de instalar la solidaridad<\/strong>\u201d, y agreg\u00f3: \u201c<strong>La gente reacciona y agradece. Algunas son familias numerosas y se hace dif\u00edcil costear un corte de pelo para todos los integrantes. La experiencia est\u00e1 buena para los estudiantes y se acercan a la comunidad<\/strong>\u201d.\u00a0<\/p>\n\n\n\n<div class=\"wp-block-image\"><figure class=\"aligncenter size-large\"><a href=\"https:\/\/morenoprimero.com.ar\/wp-content\/uploads\/2021\/10\/WhatsApp-Image-2021-10-22-at-15.38.49.jpeg\"><img loading=\"lazy\" decoding=\"async\" width=\"768\" height=\"1024\" src=\"https:\/\/morenoprimero.com.ar\/wp-content\/uploads\/2021\/10\/WhatsApp-Image-2021-10-22-at-15.38.49-768x1024.jpeg\" alt=\"\" class=\"wp-image-20004\" srcset=\"https:\/\/morenoprimero.com.ar\/archivo\/wp-content\/uploads\/2021\/10\/WhatsApp-Image-2021-10-22-at-15.38.49-768x1024.jpeg 768w, https:\/\/morenoprimero.com.ar\/archivo\/wp-content\/uploads\/2021\/10\/WhatsApp-Image-2021-10-22-at-15.38.49-225x300.jpeg 225w, https:\/\/morenoprimero.com.ar\/archivo\/wp-content\/uploads\/2021\/10\/WhatsApp-Image-2021-10-22-at-15.38.49-1152x1536.jpeg 1152w, https:\/\/morenoprimero.com.ar\/archivo\/wp-content\/uploads\/2021\/10\/WhatsApp-Image-2021-10-22-at-15.38.49.jpeg 1200w\" sizes=\"auto, (max-width: 768px) 100vw, 768px\" \/><\/a><\/figure><\/div>\n\n\n\n<p>La jornada de promoci\u00f3n del cuidado personal y ambiental, convocada por la Secretar\u00eda de Ambiente y Desarrollo Sostenible y por la Secretar\u00eda de Mujeres, G\u00e9neros y Diversidades de Moreno, ofrece productos sustentables, baratos y accesibles con educaci\u00f3n ambiental.\u00a0<\/p>\n\n\n\n<p>Uno de los emprendimientos que ofrec\u00eda la feria era el de Evelyn, oriunda de Barrio Sat\u00e9lite, quien ahora reside en Asunci\u00f3n. La emprendedora explic\u00f3 que hace un a\u00f1o comenz\u00f3 su emprendimiento de velas arom\u00e1ticas y veganas, ya que est\u00e1n hechas a base de cera de soja sin utilizar ning\u00fan derivado de petr\u00f3leo: \u201c<strong>Son de larga duraci\u00f3n, pueden llegar a conservarse hasta 15 d\u00edas si las prendes tan solo una hora por d\u00eda<\/strong>\u201d, asegur\u00f3 Evelyn.\u00a0<\/p>\n\n\n\n<div class=\"wp-block-image\"><figure class=\"aligncenter size-large\"><a href=\"https:\/\/morenoprimero.com.ar\/wp-content\/uploads\/2021\/10\/WhatsApp-Image-2021-10-22-at-15.38.30.jpeg\"><img loading=\"lazy\" decoding=\"async\" width=\"1024\" height=\"768\" src=\"https:\/\/morenoprimero.com.ar\/wp-content\/uploads\/2021\/10\/WhatsApp-Image-2021-10-22-at-15.38.30-1024x768.jpeg\" alt=\"\" class=\"wp-image-20005\" srcset=\"https:\/\/morenoprimero.com.ar\/archivo\/wp-content\/uploads\/2021\/10\/WhatsApp-Image-2021-10-22-at-15.38.30-1024x768.jpeg 1024w, https:\/\/morenoprimero.com.ar\/archivo\/wp-content\/uploads\/2021\/10\/WhatsApp-Image-2021-10-22-at-15.38.30-300x225.jpeg 300w, https:\/\/morenoprimero.com.ar\/archivo\/wp-content\/uploads\/2021\/10\/WhatsApp-Image-2021-10-22-at-15.38.30-768x576.jpeg 768w, https:\/\/morenoprimero.com.ar\/archivo\/wp-content\/uploads\/2021\/10\/WhatsApp-Image-2021-10-22-at-15.38.30-1536x1152.jpeg 1536w, https:\/\/morenoprimero.com.ar\/archivo\/wp-content\/uploads\/2021\/10\/WhatsApp-Image-2021-10-22-at-15.38.30.jpeg 1600w\" sizes=\"auto, (max-width: 1024px) 100vw, 1024px\" \/><\/a><\/figure><\/div>\n\n\n\n<p>Por otro lado, siguiendo con la l\u00ednea de productos de cuidado personal y ambiental, se encuentra Grisel, quien confecciona toallas y protectores diarios de tela que no da\u00f1an el medioambiente y ofrecen comodidad a las personas menstruantes. La emprendedora de Merlo explic\u00f3 que, cuando ella comenz\u00f3 a usar las toallas de tela, \u201c<strong>vi el menor bulto que hac\u00eda en basura y, de hecho, entr\u00e9 en raz\u00f3n porque pas\u00e9 por los basurales y me di cuenta de la cantidad de pa\u00f1ales y toallitas tiradas<\/strong>\u201d, y agreg\u00f3: \u201c<strong>Es un reemplazo viable y f\u00e1cil de realizar. Te ba\u00f1as, lo\u00a0lav\u00e1s\u00a0y lo\u00a0volv\u00e9s\u00a0a usar<\/strong>\u201d.\u00a0<\/p>\n\n\n\n<figure class=\"wp-block-gallery columns-2 is-cropped wp-block-gallery-1 is-layout-flex wp-block-gallery-is-layout-flex\"><ul class=\"blocks-gallery-grid\"><li class=\"blocks-gallery-item\"><figure><a href=\"https:\/\/morenoprimero.com.ar\/wp-content\/uploads\/2021\/10\/WhatsApp-Image-2021-10-21-at-13.44.46-1-576x1024.jpeg\"><img loading=\"lazy\" decoding=\"async\" width=\"576\" height=\"1024\" src=\"https:\/\/morenoprimero.com.ar\/wp-content\/uploads\/2021\/10\/WhatsApp-Image-2021-10-21-at-13.44.46-1-576x1024.jpeg\" alt=\"\" data-id=\"20008\" class=\"wp-image-20008\" srcset=\"https:\/\/morenoprimero.com.ar\/archivo\/wp-content\/uploads\/2021\/10\/WhatsApp-Image-2021-10-21-at-13.44.46-1-576x1024.jpeg 576w, https:\/\/morenoprimero.com.ar\/archivo\/wp-content\/uploads\/2021\/10\/WhatsApp-Image-2021-10-21-at-13.44.46-1-169x300.jpeg 169w, https:\/\/morenoprimero.com.ar\/archivo\/wp-content\/uploads\/2021\/10\/WhatsApp-Image-2021-10-21-at-13.44.46-1-768x1365.jpeg 768w, https:\/\/morenoprimero.com.ar\/archivo\/wp-content\/uploads\/2021\/10\/WhatsApp-Image-2021-10-21-at-13.44.46-1-864x1536.jpeg 864w, https:\/\/morenoprimero.com.ar\/archivo\/wp-content\/uploads\/2021\/10\/WhatsApp-Image-2021-10-21-at-13.44.46-1.jpeg 900w\" sizes=\"auto, (max-width: 576px) 100vw, 576px\" \/><\/a><\/figure><\/li><li class=\"blocks-gallery-item\"><figure><a href=\"https:\/\/morenoprimero.com.ar\/wp-content\/uploads\/2021\/10\/WhatsApp-Image-2021-10-21-at-13.37.11.jpeg\"><img loading=\"lazy\" decoding=\"async\" width=\"576\" height=\"1024\" src=\"https:\/\/morenoprimero.com.ar\/wp-content\/uploads\/2021\/10\/WhatsApp-Image-2021-10-21-at-13.37.11-576x1024.jpeg\" alt=\"\" data-id=\"20009\" data-full-url=\"https:\/\/morenoprimero.com.ar\/wp-content\/uploads\/2021\/10\/WhatsApp-Image-2021-10-21-at-13.37.11.jpeg\" data-link=\"https:\/\/morenoprimero.com.ar\/?attachment_id=20009\" class=\"wp-image-20009\" srcset=\"https:\/\/morenoprimero.com.ar\/archivo\/wp-content\/uploads\/2021\/10\/WhatsApp-Image-2021-10-21-at-13.37.11-576x1024.jpeg 576w, https:\/\/morenoprimero.com.ar\/archivo\/wp-content\/uploads\/2021\/10\/WhatsApp-Image-2021-10-21-at-13.37.11-169x300.jpeg 169w, https:\/\/morenoprimero.com.ar\/archivo\/wp-content\/uploads\/2021\/10\/WhatsApp-Image-2021-10-21-at-13.37.11-768x1365.jpeg 768w, https:\/\/morenoprimero.com.ar\/archivo\/wp-content\/uploads\/2021\/10\/WhatsApp-Image-2021-10-21-at-13.37.11-864x1536.jpeg 864w, https:\/\/morenoprimero.com.ar\/archivo\/wp-content\/uploads\/2021\/10\/WhatsApp-Image-2021-10-21-at-13.37.11.jpeg 900w\" sizes=\"auto, (max-width: 576px) 100vw, 576px\" \/><\/a><\/figure><\/li><\/ul><\/figure>\n\n\n\n<p>Entre las emprendedoras feriantes tambi\u00e9n se encontraba el emprendimiento \u00abAtrapate\u00bb de Lara y Ludmila, quienes expresaron: \u201c<strong>Todo comenz\u00f3 como un proyecto escolar\u00a0y desde hace cuatros a\u00f1os que llevamos a cabo el emprendimiento<\/strong>\u201d. Por otro lado, se ubicaba el emprendimiento \u00abYoshua Mates\u00bb de Wanda, quien dise\u00f1a y pinta mates y accesorios para regalar desde que comenz\u00f3 la pandemia: \u00ab<strong>Lo que m\u00e1s me gusta del\u00a0emprendimiento\u00a0es conocer gente y tener, de alguna forma, una conexi\u00f3n con mi pap\u00e1 que tambi\u00e9n era artesano y participaba de las ferias<\/strong>\u00ab.<\/p>\n\n\n\n<figure class=\"wp-block-gallery columns-2 is-cropped wp-block-gallery-2 is-layout-flex wp-block-gallery-is-layout-flex\"><ul class=\"blocks-gallery-grid\"><li class=\"blocks-gallery-item\"><figure><a href=\"https:\/\/morenoprimero.com.ar\/wp-content\/uploads\/2021\/10\/WhatsApp-Image-2021-10-21-at-13.36.34-576x1024.jpeg\"><img loading=\"lazy\" decoding=\"async\" width=\"576\" height=\"1024\" src=\"https:\/\/morenoprimero.com.ar\/wp-content\/uploads\/2021\/10\/WhatsApp-Image-2021-10-21-at-13.36.34-576x1024.jpeg\" alt=\"\" data-id=\"20006\" class=\"wp-image-20006\" srcset=\"https:\/\/morenoprimero.com.ar\/archivo\/wp-content\/uploads\/2021\/10\/WhatsApp-Image-2021-10-21-at-13.36.34-576x1024.jpeg 576w, https:\/\/morenoprimero.com.ar\/archivo\/wp-content\/uploads\/2021\/10\/WhatsApp-Image-2021-10-21-at-13.36.34-169x300.jpeg 169w, https:\/\/morenoprimero.com.ar\/archivo\/wp-content\/uploads\/2021\/10\/WhatsApp-Image-2021-10-21-at-13.36.34-768x1365.jpeg 768w, https:\/\/morenoprimero.com.ar\/archivo\/wp-content\/uploads\/2021\/10\/WhatsApp-Image-2021-10-21-at-13.36.34-864x1536.jpeg 864w, https:\/\/morenoprimero.com.ar\/archivo\/wp-content\/uploads\/2021\/10\/WhatsApp-Image-2021-10-21-at-13.36.34.jpeg 900w\" sizes=\"auto, (max-width: 576px) 100vw, 576px\" \/><\/a><\/figure><\/li><li class=\"blocks-gallery-item\"><figure><a href=\"https:\/\/morenoprimero.com.ar\/wp-content\/uploads\/2021\/10\/WhatsApp-Image-2021-10-21-at-12.48.45.jpeg\"><img loading=\"lazy\" decoding=\"async\" width=\"576\" height=\"1024\" src=\"https:\/\/morenoprimero.com.ar\/wp-content\/uploads\/2021\/10\/WhatsApp-Image-2021-10-21-at-12.48.45-576x1024.jpeg\" alt=\"\" data-id=\"20007\" data-full-url=\"https:\/\/morenoprimero.com.ar\/wp-content\/uploads\/2021\/10\/WhatsApp-Image-2021-10-21-at-12.48.45.jpeg\" data-link=\"https:\/\/morenoprimero.com.ar\/?attachment_id=20007\" class=\"wp-image-20007\" srcset=\"https:\/\/morenoprimero.com.ar\/archivo\/wp-content\/uploads\/2021\/10\/WhatsApp-Image-2021-10-21-at-12.48.45-576x1024.jpeg 576w, https:\/\/morenoprimero.com.ar\/archivo\/wp-content\/uploads\/2021\/10\/WhatsApp-Image-2021-10-21-at-12.48.45-169x300.jpeg 169w, https:\/\/morenoprimero.com.ar\/archivo\/wp-content\/uploads\/2021\/10\/WhatsApp-Image-2021-10-21-at-12.48.45-768x1365.jpeg 768w, https:\/\/morenoprimero.com.ar\/archivo\/wp-content\/uploads\/2021\/10\/WhatsApp-Image-2021-10-21-at-12.48.45-864x1536.jpeg 864w, https:\/\/morenoprimero.com.ar\/archivo\/wp-content\/uploads\/2021\/10\/WhatsApp-Image-2021-10-21-at-12.48.45.jpeg 900w\" sizes=\"auto, (max-width: 576px) 100vw, 576px\" \/><\/a><\/figure><\/li><\/ul><\/figure>\n\n\n\n<p>La jornada de promoci\u00f3n del cuidado personal y ambiental cuenta con 12 feriantes mujeres quienes buscan, a trav\u00e9s de este espacio, ofrecer sus productos y poder mantener a largo plazo sus emprendimientos. <\/p>\n","protected":false},"excerpt":{"rendered":"<p>En el marco de la jornada de promoci\u00f3n del cuidado personal y ambiental, emprendedoras feministas expusieron productos realizados por ellas mismas. En di\u00e1logo con Moreno Primero,\u00a0Wayra, responsable de la organizaci\u00f3n de la feria, expres\u00f3 por qu\u00e9 son importantes estos encuentros &hellip; <a href=\"https:\/\/morenoprimero.com.ar\/archivo\/feria-de-emprendedoras-y-jornada-de-cuidado-personal-y-ambiental-por-que-son-importantes-estos-espacios\/\">Sigue leyendo <span class=\"meta-nav\">&rarr;<\/span><\/a><\/p>\n","protected":false},"author":6,"featured_media":20013,"comment_status":"closed","ping_status":"closed","sticky":false,"template":"","format":"standard","meta":{"footnotes":""},"categories":[21],"tags":[3288,3289,368,772,6,17,2548,1372],"class_list":["post-19980","post","type-post","status-publish","format-standard","has-post-thumbnail","hentry","category-interes-general","tag-cuidado-ambiental","tag-cuidado-personal","tag-economia-popular","tag-feminismo","tag-moreno","tag-pandemia","tag-secretaria-de-ambiente-y-desarrollo-sostenible","tag-secretaria-de-mujeres-generos-y-diversidad"],"_links":{"self":[{"href":"https:\/\/morenoprimero.com.ar\/archivo\/wp-json\/wp\/v2\/posts\/19980","targetHints":{"allow":["GET"]}}],"collection":[{"href":"https:\/\/morenoprimero.com.ar\/archivo\/wp-json\/wp\/v2\/posts"}],"about":[{"href":"https:\/\/morenoprimero.com.ar\/archivo\/wp-json\/wp\/v2\/types\/post"}],"author":[{"embeddable":true,"href":"https:\/\/morenoprimero.com.ar\/archivo\/wp-json\/wp\/v2\/users\/6"}],"replies":[{"embeddable":true,"href":"https:\/\/morenoprimero.com.ar\/archivo\/wp-json\/wp\/v2\/comments?post=19980"}],"version-history":[{"count":4,"href":"https:\/\/morenoprimero.com.ar\/archivo\/wp-json\/wp\/v2\/posts\/19980\/revisions"}],"predecessor-version":[{"id":20069,"href":"https:\/\/morenoprimero.com.ar\/archivo\/wp-json\/wp\/v2\/posts\/19980\/revisions\/20069"}],"wp:featuredmedia":[{"embeddable":true,"href":"https:\/\/morenoprimero.com.ar\/archivo\/wp-json\/wp\/v2\/media\/20013"}],"wp:attachment":[{"href":"https:\/\/morenoprimero.com.ar\/archivo\/wp-json\/wp\/v2\/media?parent=19980"}],"wp:term":[{"taxonomy":"category","embeddable":true,"href":"https:\/\/morenoprimero.com.ar\/archivo\/wp-json\/wp\/v2\/categories?post=19980"},{"taxonomy":"post_tag","embeddable":true,"href":"https:\/\/morenoprimero.com.ar\/archivo\/wp-json\/wp\/v2\/tags?post=19980"}],"curies":[{"name":"wp","href":"https:\/\/api.w.org\/{rel}","templated":true}]}}