{"id":19975,"date":"2021-10-25T09:32:25","date_gmt":"2021-10-25T12:32:25","guid":{"rendered":"https:\/\/morenoprimero.com.ar\/?p=19975"},"modified":"2021-10-25T10:08:13","modified_gmt":"2021-10-25T13:08:13","slug":"moreno-cumple-157-anos","status":"publish","type":"post","link":"https:\/\/morenoprimero.com.ar\/archivo\/moreno-cumple-157-anos\/","title":{"rendered":"Moreno cumple 157 a\u00f1os"},"content":{"rendered":"\n<p>Desde los primeros pueblos originarios, pasando por la \u00e9poca colonial, las batallas del siglo XIX, la vida de Amancio Alcorta, la llegada del ferrocarril, la fundaci\u00f3n del Municipio, hasta llegar a la actualidad. Moreno tiene una historia rica y valiosa.<\/p>\n\n\n\n<p>El suelo morenense tiene toda una historia que antecede a su constituci\u00f3n en Municipio y comienza con los pueblos originarios que habitaban las tierras bonaerenses: los Querand\u00edes.<br><br>Desde la \u00e9poca colonial, pasaron por estas tierras cientos de hombres que atravesaban el Camino Real en direcci\u00f3n a la Villa de Luj\u00e1n. Del siglo XVIII, data la construcci\u00f3n del Puente M\u00e1rquez, que cruzaba el R\u00edo de las Conchas, actual R\u00edo Reconquista y, del siglo XIX, datan importantes batallas que libraron primero Lavalle y luego Urquiza contra Juan Manuel de Rosas, conocidas respectivamente como la \u201cBatalla del Puente M\u00e1rquez\u201d y la \u201cBatalla de Los Campos de \u00c1lvarez\u201d.<\/p>\n\n\n\n<figure class=\"wp-block-image\"><img decoding=\"async\" src=\"https:\/\/4.bp.blogspot.com\/-ya1gV5SPkR0\/VA9FuTwxe2I\/AAAAAAAAB_k\/sWD0iUbQYs0\/s1600\/DSC01564.jpg\" alt=\"LA BATALLA EN LOS CAMPOS DE \u00c1LVAREZ. EL GENIO MILITAR DE URQUIZA DECIDE EL  TRIUNFO EN CASEROS.\"\/><\/figure>\n\n\n\n<p><strong>La vida de Amancio Alcorta ligada a la historia de Moreno<\/strong><\/p>\n\n\n\n<p><strong>Amancio Alcorta proviene de una familia ilustre. Adem\u00e1s de sus estudios en m\u00fasica, fue un pol\u00edtico argentino que ocup\u00f3 cargos en diferentes provincias. En 1853, se radica en Buenos Aires y ocupa el cargo de senador por Santiago del Estero, su provincia natal.&nbsp;<\/strong><\/p>\n\n\n\n<p>Alcorta era propietario de gran parte de tierras que pertenec\u00edan, en aquel entonces, a la Villa de Luj\u00e1n. En 1860, dona parte de sus propiedades para instalar la estaci\u00f3n de Moreno, por donde pasar\u00eda el primer ferrocarril de la provincia y donde se producir\u00eda la primera comunicaci\u00f3n telegr\u00e1fica en Argentina, desde la Estaci\u00f3n Del Parque a la Moreno.&nbsp;<strong>As\u00ed, la historia patricia lo condecora como el \u201cfundador del pueblo\u201d.&nbsp;<\/strong><\/p>\n\n\n\n<div class=\"wp-block-image\"><figure class=\"aligncenter\"><img decoding=\"async\" src=\"https:\/\/media.historiahoy.com.ar\/adjuntos\/231\/imagenes\/000\/009\/0000009862.jpg?0000-00-00-00-00-00\" alt=\"\"\/><\/figure><\/div>\n\n\n\n<p>Sin embargo,<strong>&nbsp;Scalabrini Ortiz<\/strong>, quien se destac\u00f3 por su aporte al revisionismo hist\u00f3rico en&nbsp;Argentina<strong>,&nbsp;en&nbsp;su libro \u201cLa historia de los ferrocarriles argentinos\u201d, explica que Amancio Alcorta no fue el fundador de Moreno, sino un pol\u00edtico que lucr\u00f3 con las tierras.&nbsp;&nbsp;<\/strong><\/p>\n\n\n\n<p>Alcorta, por ser senador de la naci\u00f3n, sab\u00eda que pasar\u00eda por all\u00ed el tren. Gracias a sus contactos de aquel entonces, obtuvo las tierras con fines lucrativos. Seg\u00fan cita Scalabrini Ortiz al c\u00f3nsul brit\u00e1nico Thomas Hutchinson, Alcorta compr\u00f3 las tierras a 6 libras por cuadra y, luego de la instalaci\u00f3n del ferrocarril, la vendi\u00f3 a 315 libras por cuadra.&nbsp;<\/p>\n\n\n\n<p>Seg\u00fan lo expuesto, Alcorta no don\u00f3 cuatro manzanas de terreno para el ferrocarril, sino que las devolvi\u00f3 al Estado nacional.&nbsp;<\/p>\n\n\n\n<p>E<strong>l ferrocaril y la fundaci\u00f3n de Moreno<\/strong><\/p>\n\n\n\n<p>En la segunda mitad del siglo XIX, llegaba el primer ferrocarril de la provincia que iba a llegar hasta la Villa de Luj\u00e1n y, por esta raz\u00f3n, se inaugura la estaci\u00f3n de Moreno, entre varias. Surgi\u00f3 alrededor de esa estaci\u00f3n una nueva comunidad dentro de Luj\u00e1n que, progresivamente, fue marcando sus diferencias con otras, ya que la poblaci\u00f3n aleda\u00f1a a la nueva estaci\u00f3n recibi\u00f3 gran influencia de la ciudad de Buenos Aires.&nbsp;<\/p>\n\n\n\n<p>Mariano Saavedra, el entonces gobernador de la provincia de Buenos Aires, decide que debe haber un mayor control pol\u00edtico y policial en el territorio<strong>.&nbsp;&nbsp;El 25 de octubre de 1864, el Senado de la Provincia de Buenos Aires aprob\u00f3 el proyecto de ley que divid\u00eda la provincia en cuarenta y cinco partidos, entre los que se encontraba Moreno<\/strong>. La Villa de Luj\u00e1n se fracciona y nace el partido de Mariano Moreno, cuyo nombre alude al pr\u00f3cer de la gesta revolucionaria. <\/p>\n\n\n\n<p>La extensi\u00f3n del&nbsp;distrito&nbsp;en sus primeros a\u00f1os de vida era mucho mayor a la actual. Antes de finalizar el siglo XIX, se crearon los partidos de General Rodr\u00edguez y General Sarmiento,  y producto de esto se quitaron tierras al partido Moreno.&nbsp;<\/p>\n\n\n\n<p><strong>Aquel lejano pueblito donde finalizaba el reci\u00e9n llegado ferrocarril, hoy en d\u00eda es una gran ciudad con m\u00e1s de medio mill\u00f3n de habitantes, y cumple 157 a\u00f1os de su nacimiento.&nbsp;<\/strong><\/p>\n\n\n\n<div class=\"wp-block-image\"><figure class=\"aligncenter\"><img decoding=\"async\" src=\"https:\/\/buenosairesinteligente.com.ar\/files\/images\/moreno-1.jpg\" alt=\"Buenos Aires Inteligente\"\/><\/figure><\/div>\n","protected":false},"excerpt":{"rendered":"<p>Desde los primeros pueblos originarios, pasando por la \u00e9poca colonial, las batallas del siglo XIX, la vida de Amancio Alcorta, la llegada del ferrocarril, la fundaci\u00f3n del Municipio, hasta llegar a la actualidad. Moreno tiene una historia rica y valiosa. &hellip; <a href=\"https:\/\/morenoprimero.com.ar\/archivo\/moreno-cumple-157-anos\/\">Sigue leyendo <span class=\"meta-nav\">&rarr;<\/span><\/a><\/p>\n","protected":false},"author":6,"featured_media":20064,"comment_status":"closed","ping_status":"closed","sticky":false,"template":"","format":"standard","meta":{"footnotes":""},"categories":[2,21,2328],"tags":[424,6,102],"class_list":["post-19975","post","type-post","status-publish","format-standard","has-post-thumbnail","hentry","category-destacadas","category-interes-general","category-local","tag-historia-de-moreno","tag-moreno","tag-municipio-de-moreno"],"_links":{"self":[{"href":"https:\/\/morenoprimero.com.ar\/archivo\/wp-json\/wp\/v2\/posts\/19975","targetHints":{"allow":["GET"]}}],"collection":[{"href":"https:\/\/morenoprimero.com.ar\/archivo\/wp-json\/wp\/v2\/posts"}],"about":[{"href":"https:\/\/morenoprimero.com.ar\/archivo\/wp-json\/wp\/v2\/types\/post"}],"author":[{"embeddable":true,"href":"https:\/\/morenoprimero.com.ar\/archivo\/wp-json\/wp\/v2\/users\/6"}],"replies":[{"embeddable":true,"href":"https:\/\/morenoprimero.com.ar\/archivo\/wp-json\/wp\/v2\/comments?post=19975"}],"version-history":[{"count":5,"href":"https:\/\/morenoprimero.com.ar\/archivo\/wp-json\/wp\/v2\/posts\/19975\/revisions"}],"predecessor-version":[{"id":20067,"href":"https:\/\/morenoprimero.com.ar\/archivo\/wp-json\/wp\/v2\/posts\/19975\/revisions\/20067"}],"wp:featuredmedia":[{"embeddable":true,"href":"https:\/\/morenoprimero.com.ar\/archivo\/wp-json\/wp\/v2\/media\/20064"}],"wp:attachment":[{"href":"https:\/\/morenoprimero.com.ar\/archivo\/wp-json\/wp\/v2\/media?parent=19975"}],"wp:term":[{"taxonomy":"category","embeddable":true,"href":"https:\/\/morenoprimero.com.ar\/archivo\/wp-json\/wp\/v2\/categories?post=19975"},{"taxonomy":"post_tag","embeddable":true,"href":"https:\/\/morenoprimero.com.ar\/archivo\/wp-json\/wp\/v2\/tags?post=19975"}],"curies":[{"name":"wp","href":"https:\/\/api.w.org\/{rel}","templated":true}]}}