{"id":19891,"date":"2021-10-22T11:56:25","date_gmt":"2021-10-22T14:56:25","guid":{"rendered":"https:\/\/morenoprimero.com.ar\/?p=19891"},"modified":"2021-10-22T12:48:22","modified_gmt":"2021-10-22T15:48:22","slug":"moreno-se-prepara-para-su-primera-liga-de-futbol-mixto","status":"publish","type":"post","link":"https:\/\/morenoprimero.com.ar\/archivo\/moreno-se-prepara-para-su-primera-liga-de-futbol-mixto\/","title":{"rendered":"Moreno se prepara para su primera liga de f\u00fatbol mixto"},"content":{"rendered":"\n<h5 class=\"wp-block-heading\">La Subsecretar\u00eda de Deportes de Moreno se prepara para su primera liga de f\u00fatbol mixto, tal como suceder\u00e1 en la Asociaci\u00f3n de F\u00fatbol Argentino (A.F.A.).<\/h5>\n\n\n\n<p>El martes 12 de octubre, desde la Subecretar\u00eda de Deportes y Recreaci\u00f3n del Municipio de Moreno lanzaron la propuesta de creaci\u00f3n de LEFIFuM, <strong>una liga infantojuvenil que busca dar un espacio de participaci\u00f3n a ni\u00f1as y ni\u00f1os de 6 a 14 a\u00f1os del distrito en encuentros de f\u00fatbol mixto<\/strong>.<\/p>\n\n\n\n<p>Se desarrollar\u00e1n 3 encuentros hasta fin de a\u00f1o, como antesala de la creaci\u00f3n de una liga infantojuvenil mixta que promueva el derecho al deporte, la inclusi\u00f3n y la actividad f\u00edsica para el a\u00f1o pr\u00f3ximo.<\/p>\n\n\n\n<p>De la reuni\u00f3n participaron el director de Gesti\u00f3n T\u00e9cnica y Planificaci\u00f3n Deportiva, Leonardo Gonz\u00e1lez, Marcelo S\u00e1nchez, responsable de Ligas Municipales, Juan Rivas, responsable de la Liga de F\u00fatbol y 9 instituciones deportivas de Moreno.<\/p>\n\n\n\n<p>As\u00ed, desde la Subsecretar\u00eda de Deporte, se lanza una segunda propuesta futbol\u00edstica que permita un acceso m\u00e1s igualitario al deporte. La primera, se lleva a cabo desde el a\u00f1o 2020 y se trata de F\u00fatbol Diverso.<\/p>\n\n\n\n<p>F\u00fatbol Diverso es parte del proyecto Deporte Diverso que surge desde el&nbsp;<strong>Programa Responsabilidad Igualitaria de la Subsecretar\u00eda de Deportes y Recreaci\u00f3n<\/strong>,&nbsp;junto a la&nbsp;<strong>Direcci\u00f3n de Diversidad del Municipio de Moreno<\/strong>&nbsp;y a la&nbsp;<strong>Asociaci\u00f3n para el Desarrollo Integral Trans<\/strong>&nbsp;(APDIT). Es una pol\u00edtica p\u00fablica que busca levantar el piso de participaci\u00f3n en el deporte de identidades disidentes y generar un espacio de entrenamiento libre de violencias y estereotipos de g\u00e9nero.<\/p>\n\n\n\n<p>F\u00fatbol mixto a nivel nacional<\/p>\n\n\n\n<p>La pr\u00e1ctica del f\u00fatbol mixto en las divisiones formativas de los clubes, algo que ya ocurre en pa\u00edses de Europa y de Sudam\u00e9rica, est\u00e1 a un paso de aprobarse en la Asociaci\u00f3n del F\u00fatbol Argentino (AFA).<br><br><strong>La iniciativa lleva varios meses de consultas desde AFA<\/strong>&nbsp;hacia las federaciones de otros pa\u00edses como Uruguay, Colombia, Espa\u00f1a, Eslovenia, Portugal, Italia y Alemania, que permiten el f\u00fatbol mixto amateur hasta los 17 a\u00f1os.<br><br>En Argentina,&nbsp;<strong>la intenci\u00f3n es ponerlo en pr\u00e1ctica en las divisiones infantiles<\/strong>, que alcanzan a chicos y chicas de hasta 12\/13 a\u00f1os, y el proyecto se encuentra en un estado \u00abmuy avanzado\u00bb, adelantaron a T\u00e9lam fuentes de la entidad con sede en Viamonte 1366.<br><br>Su aprobaci\u00f3n se enmarca dentro de las recomendaciones realizadas por la FIFA al respecto y dar\u00eda respuestas a la inquietud de muchos clubes para poder contar con f\u00fatbol mixto en sus categor\u00edas de inicio.<\/p>\n\n\n\n<p>Entre los clubes argentinos, como&nbsp;<strong>San Lorenzo y V\u00e9lez Sarsfield, desarrollan el sistema mixto entre los 3 y 12 a\u00f1os<\/strong>&nbsp;como actividad \u00abrecreativa\u00bb. Otras instituciones, como<strong>&nbsp;River Plate, lo hacen pero en la franja de los 4 y 5 a\u00f1os<\/strong>, por citar algunos clubes. En la Liga Casildense de Santa Fe, tambi\u00e9n se practica hasta los 12 a\u00f1os.<\/p>\n","protected":false},"excerpt":{"rendered":"<p>La Subsecretar\u00eda de Deportes de Moreno se prepara para su primera liga de f\u00fatbol mixto, tal como suceder\u00e1 en la Asociaci\u00f3n de F\u00fatbol Argentino (A.F.A.). El martes 12 de octubre, desde la Subecretar\u00eda de Deportes y Recreaci\u00f3n del Municipio de &hellip; <a href=\"https:\/\/morenoprimero.com.ar\/archivo\/moreno-se-prepara-para-su-primera-liga-de-futbol-mixto\/\">Sigue leyendo <span class=\"meta-nav\">&rarr;<\/span><\/a><\/p>\n","protected":false},"author":6,"featured_media":19892,"comment_status":"closed","ping_status":"closed","sticky":false,"template":"","format":"standard","meta":{"footnotes":""},"categories":[673,2,2328],"tags":[2235,6,653],"class_list":["post-19891","post","type-post","status-publish","format-standard","has-post-thumbnail","hentry","category-deporte","category-destacadas","category-local","tag-futbol-2","tag-moreno","tag-subsecretaria-de-deportes-y-recreacion"],"_links":{"self":[{"href":"https:\/\/morenoprimero.com.ar\/archivo\/wp-json\/wp\/v2\/posts\/19891","targetHints":{"allow":["GET"]}}],"collection":[{"href":"https:\/\/morenoprimero.com.ar\/archivo\/wp-json\/wp\/v2\/posts"}],"about":[{"href":"https:\/\/morenoprimero.com.ar\/archivo\/wp-json\/wp\/v2\/types\/post"}],"author":[{"embeddable":true,"href":"https:\/\/morenoprimero.com.ar\/archivo\/wp-json\/wp\/v2\/users\/6"}],"replies":[{"embeddable":true,"href":"https:\/\/morenoprimero.com.ar\/archivo\/wp-json\/wp\/v2\/comments?post=19891"}],"version-history":[{"count":7,"href":"https:\/\/morenoprimero.com.ar\/archivo\/wp-json\/wp\/v2\/posts\/19891\/revisions"}],"predecessor-version":[{"id":19974,"href":"https:\/\/morenoprimero.com.ar\/archivo\/wp-json\/wp\/v2\/posts\/19891\/revisions\/19974"}],"wp:featuredmedia":[{"embeddable":true,"href":"https:\/\/morenoprimero.com.ar\/archivo\/wp-json\/wp\/v2\/media\/19892"}],"wp:attachment":[{"href":"https:\/\/morenoprimero.com.ar\/archivo\/wp-json\/wp\/v2\/media?parent=19891"}],"wp:term":[{"taxonomy":"category","embeddable":true,"href":"https:\/\/morenoprimero.com.ar\/archivo\/wp-json\/wp\/v2\/categories?post=19891"},{"taxonomy":"post_tag","embeddable":true,"href":"https:\/\/morenoprimero.com.ar\/archivo\/wp-json\/wp\/v2\/tags?post=19891"}],"curies":[{"name":"wp","href":"https:\/\/api.w.org\/{rel}","templated":true}]}}