{"id":1987,"date":"2020-09-01T18:09:24","date_gmt":"2020-09-01T18:09:24","guid":{"rendered":"https:\/\/morenoprimero.com.ar\/?p=1987"},"modified":"2020-09-01T18:09:24","modified_gmt":"2020-09-01T18:09:24","slug":"axel-kicillof-no-podemos-perder-en-cinco-dias-lo-que-logramos-en-cinco-meses","status":"publish","type":"post","link":"https:\/\/morenoprimero.com.ar\/archivo\/axel-kicillof-no-podemos-perder-en-cinco-dias-lo-que-logramos-en-cinco-meses\/","title":{"rendered":"AXEL KICILLOF: \u00abNO PODEMOS PERDER EN CINCO D\u00cdAS LO QUE LOGRAMOS EN CINCO MESES\u00bb"},"content":{"rendered":"\n<h3 class=\"wp-block-heading\">&nbsp; El gobernador de la provincia de Buenos Aires, Axel&nbsp;Kicillof, anunci\u00f3 que no acompa\u00f1ar\u00e1 m\u00e1s aperturas. Lo hizo a trav\u00e9s de un claro mensaje de unidad, en un anuncio que cont\u00f3 con la presencia de varios intendentes del oficialismo y de la&nbsp;oposici\u00f3n.&nbsp;<\/h3>\n\n\n\n<p>&nbsp; El mensaje del gobernador fue claro y preciso.<strong> Explic\u00f3 que la situaci\u00f3n de la Provincia de Buenos Aires no amerita m\u00e1s aperturas frente a un crecimiento exponencial de casos el fin de semana.&nbsp;<\/strong><\/p>\n\n\n\n<p>&nbsp;Por un lado, la decisi\u00f3n se tom\u00f3 por el aprendizaje a partir de los errores. En este sentido explic\u00f3 que&nbsp;\u00ab<strong>Logramos un aprendizaje, es un error abrir de m\u00e1s, prematuramente\u201d y explic\u00f3 que \u201cnecesitamos estabilizar. No podemos perder en cinco d\u00edas lo que logramos en cinco meses\u201d.<\/strong>&nbsp;<\/p>\n\n\n\n<p>&nbsp; &nbsp;Por otro lado, la decisi\u00f3n forma parte de una caracter\u00edstica del gobierno que no pretende gobernar con marketing pol\u00edtico:&nbsp;<strong>\u201cNo es momento para hacer pol\u00edtica con la enfermedad\u201d expres\u00f3 el gobernador, y exclam\u00f3 \u201cnecesitamos que nos ayuden\u201d<\/strong>.&nbsp;&nbsp;<\/p>\n\n\n\n<p>&nbsp; &nbsp;En un mensaje dirigido a los que \u201cdesinforman o critican lo que hace el gobierno\u201d les pidi\u00f3 que \u201cpongan en pausa su actitud y esa discusi\u00f3n pol\u00edtica hasta poder salir de esta situaci\u00f3n\u201d.&nbsp;<\/p>\n\n\n\n<p>&nbsp;A trav\u00e9s de un mensaje conciliador, resalt\u00f3 que las medidas preventivas son para necesarias para la prevenci\u00f3n del contagio:<strong> \u00abLa \u00fanica manera de cuidarse es no hacer lo que antes hac\u00edamos, pero no es una p\u00e9rdida de libertad, es una ganancia de cuidado.&nbsp;No podemos acompa\u00f1ar m\u00e1s aperturas<\/strong>\u00bb resalt\u00f3 Kicillof.&nbsp;<\/p>\n","protected":false},"excerpt":{"rendered":"<p>&nbsp; El gobernador de la provincia de Buenos Aires, Axel&nbsp;Kicillof, anunci\u00f3 que no acompa\u00f1ar\u00e1 m\u00e1s aperturas. Lo hizo a trav\u00e9s de un claro mensaje de unidad, en un anuncio que cont\u00f3 con la presencia de varios intendentes del oficialismo y &hellip; <a href=\"https:\/\/morenoprimero.com.ar\/archivo\/axel-kicillof-no-podemos-perder-en-cinco-dias-lo-que-logramos-en-cinco-meses\/\">Sigue leyendo <span class=\"meta-nav\">&rarr;<\/span><\/a><\/p>\n","protected":false},"author":6,"featured_media":226,"comment_status":"open","ping_status":"open","sticky":false,"template":"","format":"standard","meta":{"footnotes":""},"categories":[27,536,20],"tags":[206,235,132],"class_list":["post-1987","post","type-post","status-publish","format-standard","has-post-thumbnail","hentry","category-politica","category-salud","category-sociedad","tag-aislamiento","tag-aspo","tag-axel-kicillof"],"_links":{"self":[{"href":"https:\/\/morenoprimero.com.ar\/archivo\/wp-json\/wp\/v2\/posts\/1987","targetHints":{"allow":["GET"]}}],"collection":[{"href":"https:\/\/morenoprimero.com.ar\/archivo\/wp-json\/wp\/v2\/posts"}],"about":[{"href":"https:\/\/morenoprimero.com.ar\/archivo\/wp-json\/wp\/v2\/types\/post"}],"author":[{"embeddable":true,"href":"https:\/\/morenoprimero.com.ar\/archivo\/wp-json\/wp\/v2\/users\/6"}],"replies":[{"embeddable":true,"href":"https:\/\/morenoprimero.com.ar\/archivo\/wp-json\/wp\/v2\/comments?post=1987"}],"version-history":[{"count":2,"href":"https:\/\/morenoprimero.com.ar\/archivo\/wp-json\/wp\/v2\/posts\/1987\/revisions"}],"predecessor-version":[{"id":2015,"href":"https:\/\/morenoprimero.com.ar\/archivo\/wp-json\/wp\/v2\/posts\/1987\/revisions\/2015"}],"wp:featuredmedia":[{"embeddable":true,"href":"https:\/\/morenoprimero.com.ar\/archivo\/wp-json\/wp\/v2\/media\/226"}],"wp:attachment":[{"href":"https:\/\/morenoprimero.com.ar\/archivo\/wp-json\/wp\/v2\/media?parent=1987"}],"wp:term":[{"taxonomy":"category","embeddable":true,"href":"https:\/\/morenoprimero.com.ar\/archivo\/wp-json\/wp\/v2\/categories?post=1987"},{"taxonomy":"post_tag","embeddable":true,"href":"https:\/\/morenoprimero.com.ar\/archivo\/wp-json\/wp\/v2\/tags?post=1987"}],"curies":[{"name":"wp","href":"https:\/\/api.w.org\/{rel}","templated":true}]}}