{"id":19734,"date":"2021-10-19T11:09:24","date_gmt":"2021-10-19T14:09:24","guid":{"rendered":"https:\/\/morenoprimero.com.ar\/?p=19734"},"modified":"2021-10-19T11:09:24","modified_gmt":"2021-10-19T14:09:24","slug":"la-cgt-se-pronuncio-por-el-desarrollo-la-produccion-y-el-trabajo-genuino","status":"publish","type":"post","link":"https:\/\/morenoprimero.com.ar\/archivo\/la-cgt-se-pronuncio-por-el-desarrollo-la-produccion-y-el-trabajo-genuino\/","title":{"rendered":"La CGT se pronunci\u00f3 por el \u00abdesarrollo, la producci\u00f3n y el trabajo genuino\u00bb"},"content":{"rendered":"\n<h5 class=\"wp-block-heading\">Fue en el marco de la segunda jornada de conmemoraci\u00f3n&nbsp;por el D\u00eda de la Lealtad&nbsp;luego de la multitudinaria celebraci\u00f3n realizada el domingo en la Plaza de Mayo y en diferentes plazas de todo el pa\u00eds.&nbsp;<\/h5>\n\n\n\n<p>El lunes por la tarde, la <strong>Confederaci\u00f3n General del Trabajo<\/strong> (CGT) y sus gremios se pronunciaron&nbsp;por \u00ab<strong>el desarrollo, la producci\u00f3n y el trabajo<\/strong>\u00bb y por \u00ab<strong>la defensa del aparato productivo nacional y la generaci\u00f3n de empleo genuino<\/strong>\u00bb en el marco del <strong>76\u00b0<\/strong> aniversario del <strong>D\u00eda de la Lealtad<\/strong>.<\/p>\n\n\n\n<p>Los gremios y organizaciones se concentraron alrededor del Monumento \u201c<strong>Canto al trabajo<\/strong>\u201d en el bajo porte\u00f1o y en las principales arterias del centro de la ciudad, en los alreded<strong>ores a Plaza de Mayo y el barrio de San Telmo.<\/strong><\/p>\n\n\n\n<blockquote class=\"wp-block-quote is-layout-flow wp-block-quote-is-layout-flow\"><p>\u00abLa Argentina y el Gobierno afrontan una instancia decisiva para superar la crisis econ\u00f3mico-social heredada y agravada de forma dram\u00e1tica por los efectos de la pandemia\u00bb de coronavirus, sostuvo la CGT, que asegur\u00f3 ser \u00abla reserva desde donde el Movimiento Nacional puede reconstruir el tejido social y fortalecer la pol\u00edtica\u00bb.&nbsp;<\/p><\/blockquote>\n\n\n\n<p>De esta manera, se ley\u00f3&nbsp;un documento pol\u00edtico elaborado por las organizaciones gremiales convocantes, que demand\u00f3 pol\u00edticas econ\u00f3micas que promuevan la generaci\u00f3n de empleo genuino y el fortalecimiento de los sistemas de seguridad social y de salud.&nbsp;<\/p>\n\n\n\n<blockquote class=\"wp-block-quote is-layout-flow wp-block-quote-is-layout-flow\"><p>La CGT asegur\u00f3 que la marcha y el acto en el Monumento Canto al Trabajo de las Avenidas Paseo Col\u00f3n e Independencia para conmemorar el D\u00eda de la Lealtad Peronista es \u00abla expresi\u00f3n de unidad de los trabajadores y del movimiento obrero organizado y de la vocaci\u00f3n por sostener la unidad del peronismo\u00bb, y reclam\u00f3 pol\u00edticas que sienten las bases de \u00abla transformaci\u00f3n econ\u00f3mica y social de la Argentina\u00bb.&nbsp;<\/p><\/blockquote>\n\n\n\n<p><\/p>\n","protected":false},"excerpt":{"rendered":"<p>Fue en el marco de la segunda jornada de conmemoraci\u00f3n&nbsp;por el D\u00eda de la Lealtad&nbsp;luego de la multitudinaria celebraci\u00f3n realizada el domingo en la Plaza de Mayo y en diferentes plazas de todo el pa\u00eds.&nbsp; El lunes por la tarde, &hellip; <a href=\"https:\/\/morenoprimero.com.ar\/archivo\/la-cgt-se-pronuncio-por-el-desarrollo-la-produccion-y-el-trabajo-genuino\/\">Sigue leyendo <span class=\"meta-nav\">&rarr;<\/span><\/a><\/p>\n","protected":false},"author":6,"featured_media":19738,"comment_status":"closed","ping_status":"closed","sticky":false,"template":"","format":"standard","meta":{"footnotes":""},"categories":[2330,27],"tags":[546,2753,6,17,1019],"class_list":["post-19734","post","type-post","status-publish","format-standard","has-post-thumbnail","hentry","category-nacional","category-politica","tag-cgt","tag-lealtad","tag-moreno","tag-pandemia","tag-plaza-de-mayo"],"_links":{"self":[{"href":"https:\/\/morenoprimero.com.ar\/archivo\/wp-json\/wp\/v2\/posts\/19734","targetHints":{"allow":["GET"]}}],"collection":[{"href":"https:\/\/morenoprimero.com.ar\/archivo\/wp-json\/wp\/v2\/posts"}],"about":[{"href":"https:\/\/morenoprimero.com.ar\/archivo\/wp-json\/wp\/v2\/types\/post"}],"author":[{"embeddable":true,"href":"https:\/\/morenoprimero.com.ar\/archivo\/wp-json\/wp\/v2\/users\/6"}],"replies":[{"embeddable":true,"href":"https:\/\/morenoprimero.com.ar\/archivo\/wp-json\/wp\/v2\/comments?post=19734"}],"version-history":[{"count":4,"href":"https:\/\/morenoprimero.com.ar\/archivo\/wp-json\/wp\/v2\/posts\/19734\/revisions"}],"predecessor-version":[{"id":19751,"href":"https:\/\/morenoprimero.com.ar\/archivo\/wp-json\/wp\/v2\/posts\/19734\/revisions\/19751"}],"wp:featuredmedia":[{"embeddable":true,"href":"https:\/\/morenoprimero.com.ar\/archivo\/wp-json\/wp\/v2\/media\/19738"}],"wp:attachment":[{"href":"https:\/\/morenoprimero.com.ar\/archivo\/wp-json\/wp\/v2\/media?parent=19734"}],"wp:term":[{"taxonomy":"category","embeddable":true,"href":"https:\/\/morenoprimero.com.ar\/archivo\/wp-json\/wp\/v2\/categories?post=19734"},{"taxonomy":"post_tag","embeddable":true,"href":"https:\/\/morenoprimero.com.ar\/archivo\/wp-json\/wp\/v2\/tags?post=19734"}],"curies":[{"name":"wp","href":"https:\/\/api.w.org\/{rel}","templated":true}]}}