{"id":19575,"date":"2021-10-15T15:39:22","date_gmt":"2021-10-15T18:39:22","guid":{"rendered":"https:\/\/morenoprimero.com.ar\/?p=19575"},"modified":"2021-10-15T16:28:14","modified_gmt":"2021-10-15T19:28:14","slug":"el-hospital-de-moreno-mantiene-la-baja-de-contagios-por-covid","status":"publish","type":"post","link":"https:\/\/morenoprimero.com.ar\/archivo\/el-hospital-de-moreno-mantiene-la-baja-de-contagios-por-covid\/","title":{"rendered":"El hospital de Moreno mantiene la baja de contagios por covid"},"content":{"rendered":"\n<h5 class=\"wp-block-heading\">Se estima que en m\u00e1s de 300 hospitales p\u00fablicos y privados de la provincia de Buenos Aires no hubo nuevos ingresos a terapia a causa del COVID 19.<\/h5>\n\n\n\n<p>Como resultado de una fuerte campa\u00f1a de vacunaci\u00f3n y de la aplicaci\u00f3n de las medidas de cuidado llevadas adelante por la comunidad en general, el descenso de contagios y fallecimientos por COVID 19&nbsp; ha disminuido enormemente. Los hospitales cuentan con los espacios destinados a personas con s\u00edntomas del virus sin nuevos registros.<\/p>\n\n\n\n<p>En la provincia de Buenos Aires, el ministro de Salud, Nicol\u00e1s Kreplak, se\u00f1al\u00f3 que lleva 20 semanas consecutivas de descenso de los casos de coronavirus, lo que representa una ca\u00edda del 97,3% respecto del pico. Y, respecto de la vacunaci\u00f3n contra la Covid-19, detall\u00f3 que la provincia \u201cya cuenta con m\u00e1s de 11,5 millones de personas con una dosis y 9,5 millones con el esquema completo, lo que arroja un resultado epidemiol\u00f3gico que nos permite pensar en el futuro\u201d.<\/p>\n\n\n\n<p>En lo que concierne al hospital Mariano y Luciano de La Vega, de Moreno, donde se lleg\u00f3 a tener 1.400 pacientes entre internaci\u00f3n general y terapia intensiva por coronavirus, al d\u00eda de hoy no cuentan con ning\u00fan nuevo caso. El director del hospital, Emmanuel \u00c1lvarez, asegur\u00f3 que el avance de la vacunaci\u00f3n tanto en pacientes de riesgo como en la poblaci\u00f3n general fue directamente proporcional a la disminuci\u00f3n de casos graves a moderados. Demostrando que la inmunizaci\u00f3n disminuye la gravedad de la enfermedad y los contagios, motivos por los cuales hay que continuar con el mayor porcentaje de cobertura posible de vacunaci\u00f3n.<\/p>\n\n\n\n<figure class=\"wp-block-gallery columns-2 is-cropped wp-block-gallery-1 is-layout-flex wp-block-gallery-is-layout-flex\"><ul class=\"blocks-gallery-grid\"><li class=\"blocks-gallery-item\"><figure><a href=\"https:\/\/morenoprimero.com.ar\/wp-content\/uploads\/2021\/10\/WhatsApp_Image_2021-10-15_at_2.58.46_PM-1024x663.jpg\"><img loading=\"lazy\" decoding=\"async\" width=\"1024\" height=\"663\" src=\"https:\/\/morenoprimero.com.ar\/wp-content\/uploads\/2021\/10\/WhatsApp_Image_2021-10-15_at_2.58.46_PM-1024x663.jpg\" alt=\"\" data-id=\"19577\" class=\"wp-image-19577\" srcset=\"https:\/\/morenoprimero.com.ar\/archivo\/wp-content\/uploads\/2021\/10\/WhatsApp_Image_2021-10-15_at_2.58.46_PM-1024x663.jpg 1024w, https:\/\/morenoprimero.com.ar\/archivo\/wp-content\/uploads\/2021\/10\/WhatsApp_Image_2021-10-15_at_2.58.46_PM-300x194.jpg 300w, https:\/\/morenoprimero.com.ar\/archivo\/wp-content\/uploads\/2021\/10\/WhatsApp_Image_2021-10-15_at_2.58.46_PM-768x497.jpg 768w, https:\/\/morenoprimero.com.ar\/archivo\/wp-content\/uploads\/2021\/10\/WhatsApp_Image_2021-10-15_at_2.58.46_PM.jpg 1080w\" sizes=\"auto, (max-width: 1024px) 100vw, 1024px\" \/><\/a><\/figure><\/li><li class=\"blocks-gallery-item\"><figure><a href=\"https:\/\/morenoprimero.com.ar\/wp-content\/uploads\/2021\/10\/WhatsApp_Image_2021-10-15_at_2.58.42_PM-1.jpg\"><img loading=\"lazy\" decoding=\"async\" width=\"1024\" height=\"629\" src=\"https:\/\/morenoprimero.com.ar\/wp-content\/uploads\/2021\/10\/WhatsApp_Image_2021-10-15_at_2.58.42_PM-1-1024x629.jpg\" alt=\"\" data-id=\"19579\" data-full-url=\"https:\/\/morenoprimero.com.ar\/wp-content\/uploads\/2021\/10\/WhatsApp_Image_2021-10-15_at_2.58.42_PM-1.jpg\" data-link=\"https:\/\/morenoprimero.com.ar\/?attachment_id=19579\" class=\"wp-image-19579\" srcset=\"https:\/\/morenoprimero.com.ar\/archivo\/wp-content\/uploads\/2021\/10\/WhatsApp_Image_2021-10-15_at_2.58.42_PM-1-1024x629.jpg 1024w, https:\/\/morenoprimero.com.ar\/archivo\/wp-content\/uploads\/2021\/10\/WhatsApp_Image_2021-10-15_at_2.58.42_PM-1-300x184.jpg 300w, https:\/\/morenoprimero.com.ar\/archivo\/wp-content\/uploads\/2021\/10\/WhatsApp_Image_2021-10-15_at_2.58.42_PM-1-768x471.jpg 768w, https:\/\/morenoprimero.com.ar\/archivo\/wp-content\/uploads\/2021\/10\/WhatsApp_Image_2021-10-15_at_2.58.42_PM-1.jpg 1080w\" sizes=\"auto, (max-width: 1024px) 100vw, 1024px\" \/><\/a><\/figure><\/li><\/ul><\/figure>\n\n\n\n<p>Por su parte, el inmun\u00f3logo e investigador del Conicet, Jorge Geffner, contin\u00faa analizando la situaci\u00f3n sanitaria del pa\u00eds en el marco de la pandemia por coronavirus y afirma que \u00abhay muy baja circulaci\u00f3n viral\u00bb, remarcando al mismo tiempo que&nbsp; \u00abestamos en un momento de tranquilidad, pero hay que entender que la pandemia no pas\u00f3\u00bb. Los datos sin dudas son alentadores, con esta baja sostenida del nivel de personas contagiadas e internaciones, poco a poco se retorna poco a poco a los viejos h\u00e1bitos.&nbsp;<\/p>\n","protected":false},"excerpt":{"rendered":"<p>Se estima que en m\u00e1s de 300 hospitales p\u00fablicos y privados de la provincia de Buenos Aires no hubo nuevos ingresos a terapia a causa del COVID 19. Como resultado de una fuerte campa\u00f1a de vacunaci\u00f3n y de la aplicaci\u00f3n &hellip; <a href=\"https:\/\/morenoprimero.com.ar\/archivo\/el-hospital-de-moreno-mantiene-la-baja-de-contagios-por-covid\/\">Sigue leyendo <span class=\"meta-nav\">&rarr;<\/span><\/a><\/p>\n","protected":false},"author":6,"featured_media":19576,"comment_status":"closed","ping_status":"closed","sticky":false,"template":"","format":"standard","meta":{"footnotes":""},"categories":[3,2328,536],"tags":[94,6,2116],"class_list":["post-19575","post","type-post","status-publish","format-standard","has-post-thumbnail","hentry","category-importantes","category-local","category-salud","tag-covid-19","tag-moreno","tag-nicolas-kreplak"],"_links":{"self":[{"href":"https:\/\/morenoprimero.com.ar\/archivo\/wp-json\/wp\/v2\/posts\/19575","targetHints":{"allow":["GET"]}}],"collection":[{"href":"https:\/\/morenoprimero.com.ar\/archivo\/wp-json\/wp\/v2\/posts"}],"about":[{"href":"https:\/\/morenoprimero.com.ar\/archivo\/wp-json\/wp\/v2\/types\/post"}],"author":[{"embeddable":true,"href":"https:\/\/morenoprimero.com.ar\/archivo\/wp-json\/wp\/v2\/users\/6"}],"replies":[{"embeddable":true,"href":"https:\/\/morenoprimero.com.ar\/archivo\/wp-json\/wp\/v2\/comments?post=19575"}],"version-history":[{"count":1,"href":"https:\/\/morenoprimero.com.ar\/archivo\/wp-json\/wp\/v2\/posts\/19575\/revisions"}],"predecessor-version":[{"id":19580,"href":"https:\/\/morenoprimero.com.ar\/archivo\/wp-json\/wp\/v2\/posts\/19575\/revisions\/19580"}],"wp:featuredmedia":[{"embeddable":true,"href":"https:\/\/morenoprimero.com.ar\/archivo\/wp-json\/wp\/v2\/media\/19576"}],"wp:attachment":[{"href":"https:\/\/morenoprimero.com.ar\/archivo\/wp-json\/wp\/v2\/media?parent=19575"}],"wp:term":[{"taxonomy":"category","embeddable":true,"href":"https:\/\/morenoprimero.com.ar\/archivo\/wp-json\/wp\/v2\/categories?post=19575"},{"taxonomy":"post_tag","embeddable":true,"href":"https:\/\/morenoprimero.com.ar\/archivo\/wp-json\/wp\/v2\/tags?post=19575"}],"curies":[{"name":"wp","href":"https:\/\/api.w.org\/{rel}","templated":true}]}}