{"id":19515,"date":"2021-10-15T14:50:33","date_gmt":"2021-10-15T17:50:33","guid":{"rendered":"https:\/\/morenoprimero.com.ar\/?p=19515"},"modified":"2021-10-15T14:50:33","modified_gmt":"2021-10-15T17:50:33","slug":"marcelo-stutz-se-presentara-este-sabado-16-en-el-teatro-leopoldo-marechal","status":"publish","type":"post","link":"https:\/\/morenoprimero.com.ar\/archivo\/marcelo-stutz-se-presentara-este-sabado-16-en-el-teatro-leopoldo-marechal\/","title":{"rendered":"Marcelo Stutz se presentar\u00e1 este s\u00e1bado 16 en el Teatro \u00abLeopoldo Marechal\u00bb"},"content":{"rendered":"\n<h5 class=\"wp-block-heading\">El cantautor cordob\u00e9s brindar\u00e1 un recital que promete deslumbrar con sus \u00e9xitos a las y los&nbsp;morenenses,&nbsp;junto a la participaci\u00f3n especial de su hija, Caterina Stutz, bailarina de danza cl\u00e1sica en el teatro de Moreno Centro, \u00abLeopoldo Marechal\u00bb.<\/h5>\n\n\n\n<p>Este <strong>s\u00e1bado 16 de octubre, <\/strong>se presentar\u00e1 el cantante <strong>Marcelo&nbsp;Stutz<\/strong>&nbsp;en el teatro <strong>Leopoldo Marechal<\/strong>, a las <strong>21<\/strong> horas (es importante saber que hay que presentarse una hora antes para retirar la entrada). El artista es oriundo de <strong>C\u00f3rdoba<\/strong>, vivi\u00f3 un tiempo en Espa\u00f1a, donde compuso varios de sus \u00e9xitos y recorri\u00f3 diferentes puntos del pa\u00eds y del mundo, participando en las aperturas de las giras&nbsp;de&nbsp;grandes&nbsp;artistas como<strong> Jorge Drexler, Pedro Aznar, Juan Carlos&nbsp;Baglietto, Pablo Milan\u00e9s y Franco De Vita, entre otros.&nbsp;<\/strong><\/p>\n\n\n\n<p>Durante la primera cuarentena, cuando anunciaron que hab\u00eda una pandemia por coronavirus, el cantautor detall\u00f3: \u00ab<strong>Fue un momento para finalizar algunas canciones que hab\u00eda postergado y componer nuevas obra<\/strong>s\u201d.&nbsp;Al respecto de su presentaci\u00f3n en Moreno, mencion\u00f3: \u201c<strong>Si bien hace muchos a\u00f1os que vengo cantando y tocando, Moreno es una zona en donde no soy muy conocido y estoy entusiasmado. Para m\u00ed es un honor<\/strong>\u201d.<\/p>\n\n\n\n<p>Por \u00faltimo, el cantautor explic\u00f3 con entusiasmo a la gente que a\u00fan no lo conoce que \u201c<strong>se trata de un espacio para compartir lo que yo hago con el \u00e1nimo y deseo de dar. Se van a sentir bien, voy a trabajar esa noche para que eso suceda<\/strong>\u201d, y agreg\u00f3: \u201c<strong>Adem\u00e1s, vamos a contar con la participaci\u00f3n especial de mi hija, Caterina, que es bailarina del teatro Col\u00f3n y va a ir a&nbsp;iluminar&nbsp;con su danza algunas canciones<\/strong>\u201d, adelant\u00f3.&nbsp;<\/p>\n","protected":false},"excerpt":{"rendered":"<p>El cantautor cordob\u00e9s brindar\u00e1 un recital que promete deslumbrar con sus \u00e9xitos a las y los&nbsp;morenenses,&nbsp;junto a la participaci\u00f3n especial de su hija, Caterina Stutz, bailarina de danza cl\u00e1sica en el teatro de Moreno Centro, \u00abLeopoldo Marechal\u00bb. Este s\u00e1bado 16 &hellip; <a href=\"https:\/\/morenoprimero.com.ar\/archivo\/marcelo-stutz-se-presentara-este-sabado-16-en-el-teatro-leopoldo-marechal\/\">Sigue leyendo <span class=\"meta-nav\">&rarr;<\/span><\/a><\/p>\n","protected":false},"author":6,"featured_media":19537,"comment_status":"closed","ping_status":"closed","sticky":false,"template":"","format":"standard","meta":{"footnotes":""},"categories":[2332],"tags":[7,3255,3256,6,17,153],"class_list":["post-19515","post","type-post","status-publish","format-standard","has-post-thumbnail","hentry","category-cultura","tag-buenosaires","tag-cordoba","tag-espana","tag-moreno","tag-pandemia","tag-teatro-leopoldo-marechal"],"_links":{"self":[{"href":"https:\/\/morenoprimero.com.ar\/archivo\/wp-json\/wp\/v2\/posts\/19515","targetHints":{"allow":["GET"]}}],"collection":[{"href":"https:\/\/morenoprimero.com.ar\/archivo\/wp-json\/wp\/v2\/posts"}],"about":[{"href":"https:\/\/morenoprimero.com.ar\/archivo\/wp-json\/wp\/v2\/types\/post"}],"author":[{"embeddable":true,"href":"https:\/\/morenoprimero.com.ar\/archivo\/wp-json\/wp\/v2\/users\/6"}],"replies":[{"embeddable":true,"href":"https:\/\/morenoprimero.com.ar\/archivo\/wp-json\/wp\/v2\/comments?post=19515"}],"version-history":[{"count":5,"href":"https:\/\/morenoprimero.com.ar\/archivo\/wp-json\/wp\/v2\/posts\/19515\/revisions"}],"predecessor-version":[{"id":19562,"href":"https:\/\/morenoprimero.com.ar\/archivo\/wp-json\/wp\/v2\/posts\/19515\/revisions\/19562"}],"wp:featuredmedia":[{"embeddable":true,"href":"https:\/\/morenoprimero.com.ar\/archivo\/wp-json\/wp\/v2\/media\/19537"}],"wp:attachment":[{"href":"https:\/\/morenoprimero.com.ar\/archivo\/wp-json\/wp\/v2\/media?parent=19515"}],"wp:term":[{"taxonomy":"category","embeddable":true,"href":"https:\/\/morenoprimero.com.ar\/archivo\/wp-json\/wp\/v2\/categories?post=19515"},{"taxonomy":"post_tag","embeddable":true,"href":"https:\/\/morenoprimero.com.ar\/archivo\/wp-json\/wp\/v2\/tags?post=19515"}],"curies":[{"name":"wp","href":"https:\/\/api.w.org\/{rel}","templated":true}]}}