{"id":19357,"date":"2021-10-12T17:22:22","date_gmt":"2021-10-12T20:22:22","guid":{"rendered":"https:\/\/morenoprimero.com.ar\/?p=19357"},"modified":"2021-10-12T17:22:23","modified_gmt":"2021-10-12T20:22:23","slug":"comenzo-la-obra-del-puente-vehicular-en-moreno","status":"publish","type":"post","link":"https:\/\/morenoprimero.com.ar\/archivo\/comenzo-la-obra-del-puente-vehicular-en-moreno\/","title":{"rendered":"Comenz\u00f3 la obra del puente vehicular en Moreno"},"content":{"rendered":"\n<h5 class=\"wp-block-heading\">Tendr\u00e1 \u00fanica direcci\u00f3n para cruzar desde el lado sur a norte, por las calles Asseff y Uruguay<\/h5>\n\n\n\n<p>A partir del acuerdo celebrado a fines de julio entre la intendenta de Moreno, Mariel Fern\u00e1ndez, con el presidente de Trenes Argentinos, Mart\u00edn Marinucci, comenz\u00f3 la obra de construcci\u00f3n de un puente modular sobre la traza del ferrocarril Sarmiento.<\/p>\n\n\n\n<p>Esta obra permitir\u00e1 optimizar los tiempos de viaje mediante la eliminaci\u00f3n de barreras y evitando eventuales siniestros viales; brindar\u00e1 mayor seguridad y eficacia al transporte ferroviario y automotor; y conectar\u00e1 distintas zonas del Municipio.<\/p>\n\n\n\n<p>Gracias a la articulaci\u00f3n y el trabajo integral entre el gobierno municipal y el gobierno nacional, se pone en marcha esta obra hist\u00f3rica que mejorar\u00e1 la calidad de vida de las vecinas y los vecinos morenenses.<\/p>\n\n\n\n<figure class=\"wp-block-gallery columns-2 is-cropped wp-block-gallery-1 is-layout-flex wp-block-gallery-is-layout-flex\"><ul class=\"blocks-gallery-grid\"><li class=\"blocks-gallery-item\"><figure><a href=\"https:\/\/morenoprimero.com.ar\/wp-content\/uploads\/2021\/10\/1_puentevehicular.jpeg\"><img loading=\"lazy\" decoding=\"async\" width=\"1024\" height=\"682\" src=\"https:\/\/morenoprimero.com.ar\/wp-content\/uploads\/2021\/10\/1_puentevehicular-1024x682.jpeg\" alt=\"\" data-id=\"19358\" data-full-url=\"https:\/\/morenoprimero.com.ar\/wp-content\/uploads\/2021\/10\/1_puentevehicular.jpeg\" data-link=\"https:\/\/morenoprimero.com.ar\/?attachment_id=19358\" class=\"wp-image-19358\" srcset=\"https:\/\/morenoprimero.com.ar\/archivo\/wp-content\/uploads\/2021\/10\/1_puentevehicular-1024x682.jpeg 1024w, https:\/\/morenoprimero.com.ar\/archivo\/wp-content\/uploads\/2021\/10\/1_puentevehicular-300x200.jpeg 300w, https:\/\/morenoprimero.com.ar\/archivo\/wp-content\/uploads\/2021\/10\/1_puentevehicular-768x512.jpeg 768w, https:\/\/morenoprimero.com.ar\/archivo\/wp-content\/uploads\/2021\/10\/1_puentevehicular.jpeg 1280w\" sizes=\"auto, (max-width: 1024px) 100vw, 1024px\" \/><\/a><\/figure><\/li><li class=\"blocks-gallery-item\"><figure><a href=\"https:\/\/morenoprimero.com.ar\/wp-content\/uploads\/2021\/10\/3_puentevehicular.jpeg\"><img loading=\"lazy\" decoding=\"async\" width=\"1024\" height=\"682\" src=\"https:\/\/morenoprimero.com.ar\/wp-content\/uploads\/2021\/10\/3_puentevehicular-1024x682.jpeg\" alt=\"\" data-id=\"19359\" data-full-url=\"https:\/\/morenoprimero.com.ar\/wp-content\/uploads\/2021\/10\/3_puentevehicular.jpeg\" data-link=\"https:\/\/morenoprimero.com.ar\/?attachment_id=19359\" class=\"wp-image-19359\" srcset=\"https:\/\/morenoprimero.com.ar\/archivo\/wp-content\/uploads\/2021\/10\/3_puentevehicular-1024x682.jpeg 1024w, https:\/\/morenoprimero.com.ar\/archivo\/wp-content\/uploads\/2021\/10\/3_puentevehicular-300x200.jpeg 300w, https:\/\/morenoprimero.com.ar\/archivo\/wp-content\/uploads\/2021\/10\/3_puentevehicular-768x512.jpeg 768w, https:\/\/morenoprimero.com.ar\/archivo\/wp-content\/uploads\/2021\/10\/3_puentevehicular.jpeg 1280w\" sizes=\"auto, (max-width: 1024px) 100vw, 1024px\" \/><\/a><\/figure><\/li><\/ul><\/figure>\n","protected":false},"excerpt":{"rendered":"<p>Tendr\u00e1 \u00fanica direcci\u00f3n para cruzar desde el lado sur a norte, por las calles Asseff y Uruguay A partir del acuerdo celebrado a fines de julio entre la intendenta de Moreno, Mariel Fern\u00e1ndez, con el presidente de Trenes Argentinos, Mart\u00edn &hellip; <a href=\"https:\/\/morenoprimero.com.ar\/archivo\/comenzo-la-obra-del-puente-vehicular-en-moreno\/\">Sigue leyendo <span class=\"meta-nav\">&rarr;<\/span><\/a><\/p>\n","protected":false},"author":6,"featured_media":19360,"comment_status":"closed","ping_status":"closed","sticky":false,"template":"","format":"standard","meta":{"footnotes":""},"categories":[2328],"tags":[276,1496,6],"class_list":["post-19357","post","type-post","status-publish","format-standard","has-post-thumbnail","hentry","category-local","tag-mariel-fernandez","tag-martin-marinucci","tag-moreno"],"_links":{"self":[{"href":"https:\/\/morenoprimero.com.ar\/archivo\/wp-json\/wp\/v2\/posts\/19357","targetHints":{"allow":["GET"]}}],"collection":[{"href":"https:\/\/morenoprimero.com.ar\/archivo\/wp-json\/wp\/v2\/posts"}],"about":[{"href":"https:\/\/morenoprimero.com.ar\/archivo\/wp-json\/wp\/v2\/types\/post"}],"author":[{"embeddable":true,"href":"https:\/\/morenoprimero.com.ar\/archivo\/wp-json\/wp\/v2\/users\/6"}],"replies":[{"embeddable":true,"href":"https:\/\/morenoprimero.com.ar\/archivo\/wp-json\/wp\/v2\/comments?post=19357"}],"version-history":[{"count":1,"href":"https:\/\/morenoprimero.com.ar\/archivo\/wp-json\/wp\/v2\/posts\/19357\/revisions"}],"predecessor-version":[{"id":19361,"href":"https:\/\/morenoprimero.com.ar\/archivo\/wp-json\/wp\/v2\/posts\/19357\/revisions\/19361"}],"wp:featuredmedia":[{"embeddable":true,"href":"https:\/\/morenoprimero.com.ar\/archivo\/wp-json\/wp\/v2\/media\/19360"}],"wp:attachment":[{"href":"https:\/\/morenoprimero.com.ar\/archivo\/wp-json\/wp\/v2\/media?parent=19357"}],"wp:term":[{"taxonomy":"category","embeddable":true,"href":"https:\/\/morenoprimero.com.ar\/archivo\/wp-json\/wp\/v2\/categories?post=19357"},{"taxonomy":"post_tag","embeddable":true,"href":"https:\/\/morenoprimero.com.ar\/archivo\/wp-json\/wp\/v2\/tags?post=19357"}],"curies":[{"name":"wp","href":"https:\/\/api.w.org\/{rel}","templated":true}]}}