{"id":1935,"date":"2020-08-31T16:21:21","date_gmt":"2020-08-31T16:21:21","guid":{"rendered":"https:\/\/morenoprimero.com.ar\/?p=1935"},"modified":"2020-08-31T16:21:21","modified_gmt":"2020-08-31T16:21:21","slug":"maria-fabregas-ojala-me-equivoque-y-si-me-equivoco-algun-dia-ustedes-me-tenga-que-decir-a-mi-que-yo-les-tengo-que-pedir-perdon","status":"publish","type":"post","link":"https:\/\/morenoprimero.com.ar\/archivo\/maria-fabregas-ojala-me-equivoque-y-si-me-equivoco-algun-dia-ustedes-me-tenga-que-decir-a-mi-que-yo-les-tengo-que-pedir-perdon\/","title":{"rendered":"MAR\u00cdA F\u00c1BREGAS: \u201cOJAL\u00c1 ME EQUIVOQUE, Y SI ME EQUIVOCO, ALG\u00daN D\u00cdA USTEDES ME TENGA QUE DECIR A MI QUE YO LES TENGO QUE PEDIR PERD\u00d3N\u201d"},"content":{"rendered":"\n<h4 class=\"wp-block-heading\">\u00a0 \u00a0El pasado jueves 27 de julio se celebr\u00f3 la novena sesi\u00f3n ordinaria en el Honorable Concejo Deliberantes (HCD).\u00a0 Una sesi\u00f3n acalorada se dio a partir de la discusi\u00f3n sobre la contrataci\u00f3n de mano de obra para la recolecci\u00f3n de residuos. Mar\u00eda\u00a0F\u00e1bregas, concejala de Juntos por el Cambio, denunci\u00f3 el proyecto como \u00abinmoral y cargado de mentiras\u00bb.\u00a0<\/h4>\n\n\n\n<p>\u00a0 La concejala comenz\u00f3 su discurso se\u00f1alando que en el proyecto no se explicita la cantidad de personas a ser contratadas, y la falta de camiones del municipio.\u00a0\u00a0<\/p>\n\n\n\n<blockquote class=\"wp-block-quote is-style-default is-layout-flow wp-block-quote-is-layout-flow\"><p>&nbsp; &nbsp;Estamos discutiendo un contrato para contratar mano de obra que le va a costar al municipio m\u00e1s de 622 millones por a\u00f1o nada m\u00e1s que para contratar un n\u00famero indeterminado de personas que trabajaran con camiones que no tenemos todav\u00eda.&nbsp;<\/p><\/blockquote>\n\n\n\n<p>&nbsp;\u201cYo no&nbsp;s\u00e9&nbsp;si se lo puede llamar inmoral o negociado\u201d explic\u00f3&nbsp;F\u00e1bregas&nbsp;en relaci\u00f3n a los sueldos municipales.&nbsp;&nbsp;Luego, denunci\u00f3 que lo que se pretende con este proyecto es <strong>\u201cMentir y decir que se pretender terminar con la caja negra y el negociado de la basura, y abrir otra caja mucho m\u00e1s onerosa pero organizada por otras personas\u201d<\/strong>.&nbsp;<\/p>\n\n\n\n<p>&nbsp; &nbsp;La concejala sab\u00eda que el proyecto iba a ser aprobado puesto que el bloque oficialista tiene mayor\u00eda. Es por esto que pidi\u00f3 a los concejales \u201cNo nos enga\u00f1emos porque simplemente tenemos las manos para votar esto. Yo sostengo&nbsp;que,&nbsp;desde el principio, el objeto del pliego es inmoral.\u201d&nbsp;<\/p>\n\n\n\n<p>&nbsp; &nbsp;La parte m\u00e1s pol\u00e9mica de su discurso lleg\u00f3 luego de hacer varias preguntas. \u201c\u00bfA d\u00f3nde queda la justicia social? &nbsp;\u00bfCon la cantidad de ollas populares que hay en Moreno, con una pobreza infantil que supera o ronda el 50% se pueden despilfarrar 622 millones por a\u00f1o? \u00bfD\u00f3nde van&nbsp;a florecer&nbsp;las flores en Moreno?\u201d se&nbsp;pregunt\u00f3&nbsp;la concejala, para luego apoyarse en el ex presidente radical y criticar la gesti\u00f3n municipal:&nbsp;<\/p>\n\n\n\n<blockquote class=\"wp-block-quote is-layout-flow wp-block-quote-is-layout-flow\"><p> Como bien dec\u00eda el Dr. Ra\u00fal Alfons\u00edn, se puede discutir con una persona Marxista, se puede discutir con una persona de derecha, y se puede discutir con seriedad, lo que no se puede es mentir, si yo discuto con un populista me va a contestar con mentiras, voluntarismo y trampas.\u201d&nbsp;<\/p><\/blockquote>\n\n\n\n<p>&nbsp;&nbsp;F\u00e1bregas&nbsp;cerr\u00f3 su discurso expresando su miedo de que \u201cnuestro distrito se siga hundiendo, que nos tape la basura si esto no se hace con reflexi\u00f3n\u201d, y por tanto <strong>se\u00f1al\u00f3 que va a votar en contra de un negocio que le parece \u201csucio\u201d.&nbsp;<\/strong><\/p>\n\n\n\n<p>&nbsp; &nbsp;\u201c<strong>Ojal\u00e1 me equivoque, y si me equivoco, alg\u00fan d\u00eda ustedes me tengan que decir a&nbsp;m\u00ed&nbsp;que yo les tengo que pedir perd\u00f3n\u201d finaliz\u00f3.&nbsp;<\/strong><\/p>\n\n\n\n<p>\u00a0 \u00a0<strong>A la hora de levantar la mano, Mirko Garc\u00eda fue el \u00fanico compa\u00f1ero de bloque de Mar\u00eda F\u00e1bregas que levant\u00f3 la mano para apoyar el proyecto. <\/strong><\/p>\n","protected":false},"excerpt":{"rendered":"<p>\u00a0 \u00a0El pasado jueves 27 de julio se celebr\u00f3 la novena sesi\u00f3n ordinaria en el Honorable Concejo Deliberantes (HCD).\u00a0 Una sesi\u00f3n acalorada se dio a partir de la discusi\u00f3n sobre la contrataci\u00f3n de mano de obra para la recolecci\u00f3n de &hellip; <a href=\"https:\/\/morenoprimero.com.ar\/archivo\/maria-fabregas-ojala-me-equivoque-y-si-me-equivoco-algun-dia-ustedes-me-tenga-que-decir-a-mi-que-yo-les-tengo-que-pedir-perdon\/\">Sigue leyendo <span class=\"meta-nav\">&rarr;<\/span><\/a><\/p>\n","protected":false},"author":6,"featured_media":1971,"comment_status":"open","ping_status":"open","sticky":false,"template":"","format":"standard","meta":{"footnotes":""},"categories":[27,5],"tags":[547,531],"class_list":["post-1935","post","type-post","status-publish","format-standard","has-post-thumbnail","hentry","category-politica","category-recomendadas","tag-maria-fabregas","tag-nuevo-sistema-de-recoleccion-de-residuos"],"_links":{"self":[{"href":"https:\/\/morenoprimero.com.ar\/archivo\/wp-json\/wp\/v2\/posts\/1935","targetHints":{"allow":["GET"]}}],"collection":[{"href":"https:\/\/morenoprimero.com.ar\/archivo\/wp-json\/wp\/v2\/posts"}],"about":[{"href":"https:\/\/morenoprimero.com.ar\/archivo\/wp-json\/wp\/v2\/types\/post"}],"author":[{"embeddable":true,"href":"https:\/\/morenoprimero.com.ar\/archivo\/wp-json\/wp\/v2\/users\/6"}],"replies":[{"embeddable":true,"href":"https:\/\/morenoprimero.com.ar\/archivo\/wp-json\/wp\/v2\/comments?post=1935"}],"version-history":[{"count":3,"href":"https:\/\/morenoprimero.com.ar\/archivo\/wp-json\/wp\/v2\/posts\/1935\/revisions"}],"predecessor-version":[{"id":1972,"href":"https:\/\/morenoprimero.com.ar\/archivo\/wp-json\/wp\/v2\/posts\/1935\/revisions\/1972"}],"wp:featuredmedia":[{"embeddable":true,"href":"https:\/\/morenoprimero.com.ar\/archivo\/wp-json\/wp\/v2\/media\/1971"}],"wp:attachment":[{"href":"https:\/\/morenoprimero.com.ar\/archivo\/wp-json\/wp\/v2\/media?parent=1935"}],"wp:term":[{"taxonomy":"category","embeddable":true,"href":"https:\/\/morenoprimero.com.ar\/archivo\/wp-json\/wp\/v2\/categories?post=1935"},{"taxonomy":"post_tag","embeddable":true,"href":"https:\/\/morenoprimero.com.ar\/archivo\/wp-json\/wp\/v2\/tags?post=1935"}],"curies":[{"name":"wp","href":"https:\/\/api.w.org\/{rel}","templated":true}]}}