{"id":1917,"date":"2020-08-31T15:55:25","date_gmt":"2020-08-31T15:55:25","guid":{"rendered":"https:\/\/morenoprimero.com.ar\/?p=1917"},"modified":"2020-08-31T15:55:25","modified_gmt":"2020-08-31T15:55:25","slug":"calendarios-de-pago-anses-de-septiembre","status":"publish","type":"post","link":"https:\/\/morenoprimero.com.ar\/archivo\/calendarios-de-pago-anses-de-septiembre\/","title":{"rendered":"CALENDARIOS DE PAGO ANSES DE SEPTIEMBRE"},"content":{"rendered":"\n<p>La ANSES informa los calendarios de pago del mes de septiembre para jubilados y pensionados, Pensiones No Contributivas, beneficiarios de la Asignaci\u00f3n Universal por Hijo y por Embarazo, de la Prestaci\u00f3n por Desempleo y Asignaciones Familiares y de Pago \u00danico (Matrimonio, Nacimiento y Adopci\u00f3n).\u00a0<\/p>\n\n\n\n<figure class=\"wp-block-image size-large\"><img loading=\"lazy\" decoding=\"async\" width=\"645\" height=\"144\" src=\"https:\/\/morenoprimero.com.ar\/wp-content\/uploads\/2020\/08\/anses.jpg\" alt=\"\" class=\"wp-image-1947\" srcset=\"https:\/\/morenoprimero.com.ar\/archivo\/wp-content\/uploads\/2020\/08\/anses.jpg 645w, https:\/\/morenoprimero.com.ar\/archivo\/wp-content\/uploads\/2020\/08\/anses-300x67.jpg 300w\" sizes=\"auto, (max-width: 645px) 100vw, 645px\" \/><\/figure>\n\n\n\n<figure class=\"wp-block-image size-large\"><img loading=\"lazy\" decoding=\"async\" width=\"645\" height=\"144\" src=\"https:\/\/morenoprimero.com.ar\/wp-content\/uploads\/2020\/08\/anses2.jpg\" alt=\"\" class=\"wp-image-1948\" srcset=\"https:\/\/morenoprimero.com.ar\/archivo\/wp-content\/uploads\/2020\/08\/anses2.jpg 645w, https:\/\/morenoprimero.com.ar\/archivo\/wp-content\/uploads\/2020\/08\/anses2-300x67.jpg 300w\" sizes=\"auto, (max-width: 645px) 100vw, 645px\" \/><\/figure>\n\n\n\n<figure class=\"wp-block-image size-large\"><img loading=\"lazy\" decoding=\"async\" width=\"640\" height=\"144\" src=\"https:\/\/morenoprimero.com.ar\/wp-content\/uploads\/2020\/08\/anses3.jpg\" alt=\"\" class=\"wp-image-1949\" srcset=\"https:\/\/morenoprimero.com.ar\/archivo\/wp-content\/uploads\/2020\/08\/anses3.jpg 640w, https:\/\/morenoprimero.com.ar\/archivo\/wp-content\/uploads\/2020\/08\/anses3-300x68.jpg 300w\" sizes=\"auto, (max-width: 640px) 100vw, 640px\" \/><\/figure>\n\n\n\n<figure class=\"wp-block-image size-large\"><img loading=\"lazy\" decoding=\"async\" width=\"627\" height=\"142\" src=\"https:\/\/morenoprimero.com.ar\/wp-content\/uploads\/2020\/08\/anses4.jpg\" alt=\"\" class=\"wp-image-1950\" srcset=\"https:\/\/morenoprimero.com.ar\/archivo\/wp-content\/uploads\/2020\/08\/anses4.jpg 627w, https:\/\/morenoprimero.com.ar\/archivo\/wp-content\/uploads\/2020\/08\/anses4-300x68.jpg 300w\" sizes=\"auto, (max-width: 627px) 100vw, 627px\" \/><\/figure>\n\n\n\n<figure class=\"wp-block-image size-large\"><img loading=\"lazy\" decoding=\"async\" width=\"626\" height=\"141\" src=\"https:\/\/morenoprimero.com.ar\/wp-content\/uploads\/2020\/08\/anses5.jpg\" alt=\"\" class=\"wp-image-1951\" srcset=\"https:\/\/morenoprimero.com.ar\/archivo\/wp-content\/uploads\/2020\/08\/anses5.jpg 626w, https:\/\/morenoprimero.com.ar\/archivo\/wp-content\/uploads\/2020\/08\/anses5-300x68.jpg 300w\" sizes=\"auto, (max-width: 626px) 100vw, 626px\" \/><\/figure>\n\n\n\n<figure class=\"wp-block-image size-large\"><img loading=\"lazy\" decoding=\"async\" width=\"618\" height=\"139\" src=\"https:\/\/morenoprimero.com.ar\/wp-content\/uploads\/2020\/08\/anses6.jpg\" alt=\"\" class=\"wp-image-1952\" srcset=\"https:\/\/morenoprimero.com.ar\/archivo\/wp-content\/uploads\/2020\/08\/anses6.jpg 618w, https:\/\/morenoprimero.com.ar\/archivo\/wp-content\/uploads\/2020\/08\/anses6-300x67.jpg 300w\" sizes=\"auto, (max-width: 618px) 100vw, 618px\" \/><\/figure>\n\n\n\n<figure class=\"wp-block-image size-large\"><img loading=\"lazy\" decoding=\"async\" width=\"526\" height=\"176\" src=\"https:\/\/morenoprimero.com.ar\/wp-content\/uploads\/2020\/08\/anses7.jpg\" alt=\"\" class=\"wp-image-1953\" srcset=\"https:\/\/morenoprimero.com.ar\/archivo\/wp-content\/uploads\/2020\/08\/anses7.jpg 526w, https:\/\/morenoprimero.com.ar\/archivo\/wp-content\/uploads\/2020\/08\/anses7-300x100.jpg 300w\" sizes=\"auto, (max-width: 526px) 100vw, 526px\" \/><\/figure>\n\n\n\n<figure class=\"wp-block-image size-large\"><img loading=\"lazy\" decoding=\"async\" width=\"607\" height=\"136\" src=\"https:\/\/morenoprimero.com.ar\/wp-content\/uploads\/2020\/08\/anses8.jpg\" alt=\"\" class=\"wp-image-1954\" srcset=\"https:\/\/morenoprimero.com.ar\/archivo\/wp-content\/uploads\/2020\/08\/anses8.jpg 607w, https:\/\/morenoprimero.com.ar\/archivo\/wp-content\/uploads\/2020\/08\/anses8-300x67.jpg 300w\" sizes=\"auto, (max-width: 607px) 100vw, 607px\" \/><\/figure>\n\n\n\n<figure class=\"wp-block-image size-large\"><img loading=\"lazy\" decoding=\"async\" width=\"502\" height=\"168\" src=\"https:\/\/morenoprimero.com.ar\/wp-content\/uploads\/2020\/08\/anses9.jpg\" alt=\"\" class=\"wp-image-1955\" srcset=\"https:\/\/morenoprimero.com.ar\/archivo\/wp-content\/uploads\/2020\/08\/anses9.jpg 502w, https:\/\/morenoprimero.com.ar\/archivo\/wp-content\/uploads\/2020\/08\/anses9-300x100.jpg 300w\" sizes=\"auto, (max-width: 502px) 100vw, 502px\" \/><\/figure>\n","protected":false},"excerpt":{"rendered":"<p>La ANSES informa los calendarios de pago del mes de septiembre para jubilados y pensionados, Pensiones No Contributivas, beneficiarios de la Asignaci\u00f3n Universal por Hijo y por Embarazo, de la Prestaci\u00f3n por Desempleo y Asignaciones Familiares y de Pago \u00danico &hellip; <a href=\"https:\/\/morenoprimero.com.ar\/archivo\/calendarios-de-pago-anses-de-septiembre\/\">Sigue leyendo <span class=\"meta-nav\">&rarr;<\/span><\/a><\/p>\n","protected":false},"author":6,"featured_media":1786,"comment_status":"open","ping_status":"open","sticky":false,"template":"","format":"standard","meta":{"footnotes":""},"categories":[21,5,20],"tags":[36,551,81],"class_list":["post-1917","post","type-post","status-publish","format-standard","has-post-thumbnail","hentry","category-interes-general","category-recomendadas","category-sociedad","tag-anses","tag-pago-anses","tag-tramites-anses"],"_links":{"self":[{"href":"https:\/\/morenoprimero.com.ar\/archivo\/wp-json\/wp\/v2\/posts\/1917","targetHints":{"allow":["GET"]}}],"collection":[{"href":"https:\/\/morenoprimero.com.ar\/archivo\/wp-json\/wp\/v2\/posts"}],"about":[{"href":"https:\/\/morenoprimero.com.ar\/archivo\/wp-json\/wp\/v2\/types\/post"}],"author":[{"embeddable":true,"href":"https:\/\/morenoprimero.com.ar\/archivo\/wp-json\/wp\/v2\/users\/6"}],"replies":[{"embeddable":true,"href":"https:\/\/morenoprimero.com.ar\/archivo\/wp-json\/wp\/v2\/comments?post=1917"}],"version-history":[{"count":1,"href":"https:\/\/morenoprimero.com.ar\/archivo\/wp-json\/wp\/v2\/posts\/1917\/revisions"}],"predecessor-version":[{"id":1957,"href":"https:\/\/morenoprimero.com.ar\/archivo\/wp-json\/wp\/v2\/posts\/1917\/revisions\/1957"}],"wp:featuredmedia":[{"embeddable":true,"href":"https:\/\/morenoprimero.com.ar\/archivo\/wp-json\/wp\/v2\/media\/1786"}],"wp:attachment":[{"href":"https:\/\/morenoprimero.com.ar\/archivo\/wp-json\/wp\/v2\/media?parent=1917"}],"wp:term":[{"taxonomy":"category","embeddable":true,"href":"https:\/\/morenoprimero.com.ar\/archivo\/wp-json\/wp\/v2\/categories?post=1917"},{"taxonomy":"post_tag","embeddable":true,"href":"https:\/\/morenoprimero.com.ar\/archivo\/wp-json\/wp\/v2\/tags?post=1917"}],"curies":[{"name":"wp","href":"https:\/\/api.w.org\/{rel}","templated":true}]}}