{"id":1910,"date":"2020-08-30T09:00:19","date_gmt":"2020-08-30T09:00:19","guid":{"rendered":"https:\/\/morenoprimero.com.ar\/?p=1910"},"modified":"2021-01-14T22:18:59","modified_gmt":"2021-01-14T22:18:59","slug":"nueva-casa-de-acompanamiento-para-personas-en-situacion-de-calle","status":"publish","type":"post","link":"https:\/\/morenoprimero.com.ar\/archivo\/nueva-casa-de-acompanamiento-para-personas-en-situacion-de-calle\/","title":{"rendered":"NUEVA CASA DE ACOMPA\u00d1AMIENTO PARA PERSONAS EN SITUACI\u00d3N DE CALLE"},"content":{"rendered":"\n<p>En el marco del aislamiento social, preventivo y obligatorio la Direcci\u00f3n de Asistencia y Acompa\u00f1amiento a personas en situaci\u00f3n de calle sum\u00f3 una nueva casa de acogida, denominada \u201cdormis\u201d, instalada en la calle Tucum\u00e1n, en Moreno Centro.<\/p>\n\n\n\n<p>Desde el inicio de la pandemia y a trav\u00e9s de esta direcci\u00f3n, <strong>la Secretar\u00eda de Desarrollo Comunitario lleva alojadas a 55 personas y desarrolla su trabajo articulando con diferentes \u00e1reas del Estado, organizaciones sociales e iglesias para brindar una asistencia integral que priorice el cuidado de la salud.<\/strong><\/p>\n\n\n\n<p>\u201c<strong>Gracias al aporte de los vecinos y, fundamentalmente, al compromiso del Estado municipal contamos con un nuevo establecimiento para cumplir con nuestro objetivo de poder ampliar las posibilidades de elecci\u00f3n a aquellos que s\u00f3lo tienen la calle como opci\u00f3n<\/strong>\u201d, dijo Yanina Avila, responsable del \u00e1rea y t\u00e9cnica en minoridad y familia.<\/p>\n\n\n\n<p>El nuevo espacio se encuentra adaptado a los protocolos sanitarios para reducir el riesgo de contagio de Covid-19 y cumplir dos semanas de aislamiento, previo a la convivencia con el grupo residente.<\/p>\n\n\n\n<p>Adem\u00e1s, <strong>en cada una de las casas \u2013que funcionan las 24 horas- desarrollan diferentes actividades<\/strong> para quienes se encuentran alojados como talleres de reciclaje, cine debate, huerta, taller de escucha y cuenta con salas comunes para el restablecimiento de los v\u00ednculos familiares, de la identidad y la reconstituci\u00f3n de derechos desde la consigna \u00abla calle no es un lugar para vivir\u00bb.<\/p>\n\n\n\n<p>Asimismo realizan operativos diarios de asistencia a las personas que a\u00fan contin\u00faan con la vida en calle otorgando abrigo, vianda, productos de higiene y elementos de protecci\u00f3n personal.<\/p>\n\n\n\n<p>Para m\u00e1s informaci\u00f3n comunicarse al (0237) 460- 2496.<\/p>\n","protected":false},"excerpt":{"rendered":"<p>En el marco del aislamiento social, preventivo y obligatorio la Direcci\u00f3n de Asistencia y Acompa\u00f1amiento a personas en situaci\u00f3n de calle sum\u00f3 una nueva casa de acogida, denominada \u201cdormis\u201d, instalada en la calle Tucum\u00e1n, en Moreno Centro. Desde el inicio &hellip; <a href=\"https:\/\/morenoprimero.com.ar\/archivo\/nueva-casa-de-acompanamiento-para-personas-en-situacion-de-calle\/\">Sigue leyendo <span class=\"meta-nav\">&rarr;<\/span><\/a><\/p>\n","protected":false},"author":6,"featured_media":1911,"comment_status":"open","ping_status":"open","sticky":false,"template":"","format":"standard","meta":{"footnotes":""},"categories":[21,20],"tags":[235,94,538],"class_list":["post-1910","post","type-post","status-publish","format-standard","has-post-thumbnail","hentry","category-interes-general","category-sociedad","tag-aspo","tag-covid-19","tag-dormis"],"_links":{"self":[{"href":"https:\/\/morenoprimero.com.ar\/archivo\/wp-json\/wp\/v2\/posts\/1910","targetHints":{"allow":["GET"]}}],"collection":[{"href":"https:\/\/morenoprimero.com.ar\/archivo\/wp-json\/wp\/v2\/posts"}],"about":[{"href":"https:\/\/morenoprimero.com.ar\/archivo\/wp-json\/wp\/v2\/types\/post"}],"author":[{"embeddable":true,"href":"https:\/\/morenoprimero.com.ar\/archivo\/wp-json\/wp\/v2\/users\/6"}],"replies":[{"embeddable":true,"href":"https:\/\/morenoprimero.com.ar\/archivo\/wp-json\/wp\/v2\/comments?post=1910"}],"version-history":[{"count":2,"href":"https:\/\/morenoprimero.com.ar\/archivo\/wp-json\/wp\/v2\/posts\/1910\/revisions"}],"predecessor-version":[{"id":7727,"href":"https:\/\/morenoprimero.com.ar\/archivo\/wp-json\/wp\/v2\/posts\/1910\/revisions\/7727"}],"wp:featuredmedia":[{"embeddable":true,"href":"https:\/\/morenoprimero.com.ar\/archivo\/wp-json\/wp\/v2\/media\/1911"}],"wp:attachment":[{"href":"https:\/\/morenoprimero.com.ar\/archivo\/wp-json\/wp\/v2\/media?parent=1910"}],"wp:term":[{"taxonomy":"category","embeddable":true,"href":"https:\/\/morenoprimero.com.ar\/archivo\/wp-json\/wp\/v2\/categories?post=1910"},{"taxonomy":"post_tag","embeddable":true,"href":"https:\/\/morenoprimero.com.ar\/archivo\/wp-json\/wp\/v2\/tags?post=1910"}],"curies":[{"name":"wp","href":"https:\/\/api.w.org\/{rel}","templated":true}]}}