{"id":1882,"date":"2020-08-30T21:00:30","date_gmt":"2020-08-30T21:00:30","guid":{"rendered":"https:\/\/morenoprimero.com.ar\/?p=1882"},"modified":"2020-08-28T17:24:30","modified_gmt":"2020-08-28T17:24:30","slug":"horacio-chique-respondio-las-expresiones-de-marcelo-cosme-en-la-sesion-del-hcd","status":"publish","type":"post","link":"https:\/\/morenoprimero.com.ar\/archivo\/horacio-chique-respondio-las-expresiones-de-marcelo-cosme-en-la-sesion-del-hcd\/","title":{"rendered":"HORACIO CHIQU\u00c9 RESPONDI\u00d3 LAS EXPRESIONES DE MARCELO COSME EN LA SESI\u00d3N DEL HCD"},"content":{"rendered":"\n<h4 class=\"wp-block-heading\">&nbsp; &nbsp;El concejal Horacio&nbsp;Chiqu\u00e9&nbsp;hizo dos veces uso de la palabra para dirigirse a los dichos de Marcelo Cosme, quien habr\u00eda dirigido sus expresiones hacia&nbsp;Chiqu\u00e9&nbsp;en dos ocasiones.&nbsp;&nbsp;<\/h4>\n\n\n\n<p>\u00a0 <strong>\u00a0<\/strong>La 9\u00b0 sesi\u00f3n del Honorable Concejo Deliberante estuvo marcada por un acalorado debate donde las diferencias hacia el interior de uno y otro bloque brotaron durante las largas horas de discusi\u00f3n.\u00a0\u00a0<\/p>\n\n\n\n<p>&nbsp; &nbsp;<strong>En este marco de discusi\u00f3n, el concejal&nbsp;Chiqu\u00e9&nbsp;hizo uso de la palabra para contestar \u201calgunas inexactitudes\u201d<\/strong>:&nbsp;<\/p>\n\n\n\n<p>\u00a0 \u00a0\u00a0<em> \u00a0Simplemente como fui aludido quiero contestar algunas inexactitudes. Se dijo que este concejal representaba al intendente anterior. Lo que digo, independientemente de que el intendente anterior es mi amigo, es que yo fui elegido por Unidad Ciudadana, no por la lista de uno u otros. De los seis que estamos ac\u00e1, unos ven\u00edan de la agrupaci\u00f3n del ex intendente y otros de otro lado. Es cierto, yo llegu\u00e9 con Nuevo Encuentro, y hoy soy orgulloso promotor de Puebla en el orden nacional.\u00a0 Por otro lado, en la cuesti\u00f3n de que han estado hu\u00e9rfanos, yo creo que todos los que participaron en la discusi\u00f3n de bloque sobre este pliego, puedo decir que quien les habla, no el \u00fanico, pero quien les habla, plante\u00f3 la cuesti\u00f3n de los trabajadores. Ning\u00fan gremio vino al HCD para ver la cuesti\u00f3n de estos trabajadores municipales. Represento a los trabajadores, aunque no soy un gremio, lo hice en diciembre cuando echaron a 600 trabajadores y lo sigo haciendo ahora.\u00a0<\/em><\/p>\n\n\n\n<p><strong>\u00a0 \u00a0Luego, volvi\u00f3 a hacer uso de la palabra para realizar la siguiente aclaraci\u00f3n:<\/strong><\/p>\n\n\n\n<p>\u00a0 <em>Siempre vamos a ir donde nos inviten los trabajadores. Fuimos invitados a camioneros y fuimos sin\u00a0ning\u00fan\u00a0compromiso ni tampoco fuimos a llorar.\u00a0<\/em><\/p>\n","protected":false},"excerpt":{"rendered":"<p>&nbsp; &nbsp;El concejal Horacio&nbsp;Chiqu\u00e9&nbsp;hizo dos veces uso de la palabra para dirigirse a los dichos de Marcelo Cosme, quien habr\u00eda dirigido sus expresiones hacia&nbsp;Chiqu\u00e9&nbsp;en dos ocasiones.&nbsp;&nbsp; \u00a0 \u00a0La 9\u00b0 sesi\u00f3n del Honorable Concejo Deliberante estuvo marcada por un acalorado debate &hellip; <a href=\"https:\/\/morenoprimero.com.ar\/archivo\/horacio-chique-respondio-las-expresiones-de-marcelo-cosme-en-la-sesion-del-hcd\/\">Sigue leyendo <span class=\"meta-nav\">&rarr;<\/span><\/a><\/p>\n","protected":false},"author":6,"featured_media":1906,"comment_status":"open","ping_status":"open","sticky":false,"template":"","format":"standard","meta":{"footnotes":""},"categories":[27,5,20],"tags":[310,531],"class_list":["post-1882","post","type-post","status-publish","format-standard","has-post-thumbnail","hentry","category-politica","category-recomendadas","category-sociedad","tag-horacio-chique","tag-nuevo-sistema-de-recoleccion-de-residuos"],"_links":{"self":[{"href":"https:\/\/morenoprimero.com.ar\/archivo\/wp-json\/wp\/v2\/posts\/1882","targetHints":{"allow":["GET"]}}],"collection":[{"href":"https:\/\/morenoprimero.com.ar\/archivo\/wp-json\/wp\/v2\/posts"}],"about":[{"href":"https:\/\/morenoprimero.com.ar\/archivo\/wp-json\/wp\/v2\/types\/post"}],"author":[{"embeddable":true,"href":"https:\/\/morenoprimero.com.ar\/archivo\/wp-json\/wp\/v2\/users\/6"}],"replies":[{"embeddable":true,"href":"https:\/\/morenoprimero.com.ar\/archivo\/wp-json\/wp\/v2\/comments?post=1882"}],"version-history":[{"count":2,"href":"https:\/\/morenoprimero.com.ar\/archivo\/wp-json\/wp\/v2\/posts\/1882\/revisions"}],"predecessor-version":[{"id":1907,"href":"https:\/\/morenoprimero.com.ar\/archivo\/wp-json\/wp\/v2\/posts\/1882\/revisions\/1907"}],"wp:featuredmedia":[{"embeddable":true,"href":"https:\/\/morenoprimero.com.ar\/archivo\/wp-json\/wp\/v2\/media\/1906"}],"wp:attachment":[{"href":"https:\/\/morenoprimero.com.ar\/archivo\/wp-json\/wp\/v2\/media?parent=1882"}],"wp:term":[{"taxonomy":"category","embeddable":true,"href":"https:\/\/morenoprimero.com.ar\/archivo\/wp-json\/wp\/v2\/categories?post=1882"},{"taxonomy":"post_tag","embeddable":true,"href":"https:\/\/morenoprimero.com.ar\/archivo\/wp-json\/wp\/v2\/tags?post=1882"}],"curies":[{"name":"wp","href":"https:\/\/api.w.org\/{rel}","templated":true}]}}