{"id":18818,"date":"2021-09-29T15:47:14","date_gmt":"2021-09-29T18:47:14","guid":{"rendered":"https:\/\/morenoprimero.com.ar\/?p=18818"},"modified":"2021-09-29T17:18:32","modified_gmt":"2021-09-29T20:18:32","slug":"peregrinacion-a-lujan-como-seran-los-protocolos-de-cuidado","status":"publish","type":"post","link":"https:\/\/morenoprimero.com.ar\/archivo\/peregrinacion-a-lujan-como-seran-los-protocolos-de-cuidado\/","title":{"rendered":"Peregrinaci\u00f3n a Luj\u00e1n: C\u00f3mo ser\u00e1n los protocolos de cuidado"},"content":{"rendered":"\n<p>Este fin de semana volver\u00e1 a realizarse la tradicional <strong>peregrinaci\u00f3n a Luj\u00e1n<\/strong>, que tendr\u00e1 sus modalidades presencial y virtual, seg\u00fan anticip\u00f3 la Comisi\u00f3n Arquidiocesana de Piedad Popular, a cargo de la organizaci\u00f3n.<\/p>\n\n\n\n<p><strong>\u201cMadre del Pueblo, te pedimos por la salud y el trabajo\u201d<\/strong> ser\u00e1 el lema de la 47ma. Peregrinaci\u00f3n Juvenil a pie a Luj\u00e1n prevista para los d\u00edas 2 y 3 de octubre. <strong>Una consigna que sintetiza dos puntos claves que en este contexto de emergencia sanitaria, han estado muy vulnerados y defendidos por un pueblo que est\u00e1 de pie y que camina.&nbsp;&nbsp;<\/strong><\/p>\n\n\n\n<p>\u201cAtravesando la pandemia por Covid en un tiempo en que se puede caminar con todos los cuidados recomendados, los peregrinos podr\u00e1n participar presencialmente de una de las mayores muestras de fe de la Argentina\u201d, destacaron los organizadores.<\/p>\n\n\n\n<p>El <strong>Padre Juan Bautista Xatruch<\/strong>, coordinador de la peregrinaci\u00f3n juvenil a Luj\u00e1n, sostuvo hoy que \u00abse atender\u00e1 con todos los protocolos de bioseguridad necesarios\u00bb a los fieles. Se\u00f1al\u00f3 que en v\u00edsperas de la nueva peregrinaci\u00f3n a Luj\u00e1n dentro del contexto actual, \u00abbuscaremos organizar los servicios a los que se larguen al camino en este a\u00f1o particular en donde se les da algunas recomendaciones para el cuidado de todos\u201d.<\/p>\n\n\n\n<p>Adem\u00e1s, se recomienda a las y los peregrinos salir, o m\u00e1s temprano o m\u00e1s tarde, para poder facilitar la participaci\u00f3n de todos con el distanciamiento necesario.&nbsp;<\/p>\n\n\n\n<p>Por otra parte, desde la organizaci\u00f3n de esta hist\u00f3rica tradici\u00f3n religiosa aseguran que si la situaci\u00f3n sanitaria tiene alg\u00fan cambio para el momento de la peregrinaci\u00f3n y desde el Gobierno se tomara alguna medida \u201chabr\u00eda que cambiar el plan\u201d pero \u201cen principio se va haciendo porque igualmente todo esto no se podr\u00eda armar en cinco d\u00edas\u201d.<\/p>\n\n\n\n<p>Como desde hace algunos a\u00f1os, <strong>se podr\u00e1 vivir y acompa\u00f1ar la peregrinaci\u00f3n desde las redes sociales, y todas las celebraciones ser\u00e1n compartidas de modo virtual en Facebook e Instagram LaPereLuj\u00e1n.<\/strong><\/p>\n\n\n\n<p>Para poder disfrutar el recorrido y cuidarnos entre todos, se recomienda:&nbsp;<\/p>\n\n\n\n<p>-Evitar el transporte p\u00fablico en lo posible.<\/p>\n\n\n\n<p>-Salir desde las <strong>6am<\/strong> para evitar la salida principal del mediod\u00eda cuando se junta mayor cantidad de gente.<\/p>\n\n\n\n<p>-Llevar comida propia.<\/p>\n\n\n\n<p>-Contemplar el uso de los protocolos de cuidado personal para cuidar a los peregrinos y servidores del grupo parroquial.<\/p>\n\n\n\n<p>-Se recomienda que todos tengan <strong>al menos una dosis de la vacuna.<\/strong><\/p>\n\n\n\n<p>-El uso permanente de <strong>barbijo <\/strong>y la previsi\u00f3n de varios recambios, llevar elementos de<strong> higiene y sanitizaci\u00f3n personal.<\/strong>-No dejar basura en la ruta, <strong>hacer un manejo responsable de los desechos <\/strong>as\u00ed como embolsarlos de modo correcto y llevarlos a un lugar seguro.<\/p>\n","protected":false},"excerpt":{"rendered":"<p>Este fin de semana volver\u00e1 a realizarse la tradicional peregrinaci\u00f3n a Luj\u00e1n, que tendr\u00e1 sus modalidades presencial y virtual, seg\u00fan anticip\u00f3 la Comisi\u00f3n Arquidiocesana de Piedad Popular, a cargo de la organizaci\u00f3n. \u201cMadre del Pueblo, te pedimos por la salud &hellip; <a href=\"https:\/\/morenoprimero.com.ar\/archivo\/peregrinacion-a-lujan-como-seran-los-protocolos-de-cuidado\/\">Sigue leyendo <span class=\"meta-nav\">&rarr;<\/span><\/a><\/p>\n","protected":false},"author":6,"featured_media":18819,"comment_status":"closed","ping_status":"closed","sticky":false,"template":"","format":"standard","meta":{"footnotes":""},"categories":[3,21],"tags":[3196],"class_list":["post-18818","post","type-post","status-publish","format-standard","has-post-thumbnail","hentry","category-importantes","category-interes-general","tag-peregrinacion-a-lujan-2021"],"_links":{"self":[{"href":"https:\/\/morenoprimero.com.ar\/archivo\/wp-json\/wp\/v2\/posts\/18818","targetHints":{"allow":["GET"]}}],"collection":[{"href":"https:\/\/morenoprimero.com.ar\/archivo\/wp-json\/wp\/v2\/posts"}],"about":[{"href":"https:\/\/morenoprimero.com.ar\/archivo\/wp-json\/wp\/v2\/types\/post"}],"author":[{"embeddable":true,"href":"https:\/\/morenoprimero.com.ar\/archivo\/wp-json\/wp\/v2\/users\/6"}],"replies":[{"embeddable":true,"href":"https:\/\/morenoprimero.com.ar\/archivo\/wp-json\/wp\/v2\/comments?post=18818"}],"version-history":[{"count":1,"href":"https:\/\/morenoprimero.com.ar\/archivo\/wp-json\/wp\/v2\/posts\/18818\/revisions"}],"predecessor-version":[{"id":18820,"href":"https:\/\/morenoprimero.com.ar\/archivo\/wp-json\/wp\/v2\/posts\/18818\/revisions\/18820"}],"wp:featuredmedia":[{"embeddable":true,"href":"https:\/\/morenoprimero.com.ar\/archivo\/wp-json\/wp\/v2\/media\/18819"}],"wp:attachment":[{"href":"https:\/\/morenoprimero.com.ar\/archivo\/wp-json\/wp\/v2\/media?parent=18818"}],"wp:term":[{"taxonomy":"category","embeddable":true,"href":"https:\/\/morenoprimero.com.ar\/archivo\/wp-json\/wp\/v2\/categories?post=18818"},{"taxonomy":"post_tag","embeddable":true,"href":"https:\/\/morenoprimero.com.ar\/archivo\/wp-json\/wp\/v2\/tags?post=18818"}],"curies":[{"name":"wp","href":"https:\/\/api.w.org\/{rel}","templated":true}]}}