{"id":18773,"date":"2021-09-28T19:19:19","date_gmt":"2021-09-28T22:19:19","guid":{"rendered":"https:\/\/morenoprimero.com.ar\/?p=18773"},"modified":"2022-11-15T09:43:37","modified_gmt":"2022-11-15T12:43:37","slug":"moreno-comenzo-la-obra-del-sum-de-la-comunidad-en-el-barrio-manantiales","status":"publish","type":"post","link":"https:\/\/morenoprimero.com.ar\/archivo\/moreno-comenzo-la-obra-del-sum-de-la-comunidad-en-el-barrio-manantiales\/","title":{"rendered":"Moreno: Comenz\u00f3 la obra del SUM de la comunidad en el barrio Manantiales"},"content":{"rendered":"\n<p>Ser\u00e1 destinado a la integraci\u00f3n y al desarrollo comunitario y beneficiar\u00e1 a m\u00e1s de 7 mil vecinas y vecinos.<\/p>\n\n\n\n<p>El <strong>Municipio de Moreno<\/strong> junto a la<strong> Subsecretar\u00eda de H\u00e1bitat de la Comunidad de la Provincia de Buenos Aires<\/strong>, puso en marcha la obra de<strong>l Sal\u00f3n de Usos M\u00faltiples (SUM) de la Comunidad en el barrio Manantiales<\/strong>que tiene como objetivo brindar un espacio de integraci\u00f3n y de encuentro para las y los vecinos.\u00a0<\/p>\n\n\n\n<p><strong>Este SUM surge en el marco de la relocalizaci\u00f3n de las familias que se encontraban en el predio de la Ruta 23 <\/strong>y se encuentra ubicado sobre las calles Tierra del Fuego y Padre Fahy. Cuenta con una superficie cubierta de 295 m2 donde se construir\u00e1 un sal\u00f3n amplio, ba\u00f1os, oficinas y un play\u00f3n de usos m\u00faltiples de 100 m2 en el exterior y se estima que finalice en 120 d\u00edas. El presupuesto del convenio asciende a los $15.709.722,26 pesos y beneficiar\u00e1 a 7.398 habitantes morenenses.Este SUM se suma a los que ya funcionan en Parque del Oeste y Los Hornos en la localidad de Cuartel V. <strong>De esta forma, gracias a la articulaci\u00f3n entre el Estado municipal y el provincial, Moreno contar\u00e1 con tres espacios destinados a la integraci\u00f3n y al desarrollo comunitario.<\/strong><\/p>\n\n\n\n<figure class=\"wp-block-image size-large\"><a href=\"https:\/\/morenoprimero.com.ar\/wp-content\/uploads\/2021\/09\/WhatsApp-Image-2021-09-28-at-7.17.48-PM.jpeg\"><img loading=\"lazy\" decoding=\"async\" width=\"1024\" height=\"768\" src=\"https:\/\/morenoprimero.com.ar\/wp-content\/uploads\/2021\/09\/WhatsApp-Image-2021-09-28-at-7.17.48-PM-1024x768.jpeg\" alt=\"\" class=\"wp-image-18775\" srcset=\"https:\/\/morenoprimero.com.ar\/archivo\/wp-content\/uploads\/2021\/09\/WhatsApp-Image-2021-09-28-at-7.17.48-PM-1024x768.jpeg 1024w, https:\/\/morenoprimero.com.ar\/archivo\/wp-content\/uploads\/2021\/09\/WhatsApp-Image-2021-09-28-at-7.17.48-PM-300x225.jpeg 300w, https:\/\/morenoprimero.com.ar\/archivo\/wp-content\/uploads\/2021\/09\/WhatsApp-Image-2021-09-28-at-7.17.48-PM-768x576.jpeg 768w, https:\/\/morenoprimero.com.ar\/archivo\/wp-content\/uploads\/2021\/09\/WhatsApp-Image-2021-09-28-at-7.17.48-PM.jpeg 1280w\" sizes=\"auto, (max-width: 1024px) 100vw, 1024px\" \/><\/a><\/figure>\n\n\n","protected":false},"excerpt":{"rendered":"<p>Ser\u00e1 destinado a la integraci\u00f3n y al desarrollo comunitario y beneficiar\u00e1 a m\u00e1s de 7 mil vecinas y vecinos. El Municipio de Moreno junto a la Subsecretar\u00eda de H\u00e1bitat de la Comunidad de la Provincia de Buenos Aires, puso en &hellip; <a href=\"https:\/\/morenoprimero.com.ar\/archivo\/moreno-comenzo-la-obra-del-sum-de-la-comunidad-en-el-barrio-manantiales\/\">Sigue leyendo <span class=\"meta-nav\">&rarr;<\/span><\/a><\/p>\n","protected":false},"author":6,"featured_media":18774,"comment_status":"closed","ping_status":"closed","sticky":false,"template":"","format":"standard","meta":{"footnotes":""},"categories":[3,2454,2328,20],"tags":[25,1037,276,714,3195,3194],"class_list":["post-18773","post","type-post","status-publish","format-standard","has-post-thumbnail","hentry","category-importantes","category-lareja","category-local","category-sociedad","tag-la-reja","tag-manantiales","tag-mariel-fernandez","tag-municipalidad-de-moreno","tag-subsecretaria-de-habitat-de-la-comunidad-de-la-provincia-de-buenos-aires","tag-sum"],"_links":{"self":[{"href":"https:\/\/morenoprimero.com.ar\/archivo\/wp-json\/wp\/v2\/posts\/18773","targetHints":{"allow":["GET"]}}],"collection":[{"href":"https:\/\/morenoprimero.com.ar\/archivo\/wp-json\/wp\/v2\/posts"}],"about":[{"href":"https:\/\/morenoprimero.com.ar\/archivo\/wp-json\/wp\/v2\/types\/post"}],"author":[{"embeddable":true,"href":"https:\/\/morenoprimero.com.ar\/archivo\/wp-json\/wp\/v2\/users\/6"}],"replies":[{"embeddable":true,"href":"https:\/\/morenoprimero.com.ar\/archivo\/wp-json\/wp\/v2\/comments?post=18773"}],"version-history":[{"count":2,"href":"https:\/\/morenoprimero.com.ar\/archivo\/wp-json\/wp\/v2\/posts\/18773\/revisions"}],"predecessor-version":[{"id":34225,"href":"https:\/\/morenoprimero.com.ar\/archivo\/wp-json\/wp\/v2\/posts\/18773\/revisions\/34225"}],"wp:featuredmedia":[{"embeddable":true,"href":"https:\/\/morenoprimero.com.ar\/archivo\/wp-json\/wp\/v2\/media\/18774"}],"wp:attachment":[{"href":"https:\/\/morenoprimero.com.ar\/archivo\/wp-json\/wp\/v2\/media?parent=18773"}],"wp:term":[{"taxonomy":"category","embeddable":true,"href":"https:\/\/morenoprimero.com.ar\/archivo\/wp-json\/wp\/v2\/categories?post=18773"},{"taxonomy":"post_tag","embeddable":true,"href":"https:\/\/morenoprimero.com.ar\/archivo\/wp-json\/wp\/v2\/tags?post=18773"}],"curies":[{"name":"wp","href":"https:\/\/api.w.org\/{rel}","templated":true}]}}