{"id":18605,"date":"2021-09-24T16:06:23","date_gmt":"2021-09-24T19:06:23","guid":{"rendered":"https:\/\/morenoprimero.com.ar\/?p=18605"},"modified":"2021-09-24T17:34:31","modified_gmt":"2021-09-24T20:34:31","slug":"24s-una-nueva-movilizacion-mundial-por-la-crisis-climatica","status":"publish","type":"post","link":"https:\/\/morenoprimero.com.ar\/archivo\/24s-una-nueva-movilizacion-mundial-por-la-crisis-climatica\/","title":{"rendered":"24S: Una nueva movilizaci\u00f3n mundial por la crisis clim\u00e1tica"},"content":{"rendered":"\n<h5 class=\"wp-block-heading\">Este viernes desde las 17 horas se realizar\u00e1 en distintos puntos del pa\u00eds, y del mundo, una marcha por la crisis clim\u00e1tica encabezada por \u2018J\u00f3venes&nbsp;por el clima Argentina\u2019. En di\u00e1logo con Moreno Primero, Ludmila Casal de \u00abProsperar Moreno\u00bb, relata por qu\u00e9 es importante sumarse a la movilizaci\u00f3n. Tambi\u00e9n te contamos qu\u00e9 actividades se realizan desde el municipio de Moreno en pos del medioambiente.<\/h5>\n\n\n\n<p>En el marco de la octava movilizaci\u00f3n por el clima, convocada por el movimiento juvenil \u201cFridays&nbsp;for&nbsp;future\u201d encabezada por <strong>Greta Thunberg <\/strong>la joven activista por el cambio clim\u00e1tico, la agrupaci\u00f3n \u2018J\u00f3venes por el Clima Argentina\u2019 (JOCA) convoc\u00f3 a diferentes j\u00f3venes de varios puntos del pa\u00eds para tomar conciencia y alzar la voz por el medioambiente este viernes 24 de septiembre. La movilizaci\u00f3n central ser\u00e1 desde Plaza de Mayo hasta el Congreso de la Naci\u00f3n a partir de las 17 horas.&nbsp;<\/p>\n\n\n\n<p>Uno de los reclamos para esta jornada consiste en exigir la ley de humedales para proteger los ecosistemas, ya que, el 21% se degrad\u00f3 debido a cuestiones relacionadas al trabajo minero, el avance de la frontera agropecuaria y ganadera y el incendio de varias hect\u00e1reas del delta del Paran\u00e1 y diferentes puntos del pa\u00eds devastando flora y fauna de los mismos.&nbsp;&nbsp;<\/p>\n\n\n\n<p>Por otro lado, desde <strong>Prosperar Moreno<\/strong>, se sumar\u00e1n a la movilizaci\u00f3n de este viernes por la tarde, y al respecto, Ludmila Casal integrante de la Organizaci\u00f3n No gubernamental&nbsp;que busca generar conciencia respecto a la situaci\u00f3n socioambiental, explic\u00f3: <strong>\u201cEs importante marchar hoy&nbsp;por un mundo&nbsp;mas&nbsp;sustentable, que va&nbsp;mas&nbsp;all\u00e1 de cuestiones apartidarias, creo que el tema medioambiental es algo que nos interpela a&nbsp;todxs&nbsp;como&nbsp;ciudadanxs, tenemos que entender que no hay planeta B, el momento de acci\u00f3n es ahora<\/strong>\u201d.&nbsp;<\/p>\n\n\n\n<div class=\"wp-block-image\"><figure class=\"aligncenter size-large\"><a href=\"https:\/\/morenoprimero.com.ar\/wp-content\/uploads\/2021\/09\/jornada-de-educacion-ambiental-en-la-escuela.jpg\"><img loading=\"lazy\" decoding=\"async\" width=\"1024\" height=\"575\" src=\"https:\/\/morenoprimero.com.ar\/wp-content\/uploads\/2021\/09\/jornada-de-educacion-ambiental-en-la-escuela-1024x575.jpg\" alt=\"\" class=\"wp-image-18607\" srcset=\"https:\/\/morenoprimero.com.ar\/archivo\/wp-content\/uploads\/2021\/09\/jornada-de-educacion-ambiental-en-la-escuela-1024x575.jpg 1024w, https:\/\/morenoprimero.com.ar\/archivo\/wp-content\/uploads\/2021\/09\/jornada-de-educacion-ambiental-en-la-escuela-300x168.jpg 300w, https:\/\/morenoprimero.com.ar\/archivo\/wp-content\/uploads\/2021\/09\/jornada-de-educacion-ambiental-en-la-escuela-768x431.jpg 768w, https:\/\/morenoprimero.com.ar\/archivo\/wp-content\/uploads\/2021\/09\/jornada-de-educacion-ambiental-en-la-escuela.jpg 1080w\" sizes=\"auto, (max-width: 1024px) 100vw, 1024px\" \/><\/a><figcaption>Jornada de educaci\u00f3n ambiental en la Escuela T\u00e9cnica N\u00b01.<\/figcaption><\/figure><\/div>\n\n\n\n<blockquote class=\"wp-block-quote is-layout-flow wp-block-quote-is-layout-flow\"><p>\u201cLxs&nbsp;j\u00f3venes estamos despertando y somos conscientes de que debemos luchar por un ambiente sostenible para todas las personas que lo habitamos, las consecuencias del cambio clim\u00e1tico son pura y exclusivamente de nuestras acciones como humanos, necesitamos actuar urgentemente, es importante lograr una ley de humedales y generar un plan de adaptaci\u00f3n y financiamiento adaptado al cambio clim\u00e1tico\u201d manifest\u00f3 Ludmila.&nbsp;<\/p><\/blockquote>\n\n\n\n<p>Por otro lado, la pregunta de esta octava movilizaci\u00f3n por el clima es: \u00bfQu\u00e9 te moviliza?, la joven destac\u00f3 que: \u00ab<strong>La respuesta a esto es que a&nbsp;mi&nbsp;me moviliza dejar un futuro sustentable para las generaciones entrantes, con consciencia y perspectiva ambiental que la lucha se contagie, que cada uno aportando su granito de arena ayude y luche por el mundo en el que vivimos<\/strong>\u00ab<\/p>\n\n\n\n<p>Desde la comunidad de Moreno, en conjunto con diferentes \u00e1reas del municipio, como, por ejemplo, la secretaria de ambiente y desarrollo sostenible, desde hace dos a\u00f1os, impulsan diferentes pol\u00edticas en&nbsp;pos&nbsp;de medioambiente. Jornadas de educaci\u00f3n ambiental en las escuelas, la ubicaci\u00f3n de m\u00e1s de 15 puntos verdes en cada localidad del distrito donde se reciclan pl\u00e1sticos, se reciben residuos org\u00e1nicos para las composteras barriales, se realizan limpiezas de grandes basurales, embellecen las plazas y jardines con material reciclado, entre varias iniciativas m\u00e1s.<\/p>\n\n\n\n<p><\/p>\n\n\n\n<figure class=\"wp-block-gallery columns-3 is-cropped wp-block-gallery-1 is-layout-flex wp-block-gallery-is-layout-flex\"><ul class=\"blocks-gallery-grid\"><li class=\"blocks-gallery-item\"><figure><a href=\"https:\/\/morenoprimero.com.ar\/wp-content\/uploads\/2021\/09\/WhatsApp-Image-2021-09-24-at-15.34.12.jpeg\"><img loading=\"lazy\" decoding=\"async\" width=\"720\" height=\"709\" src=\"https:\/\/morenoprimero.com.ar\/wp-content\/uploads\/2021\/09\/WhatsApp-Image-2021-09-24-at-15.34.12.jpeg\" alt=\"\" data-id=\"18612\" class=\"wp-image-18612\" srcset=\"https:\/\/morenoprimero.com.ar\/archivo\/wp-content\/uploads\/2021\/09\/WhatsApp-Image-2021-09-24-at-15.34.12.jpeg 720w, https:\/\/morenoprimero.com.ar\/archivo\/wp-content\/uploads\/2021\/09\/WhatsApp-Image-2021-09-24-at-15.34.12-300x295.jpeg 300w\" sizes=\"auto, (max-width: 720px) 100vw, 720px\" \/><\/a><\/figure><\/li><li class=\"blocks-gallery-item\"><figure><a href=\"https:\/\/morenoprimero.com.ar\/wp-content\/uploads\/2021\/09\/WhatsApp-Image-2021-09-24-at-15.34.34.jpeg\"><img loading=\"lazy\" decoding=\"async\" width=\"720\" height=\"724\" src=\"https:\/\/morenoprimero.com.ar\/wp-content\/uploads\/2021\/09\/WhatsApp-Image-2021-09-24-at-15.34.34.jpeg\" alt=\"\" data-id=\"18613\" data-link=\"https:\/\/morenoprimero.com.ar\/?attachment_id=18613\" class=\"wp-image-18613\" srcset=\"https:\/\/morenoprimero.com.ar\/archivo\/wp-content\/uploads\/2021\/09\/WhatsApp-Image-2021-09-24-at-15.34.34.jpeg 720w, https:\/\/morenoprimero.com.ar\/archivo\/wp-content\/uploads\/2021\/09\/WhatsApp-Image-2021-09-24-at-15.34.34-298x300.jpeg 298w, https:\/\/morenoprimero.com.ar\/archivo\/wp-content\/uploads\/2021\/09\/WhatsApp-Image-2021-09-24-at-15.34.34-150x150.jpeg 150w\" sizes=\"auto, (max-width: 720px) 100vw, 720px\" \/><\/a><\/figure><\/li><li class=\"blocks-gallery-item\"><figure><a href=\"https:\/\/morenoprimero.com.ar\/wp-content\/uploads\/2021\/09\/La-portena.jpeg\"><img loading=\"lazy\" decoding=\"async\" width=\"720\" height=\"526\" src=\"https:\/\/morenoprimero.com.ar\/wp-content\/uploads\/2021\/09\/La-portena.jpeg\" alt=\"\" data-id=\"18614\" data-link=\"https:\/\/morenoprimero.com.ar\/?attachment_id=18614\" class=\"wp-image-18614\" srcset=\"https:\/\/morenoprimero.com.ar\/archivo\/wp-content\/uploads\/2021\/09\/La-portena.jpeg 720w, https:\/\/morenoprimero.com.ar\/archivo\/wp-content\/uploads\/2021\/09\/La-portena-300x219.jpeg 300w\" sizes=\"auto, (max-width: 720px) 100vw, 720px\" \/><\/a><figcaption class=\"blocks-gallery-item__caption\">Jornada de limpieza en La porte\u00f1a<\/figcaption><\/figure><\/li><li class=\"blocks-gallery-item\"><figure><a href=\"https:\/\/morenoprimero.com.ar\/wp-content\/uploads\/2021\/09\/sambrizzi.jpeg\"><img loading=\"lazy\" decoding=\"async\" width=\"720\" height=\"469\" src=\"https:\/\/morenoprimero.com.ar\/wp-content\/uploads\/2021\/09\/sambrizzi.jpeg\" alt=\"\" data-id=\"18615\" data-link=\"https:\/\/morenoprimero.com.ar\/?attachment_id=18615\" class=\"wp-image-18615\" srcset=\"https:\/\/morenoprimero.com.ar\/archivo\/wp-content\/uploads\/2021\/09\/sambrizzi.jpeg 720w, https:\/\/morenoprimero.com.ar\/archivo\/wp-content\/uploads\/2021\/09\/sambrizzi-300x195.jpeg 300w\" sizes=\"auto, (max-width: 720px) 100vw, 720px\" \/><\/a><figcaption class=\"blocks-gallery-item__caption\">Embellecimiento del barrio Sambrizzi<\/figcaption><\/figure><\/li><li class=\"blocks-gallery-item\"><figure><a href=\"https:\/\/morenoprimero.com.ar\/wp-content\/uploads\/2021\/09\/moreno-norte.jpg\"><img loading=\"lazy\" decoding=\"async\" width=\"1080\" height=\"1080\" src=\"https:\/\/morenoprimero.com.ar\/wp-content\/uploads\/2021\/09\/moreno-norte.jpg\" alt=\"\" data-id=\"18616\" data-link=\"https:\/\/morenoprimero.com.ar\/?attachment_id=18616\" class=\"wp-image-18616\" srcset=\"https:\/\/morenoprimero.com.ar\/archivo\/wp-content\/uploads\/2021\/09\/moreno-norte.jpg 1080w, https:\/\/morenoprimero.com.ar\/archivo\/wp-content\/uploads\/2021\/09\/moreno-norte-300x300.jpg 300w, https:\/\/morenoprimero.com.ar\/archivo\/wp-content\/uploads\/2021\/09\/moreno-norte-1024x1024.jpg 1024w, https:\/\/morenoprimero.com.ar\/archivo\/wp-content\/uploads\/2021\/09\/moreno-norte-150x150.jpg 150w, https:\/\/morenoprimero.com.ar\/archivo\/wp-content\/uploads\/2021\/09\/moreno-norte-768x768.jpg 768w\" sizes=\"auto, (max-width: 1080px) 100vw, 1080px\" \/><\/a><\/figure><\/li><li class=\"blocks-gallery-item\"><figure><a href=\"https:\/\/morenoprimero.com.ar\/wp-content\/uploads\/2021\/09\/WhatsApp-Image-2021-09-24-at-15.34.21.jpeg\"><img loading=\"lazy\" decoding=\"async\" width=\"720\" height=\"711\" src=\"https:\/\/morenoprimero.com.ar\/wp-content\/uploads\/2021\/09\/WhatsApp-Image-2021-09-24-at-15.34.21.jpeg\" alt=\"\" data-id=\"18618\" data-full-url=\"https:\/\/morenoprimero.com.ar\/wp-content\/uploads\/2021\/09\/WhatsApp-Image-2021-09-24-at-15.34.21.jpeg\" data-link=\"https:\/\/morenoprimero.com.ar\/?attachment_id=18618\" class=\"wp-image-18618\" srcset=\"https:\/\/morenoprimero.com.ar\/archivo\/wp-content\/uploads\/2021\/09\/WhatsApp-Image-2021-09-24-at-15.34.21.jpeg 720w, https:\/\/morenoprimero.com.ar\/archivo\/wp-content\/uploads\/2021\/09\/WhatsApp-Image-2021-09-24-at-15.34.21-300x296.jpeg 300w\" sizes=\"auto, (max-width: 720px) 100vw, 720px\" \/><\/a><\/figure><\/li><\/ul><\/figure>\n","protected":false},"excerpt":{"rendered":"<p>Este viernes desde las 17 horas se realizar\u00e1 en distintos puntos del pa\u00eds, y del mundo, una marcha por la crisis clim\u00e1tica encabezada por \u2018J\u00f3venes&nbsp;por el clima Argentina\u2019. En di\u00e1logo con Moreno Primero, Ludmila Casal de \u00abProsperar Moreno\u00bb, relata por &hellip; <a href=\"https:\/\/morenoprimero.com.ar\/archivo\/24s-una-nueva-movilizacion-mundial-por-la-crisis-climatica\/\">Sigue leyendo <span class=\"meta-nav\">&rarr;<\/span><\/a><\/p>\n","protected":false},"author":6,"featured_media":18622,"comment_status":"closed","ping_status":"closed","sticky":false,"template":"","format":"standard","meta":{"footnotes":""},"categories":[496,3,2330],"tags":[3168,3169,6,102,3170],"class_list":["post-18605","post","type-post","status-publish","format-standard","has-post-thumbnail","hentry","category-ambiente","category-importantes","category-nacional","tag-cambio-climatico","tag-jovenes-por-el-clima","tag-moreno","tag-municipio-de-moreno","tag-secretaria-de-ambiente-y-desarrollo-sostenible-2"],"_links":{"self":[{"href":"https:\/\/morenoprimero.com.ar\/archivo\/wp-json\/wp\/v2\/posts\/18605","targetHints":{"allow":["GET"]}}],"collection":[{"href":"https:\/\/morenoprimero.com.ar\/archivo\/wp-json\/wp\/v2\/posts"}],"about":[{"href":"https:\/\/morenoprimero.com.ar\/archivo\/wp-json\/wp\/v2\/types\/post"}],"author":[{"embeddable":true,"href":"https:\/\/morenoprimero.com.ar\/archivo\/wp-json\/wp\/v2\/users\/6"}],"replies":[{"embeddable":true,"href":"https:\/\/morenoprimero.com.ar\/archivo\/wp-json\/wp\/v2\/comments?post=18605"}],"version-history":[{"count":8,"href":"https:\/\/morenoprimero.com.ar\/archivo\/wp-json\/wp\/v2\/posts\/18605\/revisions"}],"predecessor-version":[{"id":18649,"href":"https:\/\/morenoprimero.com.ar\/archivo\/wp-json\/wp\/v2\/posts\/18605\/revisions\/18649"}],"wp:featuredmedia":[{"embeddable":true,"href":"https:\/\/morenoprimero.com.ar\/archivo\/wp-json\/wp\/v2\/media\/18622"}],"wp:attachment":[{"href":"https:\/\/morenoprimero.com.ar\/archivo\/wp-json\/wp\/v2\/media?parent=18605"}],"wp:term":[{"taxonomy":"category","embeddable":true,"href":"https:\/\/morenoprimero.com.ar\/archivo\/wp-json\/wp\/v2\/categories?post=18605"},{"taxonomy":"post_tag","embeddable":true,"href":"https:\/\/morenoprimero.com.ar\/archivo\/wp-json\/wp\/v2\/tags?post=18605"}],"curies":[{"name":"wp","href":"https:\/\/api.w.org\/{rel}","templated":true}]}}