{"id":1858,"date":"2020-08-28T16:56:14","date_gmt":"2020-08-28T16:56:14","guid":{"rendered":"https:\/\/morenoprimero.com.ar\/?p=1858"},"modified":"2020-08-28T16:59:54","modified_gmt":"2020-08-28T16:59:54","slug":"lucas-franco-consolidamos-sacar-una-losa-de-las-espaldas-de-los-600-mil-vecinos-y-vecinas","status":"publish","type":"post","link":"https:\/\/morenoprimero.com.ar\/archivo\/lucas-franco-consolidamos-sacar-una-losa-de-las-espaldas-de-los-600-mil-vecinos-y-vecinas\/","title":{"rendered":"LUCAS FRANCO: \u00abCONSOLIDAMOS SACAR UNA LOSA DE LAS ESPALDAS DE LOS 600 MIL VECINOS y VECINAS\u00bb"},"content":{"rendered":"\n<p><strong>El 27 de agosto por la tarde se llev\u00f3 a cabo la novena sesi\u00f3n ordinaria en el Honorable Concejo Deliberante de Moreno donde se vot\u00f3 el nuevo sistema de recolecci\u00f3n de residuos. All\u00ed, tras una extensa jornada de 5 horas, Moreno Primero estuvo presente para dialogar con el concejal Lucas Franco.<\/strong><\/p>\n\n\n\n<figure class=\"wp-block-image size-large\"><img loading=\"lazy\" decoding=\"async\" width=\"960\" height=\"640\" src=\"https:\/\/morenoprimero.com.ar\/wp-content\/uploads\/2020\/08\/HCD.jpg\" alt=\"\" class=\"wp-image-1894\" srcset=\"https:\/\/morenoprimero.com.ar\/archivo\/wp-content\/uploads\/2020\/08\/HCD.jpg 960w, https:\/\/morenoprimero.com.ar\/archivo\/wp-content\/uploads\/2020\/08\/HCD-300x200.jpg 300w, https:\/\/morenoprimero.com.ar\/archivo\/wp-content\/uploads\/2020\/08\/HCD-768x512.jpg 768w\" sizes=\"auto, (max-width: 960px) 100vw, 960px\" \/><figcaption><br><\/figcaption><\/figure>\n\n\n\n<p><strong>Moreno Primero<\/strong>: <strong>\u00bfC\u00f3mo le explicar\u00edas a las y los vecinos morenenses lo que se vot\u00f3 hoy en el concejo?<\/strong><\/p>\n\n\n\n<p><strong>Lucas Franco<\/strong>: Bueno nosotros <strong>dec\u00edamos al inicio de la sesi\u00f3n que es un d\u00eda hist\u00f3rico porque acabamos de votar la transformaci\u00f3n del sistema de recolecci\u00f3n de residuos de Moreno despu\u00e9s de casi treinta a\u00f1os de privatizaci\u00f3n y estamos discutiendo hoy, a partir de ahora, un servicio en el cual todos los bienes van a ser propiedad del Estado.<\/strong> S\u00f3lo se va a contratar la fuerza de trabajo para poder darle continuidad al convenio colectivo de trabajo de los que hoy est\u00e1n trabajando, es decir, no se queda nadie sin trabajo y se reduce sustancialmente lo que gasta el municipio. <\/p>\n\n\n\n<p>Este sistema le va a salir al municipio un 46% menos que el contrato actual. S\u00ed tuvi\u00e9ramos que proyectar una renegociaci\u00f3n estamos hablando de que el ahorro es mucho mayor con lo cual estamos ante las puertas de un nuevo momento para Moreno en el cual van a haber m\u00e1s recursos, va a haber un Estado m\u00e1s fuerte, y vamos a poder garantizar, esperemos y so\u00f1amos con eso, un servicio de calidad para los vecinos. <\/p>\n\n\n\n<blockquote class=\"wp-block-quote is-style-large is-layout-flow wp-block-quote-is-layout-flow\"><p>As\u00ed que hoy efectivamente es un d\u00eda hist\u00f3rico porque consolidamos sacar una losa de las espaldas de los 600 mil vecinos y vecinas para iniciar un camino que es el que se comprometi\u00f3 a iniciar nuestra intendenta cuando hizo campa\u00f1a as\u00ed que estamos orgullosos de acompa\u00f1arla en este sentido.<\/p><\/blockquote>\n\n\n\n<p><strong>MP<\/strong>: <strong>\u00bfPor qu\u00e9 votaste a favor de esta nueva modalidad de recolecci\u00f3n de residuos en Moreno?<\/strong><\/p>\n\n\n\n<p><strong>LF<\/strong>: <strong>Vote a favor porque empec\u00e9 a militar en pol\u00edtica desde que vivo en Moreno y tengo memoria que este es uno de los problemas que nos preocupaba mucho<\/strong>. Me siento muy orgulloso de ponerle el cuerpo a lo que siempre dije la institucionalidad y porque le creo a nuestra intendenta, le cre\u00ed cuando nos convoc\u00f3 para formar parte de este proyecto y le creo hoy y estoy orgulloso de defender esta propuesta en el \u00e1mbito que me toca, que es el \u00e1mbito legislativo.<\/p>\n\n\n\n<figure class=\"wp-block-video\"><video controls src=\"https:\/\/morenoprimero.com.ar\/wp-content\/uploads\/2020\/08\/WhatsApp-Audio-2020-08-28-at-9.56.07-AM.mp4\"><\/video><figcaption>Audio: Concejal Lucas Franco<br><\/figcaption><\/figure>\n\n\n\n<p><\/p>\n","protected":false},"excerpt":{"rendered":"<p>El 27 de agosto por la tarde se llev\u00f3 a cabo la novena sesi\u00f3n ordinaria en el Honorable Concejo Deliberante de Moreno donde se vot\u00f3 el nuevo sistema de recolecci\u00f3n de residuos. All\u00ed, tras una extensa jornada de 5 horas, &hellip; <a href=\"https:\/\/morenoprimero.com.ar\/archivo\/lucas-franco-consolidamos-sacar-una-losa-de-las-espaldas-de-los-600-mil-vecinos-y-vecinas\/\">Sigue leyendo <span class=\"meta-nav\">&rarr;<\/span><\/a><\/p>\n","protected":false},"author":6,"featured_media":1860,"comment_status":"open","ping_status":"open","sticky":false,"template":"","format":"standard","meta":{"footnotes":""},"categories":[3,27,20],"tags":[530,6,531],"class_list":["post-1858","post","type-post","status-publish","format-standard","has-post-thumbnail","hentry","category-importantes","category-politica","category-sociedad","tag-honorable-concejo-deliberante","tag-moreno","tag-nuevo-sistema-de-recoleccion-de-residuos"],"_links":{"self":[{"href":"https:\/\/morenoprimero.com.ar\/archivo\/wp-json\/wp\/v2\/posts\/1858","targetHints":{"allow":["GET"]}}],"collection":[{"href":"https:\/\/morenoprimero.com.ar\/archivo\/wp-json\/wp\/v2\/posts"}],"about":[{"href":"https:\/\/morenoprimero.com.ar\/archivo\/wp-json\/wp\/v2\/types\/post"}],"author":[{"embeddable":true,"href":"https:\/\/morenoprimero.com.ar\/archivo\/wp-json\/wp\/v2\/users\/6"}],"replies":[{"embeddable":true,"href":"https:\/\/morenoprimero.com.ar\/archivo\/wp-json\/wp\/v2\/comments?post=1858"}],"version-history":[{"count":6,"href":"https:\/\/morenoprimero.com.ar\/archivo\/wp-json\/wp\/v2\/posts\/1858\/revisions"}],"predecessor-version":[{"id":1896,"href":"https:\/\/morenoprimero.com.ar\/archivo\/wp-json\/wp\/v2\/posts\/1858\/revisions\/1896"}],"wp:featuredmedia":[{"embeddable":true,"href":"https:\/\/morenoprimero.com.ar\/archivo\/wp-json\/wp\/v2\/media\/1860"}],"wp:attachment":[{"href":"https:\/\/morenoprimero.com.ar\/archivo\/wp-json\/wp\/v2\/media?parent=1858"}],"wp:term":[{"taxonomy":"category","embeddable":true,"href":"https:\/\/morenoprimero.com.ar\/archivo\/wp-json\/wp\/v2\/categories?post=1858"},{"taxonomy":"post_tag","embeddable":true,"href":"https:\/\/morenoprimero.com.ar\/archivo\/wp-json\/wp\/v2\/tags?post=1858"}],"curies":[{"name":"wp","href":"https:\/\/api.w.org\/{rel}","templated":true}]}}