{"id":1833,"date":"2020-08-30T09:00:14","date_gmt":"2020-08-30T09:00:14","guid":{"rendered":"https:\/\/morenoprimero.com.ar\/?p=1833"},"modified":"2020-08-28T17:27:18","modified_gmt":"2020-08-28T17:27:18","slug":"saviolita-nunez-el-hombre-que-quiso-consagrarse-como-lider-de-la-barra-de-river-y-murio-en-una-balacera","status":"publish","type":"post","link":"https:\/\/morenoprimero.com.ar\/archivo\/saviolita-nunez-el-hombre-que-quiso-consagrarse-como-lider-de-la-barra-de-river-y-murio-en-una-balacera\/","title":{"rendered":"SAVIOLITA N\u00da\u00d1EZ, EL HOMBRE QUE QUISO CONSAGRARSE COMO L\u00cdDER DE LA BARRA  DE RIVER Y MURI\u00d3 EN UNA BALACERA"},"content":{"rendered":"\n<h3 class=\"wp-block-heading\">El pasado 23 de agosto fue noticia el fallecimiento de\u00a0Saviolita\u00a0N\u00fa\u00f1ez (32 a\u00f1os). En la disputa por un terreno tomado recibi\u00f3 un disparo de arma de fuego que le quit\u00f3 la vida. Era conocido por ser el l\u00edder de la barra disidente de\u00a0River.\u00a0<\/h3>\n\n\n\n<p>&nbsp; <strong>&nbsp;Mart\u00edn \u201cSaviolita\u201d N\u00fa\u00f1ez hab\u00eda participado en noviembre del a\u00f1o 2014 del ataque en la confiter\u00eda de&nbsp;River.<\/strong> M\u00e1s de 100 personas entraron en la confiter\u00eda y atacaron con palos y armas blancas a miembros de la barra de&nbsp;river&nbsp;&nbsp;\u201cLos borrachos del Tabl\u00f3n\u201d, a quienes robaron sus pertenencias. <strong>Entre los cinco identificados en el hecho, estaba&nbsp;Saviolita, quien debi\u00f3 cumplir una condena de dos a\u00f1os y medio de prisi\u00f3n.&nbsp;<\/strong><\/p>\n\n\n\n<p>&nbsp; &nbsp;<strong>Una vez que sali\u00f3 de prisi\u00f3n, continu\u00f3 sus pasos hacia su m\u00e1ximo deseo. La \u201cBanda del Oeste\u201d, la barra disidente del Millonario, pretend\u00eda ser la oficial.&nbsp;<\/strong><\/p>\n\n\n\n<p>&nbsp; &nbsp;A partir del esc\u00e1ndalo de la final frustrada en el Monumental de la Copa Libertadores 2018, la barra oficial hab\u00eda quedado desarticulada y <strong>\u201cSaviolita\u201d consider\u00f3 el momento propicio para dar la estocada final y quedarse con la barra oficial.&nbsp;<\/strong><\/p>\n\n\n\n<p>&nbsp; &nbsp;<strong>As\u00ed, el 18 de septiembre del a\u00f1o pasado, lider\u00f3 el ingreso de 300 hombres de su grupo en la cancha de Lan\u00fas<\/strong>, en un partido contra Godoy Cruz por la Copa Argentina.&nbsp;<\/p>\n\n\n\n<p>&nbsp; <strong>&nbsp;En el a\u00f1o 2020 se consagrar\u00eda haciendo lo mismo, pero en el Monumental, y as\u00ed, coronar\u00eda a la \u201cLa Banda del Oeste\u201d como la barra oficial. Pero la pandemia le posterg\u00f3 sus planes.&nbsp;<\/strong><\/p>\n\n\n\n<p>&nbsp; &nbsp;Lo que iba a ser cuesti\u00f3n de tiempo se convirti\u00f3 en una an\u00e9cdota incompleta este domingo cuando un hombre de 23 a\u00f1os, en medio de una balacera, efectu\u00f3 un disparo que termin\u00f3 con la vida de Mart\u00edn N\u00fa\u00f1ez.&nbsp;<\/p>\n\n\n\n<figure class=\"wp-block-image size-large\"><img loading=\"lazy\" decoding=\"async\" width=\"1024\" height=\"573\" src=\"https:\/\/morenoprimero.com.ar\/wp-content\/uploads\/2020\/08\/ecbqb527dzabvbomdhhkg5yrp4-1024x573.jpg\" alt=\"\" class=\"wp-image-1639\" srcset=\"https:\/\/morenoprimero.com.ar\/archivo\/wp-content\/uploads\/2020\/08\/ecbqb527dzabvbomdhhkg5yrp4-1024x573.jpg 1024w, https:\/\/morenoprimero.com.ar\/archivo\/wp-content\/uploads\/2020\/08\/ecbqb527dzabvbomdhhkg5yrp4-300x168.jpg 300w, https:\/\/morenoprimero.com.ar\/archivo\/wp-content\/uploads\/2020\/08\/ecbqb527dzabvbomdhhkg5yrp4-768x430.jpg 768w, https:\/\/morenoprimero.com.ar\/archivo\/wp-content\/uploads\/2020\/08\/ecbqb527dzabvbomdhhkg5yrp4.jpg 1366w\" sizes=\"auto, (max-width: 1024px) 100vw, 1024px\" \/><\/figure>\n\n\n\n<p><\/p>\n","protected":false},"excerpt":{"rendered":"<p>El pasado 23 de agosto fue noticia el fallecimiento de\u00a0Saviolita\u00a0N\u00fa\u00f1ez (32 a\u00f1os). En la disputa por un terreno tomado recibi\u00f3 un disparo de arma de fuego que le quit\u00f3 la vida. Era conocido por ser el l\u00edder de la barra &hellip; <a href=\"https:\/\/morenoprimero.com.ar\/archivo\/saviolita-nunez-el-hombre-que-quiso-consagrarse-como-lider-de-la-barra-de-river-y-murio-en-una-balacera\/\">Sigue leyendo <span class=\"meta-nav\">&rarr;<\/span><\/a><\/p>\n","protected":false},"author":6,"featured_media":1641,"comment_status":"open","ping_status":"open","sticky":false,"template":"","format":"standard","meta":{"footnotes":""},"categories":[21,8,5,20],"tags":[6,474,478],"class_list":["post-1833","post","type-post","status-publish","format-standard","has-post-thumbnail","hentry","category-interes-general","category-policiales","category-recomendadas","category-sociedad","tag-moreno","tag-river-plate","tag-toma-de-tierras"],"_links":{"self":[{"href":"https:\/\/morenoprimero.com.ar\/archivo\/wp-json\/wp\/v2\/posts\/1833","targetHints":{"allow":["GET"]}}],"collection":[{"href":"https:\/\/morenoprimero.com.ar\/archivo\/wp-json\/wp\/v2\/posts"}],"about":[{"href":"https:\/\/morenoprimero.com.ar\/archivo\/wp-json\/wp\/v2\/types\/post"}],"author":[{"embeddable":true,"href":"https:\/\/morenoprimero.com.ar\/archivo\/wp-json\/wp\/v2\/users\/6"}],"replies":[{"embeddable":true,"href":"https:\/\/morenoprimero.com.ar\/archivo\/wp-json\/wp\/v2\/comments?post=1833"}],"version-history":[{"count":3,"href":"https:\/\/morenoprimero.com.ar\/archivo\/wp-json\/wp\/v2\/posts\/1833\/revisions"}],"predecessor-version":[{"id":1909,"href":"https:\/\/morenoprimero.com.ar\/archivo\/wp-json\/wp\/v2\/posts\/1833\/revisions\/1909"}],"wp:featuredmedia":[{"embeddable":true,"href":"https:\/\/morenoprimero.com.ar\/archivo\/wp-json\/wp\/v2\/media\/1641"}],"wp:attachment":[{"href":"https:\/\/morenoprimero.com.ar\/archivo\/wp-json\/wp\/v2\/media?parent=1833"}],"wp:term":[{"taxonomy":"category","embeddable":true,"href":"https:\/\/morenoprimero.com.ar\/archivo\/wp-json\/wp\/v2\/categories?post=1833"},{"taxonomy":"post_tag","embeddable":true,"href":"https:\/\/morenoprimero.com.ar\/archivo\/wp-json\/wp\/v2\/tags?post=1833"}],"curies":[{"name":"wp","href":"https:\/\/api.w.org\/{rel}","templated":true}]}}