{"id":18290,"date":"2021-09-20T09:46:32","date_gmt":"2021-09-20T12:46:32","guid":{"rendered":"https:\/\/morenoprimero.com.ar\/?p=18290"},"modified":"2021-09-20T09:57:42","modified_gmt":"2021-09-20T12:57:42","slug":"a-45-anos-de-la-noche-de-los-lapices-se-realizo-un-acto-conmemorativo-en-la-plaza-bujan","status":"publish","type":"post","link":"https:\/\/morenoprimero.com.ar\/archivo\/a-45-anos-de-la-noche-de-los-lapices-se-realizo-un-acto-conmemorativo-en-la-plaza-bujan\/","title":{"rendered":"A 45 a\u00f1os de \u201cLa noche de los L\u00e1pices\u201d se realiz\u00f3 un acto conmemorativo en la Plaza Buj\u00e1n"},"content":{"rendered":"\n<h5 class=\"wp-block-heading\">En la fecha aniversario de aquel hecho hist\u00f3rico que marc\u00f3 para siempre la historia de nuestro pa\u00eds, el pasado 16 de septiembre se realiz\u00f3 el acto conmemorativo de los 45 a\u00f1os de \u00abLa noche de los L\u00e1pices\u00bb en la Plaza Buj\u00e1n de Paso del Rey.<\/h5>\n\n\n\n<p>El acto fue el cierre de una movilizaci\u00f3n que comenz\u00f3 a las 15:30 horas en el <strong>Monumento a la Memoria <\/strong>que se encuentra debajo del acceso oeste en <strong>Moreno<\/strong>. Desde all\u00ed, varias agrupaciones se concentraron para dar comienzo a un d\u00eda en donde la frase \u00ab<strong>Los l\u00e1pices siguen escribiendo<\/strong>\u00bb se repet\u00eda en las banderas, remeras y carteles de los y las j\u00f3venes que se dijeron presente.<\/p>\n\n\n\n<p>Con relatos breves, pero con la fuerza de poner en palabras todo lo que esta fecha tan movilizante representa, j\u00f3venes militantes de agrupaciones sociales, pol\u00edticas y barriales, tomaron el micr\u00f3fono en el acto de cierre para recordar a las personas desaparecidas y asesinadas durante la dictadura militar. Representando al<strong> Movimiento Popular 125<\/strong>, <strong>Leonardo Wawrzyniak <\/strong>expres\u00f3:<\/p>\n\n\n\n<blockquote class=\"wp-block-quote is-layout-flow wp-block-quote-is-layout-flow\"><p> \u201cLos desaparecidos llegaron a 250, entre 13 y 18 a\u00f1os. La mayor\u00eda eran estudiantes de escuelas secundarias. Durante los secuestros, los j\u00f3venes fueron sometidos a torturas en distintos centros clandestinos. Seis de ellos a\u00fan contin\u00faan desaparecidos: Francisco, Mar\u00eda Claudia, Horacio, Daniel, Claudio y Mar\u00eda Clara. El hecho tom\u00f3 conocimiento en 1985 por el testimonio de una sobreviviente en el Juicio a las Juntas Militares. Desde ese entonces, este episodio es una bandera para los centros de estudiantes que se identifican en esa lucha estudiantil. Una causa que a\u00fan nos convoca. La Noche de los L\u00e1pices nos permite condenar el terrorismo de Estado y recordar la vida de aquellos j\u00f3venes estudiantes, a aquellos chicos y chicas que militaron para construir un futuro mejor\u201d.<\/p><\/blockquote>\n\n\n\n<div class=\"wp-block-image\"><figure class=\"aligncenter size-large\"><a href=\"https:\/\/morenoprimero.com.ar\/wp-content\/uploads\/2021\/09\/WhatsApp-Image-2021-09-20-at-09.40.38.jpeg\"><img loading=\"lazy\" decoding=\"async\" width=\"576\" height=\"1024\" src=\"https:\/\/morenoprimero.com.ar\/wp-content\/uploads\/2021\/09\/WhatsApp-Image-2021-09-20-at-09.40.38-576x1024.jpeg\" alt=\"\" class=\"wp-image-18300\" srcset=\"https:\/\/morenoprimero.com.ar\/archivo\/wp-content\/uploads\/2021\/09\/WhatsApp-Image-2021-09-20-at-09.40.38-576x1024.jpeg 576w, https:\/\/morenoprimero.com.ar\/archivo\/wp-content\/uploads\/2021\/09\/WhatsApp-Image-2021-09-20-at-09.40.38-169x300.jpeg 169w, https:\/\/morenoprimero.com.ar\/archivo\/wp-content\/uploads\/2021\/09\/WhatsApp-Image-2021-09-20-at-09.40.38-768x1366.jpeg 768w, https:\/\/morenoprimero.com.ar\/archivo\/wp-content\/uploads\/2021\/09\/WhatsApp-Image-2021-09-20-at-09.40.38-864x1536.jpeg 864w, https:\/\/morenoprimero.com.ar\/archivo\/wp-content\/uploads\/2021\/09\/WhatsApp-Image-2021-09-20-at-09.40.38.jpeg 899w\" sizes=\"auto, (max-width: 576px) 100vw, 576px\" \/><\/a><figcaption> <strong>Leonardo Wawrzyniak <\/strong>militante del <strong>Movimiento Popular 125<\/strong>.<\/figcaption><\/figure><\/div>\n\n\n\n<p>La importancia del encuentro, de poder estar presentes y reunirse para recordar aquella \u00e9poca oscura de nuestra historia, tambi\u00e9n fue destacada durante la participaci\u00f3n de <strong>Germ\u00e1n Arturi<\/strong>, de la agrupaci\u00f3n <strong>Indios K<\/strong>: <\/p>\n\n\n\n<blockquote class=\"wp-block-quote is-layout-flow wp-block-quote-is-layout-flow\"><p>\u201cEs una tarde para reflexionar y acompa\u00f1ar la lucha de las madres y abuelas de Plaza de Mayo, para recordar y reivindicar a aquellos compa\u00f1eros y compa\u00f1eras que lucharon en esa \u00e9poca nefasta por un boleto estudiantil. Estamos para acompa\u00f1ar y profundizar aquel legado iniciado por N\u00e9stor Kirchner en el 2003, de memoria, verdad y justicia. Tenemos que valorar estos momentos tambi\u00e9n, porque no olvidemos que, en dictadura, juntarse con compa\u00f1eros era algo il\u00edcito. Si participabas te deten\u00edan, te secuestraban, si pensabas diferente te desaparec\u00edan. Compa\u00f1eros luchemos para que nunca m\u00e1s vuelva esa moral nefasta\u201d.<\/p><\/blockquote>\n\n\n\n<div class=\"wp-block-image\"><figure class=\"aligncenter size-large\"><a href=\"https:\/\/morenoprimero.com.ar\/wp-content\/uploads\/2021\/09\/german.jpeg\"><img loading=\"lazy\" decoding=\"async\" width=\"576\" height=\"1024\" src=\"https:\/\/morenoprimero.com.ar\/wp-content\/uploads\/2021\/09\/german-576x1024.jpeg\" alt=\"\" class=\"wp-image-18298\" srcset=\"https:\/\/morenoprimero.com.ar\/archivo\/wp-content\/uploads\/2021\/09\/german-576x1024.jpeg 576w, https:\/\/morenoprimero.com.ar\/archivo\/wp-content\/uploads\/2021\/09\/german-169x300.jpeg 169w, https:\/\/morenoprimero.com.ar\/archivo\/wp-content\/uploads\/2021\/09\/german-768x1366.jpeg 768w, https:\/\/morenoprimero.com.ar\/archivo\/wp-content\/uploads\/2021\/09\/german-864x1536.jpeg 864w, https:\/\/morenoprimero.com.ar\/archivo\/wp-content\/uploads\/2021\/09\/german.jpeg 899w\" sizes=\"auto, (max-width: 576px) 100vw, 576px\" \/><\/a><figcaption>Germ\u00e1n Arturi militante del \u00abLos indios K frente joven\u00bb.<\/figcaption><\/figure><\/div>\n\n\n\n<p>La relevancia de sostener la lucha de compa\u00f1eros desaparecidos y el grito del reclamo joven ante los problemas actuales se encarn\u00f3 de manera clara en la voz de <strong>Almendra Casal<\/strong>, en representaci\u00f3n del movimiento <strong>Nuestra Am\u00e9rica<\/strong>: <\/p>\n\n\n\n<blockquote class=\"wp-block-quote is-layout-flow wp-block-quote-is-layout-flow\"><p>\u201cHoy marchamos reivindicando la lucha de compa\u00f1eras y compa\u00f1eros que lucharon por los derechos de los estudiantes, que en su momento fue por el boleto estudiantil. Estamos en un contexto dif\u00edcil. Tras la pandemia, la demanda de los pibes y de las pibas se hizo visible, la precarizaci\u00f3n laboral, la falta de trabajo, el tener que dejar el estudio para ayudar a nuestros viejos a llevar el pan a la casa. Los problemas en materia de salud mental, el compromiso con el feminismo, la diversidad, el medio ambiente. Hoy las juventudes nos plantamos y le decimos al neoliberalismo: \u201cNunca m\u00e1s\u201d. Somos el presente, seamos el sacapuntas de los pibes y de las pibas a los que le borraron la voz, seamos lucha continua. Luchemos con nuestros compa\u00f1eros, con nuestros vecinos. Es importante que podamos seguir reuni\u00e9ndonos las juventudes para luchar por un mundo mejor, que las luchas de los otros sean las nuestras\u201d.<\/p><\/blockquote>\n\n\n\n<div class=\"wp-block-image\"><figure class=\"aligncenter size-large\"><a href=\"https:\/\/morenoprimero.com.ar\/wp-content\/uploads\/2021\/09\/WhatsApp-Image-2021-09-20-at-09.22.35.jpeg\"><img loading=\"lazy\" decoding=\"async\" width=\"576\" height=\"1024\" src=\"https:\/\/morenoprimero.com.ar\/wp-content\/uploads\/2021\/09\/WhatsApp-Image-2021-09-20-at-09.22.35-576x1024.jpeg\" alt=\"\" class=\"wp-image-18299\" srcset=\"https:\/\/morenoprimero.com.ar\/archivo\/wp-content\/uploads\/2021\/09\/WhatsApp-Image-2021-09-20-at-09.22.35-576x1024.jpeg 576w, https:\/\/morenoprimero.com.ar\/archivo\/wp-content\/uploads\/2021\/09\/WhatsApp-Image-2021-09-20-at-09.22.35-169x300.jpeg 169w, https:\/\/morenoprimero.com.ar\/archivo\/wp-content\/uploads\/2021\/09\/WhatsApp-Image-2021-09-20-at-09.22.35-768x1366.jpeg 768w, https:\/\/morenoprimero.com.ar\/archivo\/wp-content\/uploads\/2021\/09\/WhatsApp-Image-2021-09-20-at-09.22.35-864x1536.jpeg 864w, https:\/\/morenoprimero.com.ar\/archivo\/wp-content\/uploads\/2021\/09\/WhatsApp-Image-2021-09-20-at-09.22.35.jpeg 899w\" sizes=\"auto, (max-width: 576px) 100vw, 576px\" \/><\/a><figcaption>Almendra Casal estudiante y militante de \u00abNuestra Am\u00e9rica\u00bb.<\/figcaption><\/figure><\/div>\n\n\n\n<p>El acto cont\u00f3 no solo con las sentidas palabras de las juventudes que formaron parte de la conmemoraci\u00f3n, sino tambi\u00e9n con el relato en primera persona de un sobreviviente de aquella tr\u00e1gica noche de 1976. <strong>Oscar \u00abHormiga\u00bb Arquez<\/strong>, conmovido durante todo su relato, comparti\u00f3 su vivencia y su pedido para continuar recordando esta lucha por los derechos de todos y que nos pertenece:<\/p>\n\n\n\n<blockquote class=\"wp-block-quote is-layout-flow wp-block-quote-is-layout-flow\"><p> \u00abPara m\u00ed, es muy dif\u00edcil hablar para estas fechas y quiero agradecerles much\u00edsimo a todos los presentes porque yo soy un sobreviviente de la Noche de los L\u00e1pices de Mor\u00f3n. Esta noche se cumplen 45 a\u00f1os de la noche en la que yo fui secuestrado. Encontrarme con todos ustedes en este momento, haber caminado juntos, la verdad es que me reconforta much\u00edsimo y me hacen sentir que sigo junto a mis compa\u00f1eros con los que militaba en aquella \u00e9poca. Estos compa\u00f1eros no desaparecieron solo por el boleto, desaparecieron por ser luchadores populares, por ser revolucionarios, por tener una edad muy corta, pero un compromiso muy grande. Y esos derechos por los que luchamos en aquel momento, son derechos que hoy ustedes est\u00e1n defendiendo y luchando para que no caigan\u201d.<\/p><\/blockquote>\n\n\n\n<div class=\"wp-block-image\"><figure class=\"aligncenter size-large\"><a href=\"https:\/\/morenoprimero.com.ar\/wp-content\/uploads\/2021\/09\/WhatsApp-Image-2021-09-20-at-09.22.38-1.jpeg\"><img loading=\"lazy\" decoding=\"async\" width=\"576\" height=\"1024\" src=\"https:\/\/morenoprimero.com.ar\/wp-content\/uploads\/2021\/09\/WhatsApp-Image-2021-09-20-at-09.22.38-1-576x1024.jpeg\" alt=\"\" class=\"wp-image-18297\" srcset=\"https:\/\/morenoprimero.com.ar\/archivo\/wp-content\/uploads\/2021\/09\/WhatsApp-Image-2021-09-20-at-09.22.38-1-576x1024.jpeg 576w, https:\/\/morenoprimero.com.ar\/archivo\/wp-content\/uploads\/2021\/09\/WhatsApp-Image-2021-09-20-at-09.22.38-1-169x300.jpeg 169w, https:\/\/morenoprimero.com.ar\/archivo\/wp-content\/uploads\/2021\/09\/WhatsApp-Image-2021-09-20-at-09.22.38-1-768x1366.jpeg 768w, https:\/\/morenoprimero.com.ar\/archivo\/wp-content\/uploads\/2021\/09\/WhatsApp-Image-2021-09-20-at-09.22.38-1-864x1536.jpeg 864w, https:\/\/morenoprimero.com.ar\/archivo\/wp-content\/uploads\/2021\/09\/WhatsApp-Image-2021-09-20-at-09.22.38-1.jpeg 899w\" sizes=\"auto, (max-width: 576px) 100vw, 576px\" \/><\/a><figcaption>Oscar \u00abHormiga\u00bb Arquez, ex detenido desaparecido durante la \u00faltima dictadura c\u00edvico militar.<\/figcaption><\/figure><\/div>\n","protected":false},"excerpt":{"rendered":"<p>En la fecha aniversario de aquel hecho hist\u00f3rico que marc\u00f3 para siempre la historia de nuestro pa\u00eds, el pasado 16 de septiembre se realiz\u00f3 el acto conmemorativo de los 45 a\u00f1os de \u00abLa noche de los L\u00e1pices\u00bb en la Plaza &hellip; <a href=\"https:\/\/morenoprimero.com.ar\/archivo\/a-45-anos-de-la-noche-de-los-lapices-se-realizo-un-acto-conmemorativo-en-la-plaza-bujan\/\">Sigue leyendo <span class=\"meta-nav\">&rarr;<\/span><\/a><\/p>\n","protected":false},"author":6,"featured_media":18296,"comment_status":"closed","ping_status":"closed","sticky":false,"template":"","format":"standard","meta":{"footnotes":""},"categories":[578,2455,20],"tags":[2336,3133,3132,6,2949],"class_list":["post-18290","post","type-post","status-publish","format-standard","has-post-thumbnail","hentry","category-educacion","category-pasodelrey","category-sociedad","tag-estudiantes","tag-la-noche-de-los-lapices","tag-monumento-a-la-memoria","tag-moreno","tag-ues"],"_links":{"self":[{"href":"https:\/\/morenoprimero.com.ar\/archivo\/wp-json\/wp\/v2\/posts\/18290","targetHints":{"allow":["GET"]}}],"collection":[{"href":"https:\/\/morenoprimero.com.ar\/archivo\/wp-json\/wp\/v2\/posts"}],"about":[{"href":"https:\/\/morenoprimero.com.ar\/archivo\/wp-json\/wp\/v2\/types\/post"}],"author":[{"embeddable":true,"href":"https:\/\/morenoprimero.com.ar\/archivo\/wp-json\/wp\/v2\/users\/6"}],"replies":[{"embeddable":true,"href":"https:\/\/morenoprimero.com.ar\/archivo\/wp-json\/wp\/v2\/comments?post=18290"}],"version-history":[{"count":1,"href":"https:\/\/morenoprimero.com.ar\/archivo\/wp-json\/wp\/v2\/posts\/18290\/revisions"}],"predecessor-version":[{"id":18302,"href":"https:\/\/morenoprimero.com.ar\/archivo\/wp-json\/wp\/v2\/posts\/18290\/revisions\/18302"}],"wp:featuredmedia":[{"embeddable":true,"href":"https:\/\/morenoprimero.com.ar\/archivo\/wp-json\/wp\/v2\/media\/18296"}],"wp:attachment":[{"href":"https:\/\/morenoprimero.com.ar\/archivo\/wp-json\/wp\/v2\/media?parent=18290"}],"wp:term":[{"taxonomy":"category","embeddable":true,"href":"https:\/\/morenoprimero.com.ar\/archivo\/wp-json\/wp\/v2\/categories?post=18290"},{"taxonomy":"post_tag","embeddable":true,"href":"https:\/\/morenoprimero.com.ar\/archivo\/wp-json\/wp\/v2\/tags?post=18290"}],"curies":[{"name":"wp","href":"https:\/\/api.w.org\/{rel}","templated":true}]}}