{"id":18276,"date":"2021-09-20T13:53:15","date_gmt":"2021-09-20T16:53:15","guid":{"rendered":"https:\/\/morenoprimero.com.ar\/?p=18276"},"modified":"2021-09-20T14:13:55","modified_gmt":"2021-09-20T17:13:55","slug":"cuanto-cuento-un-taller-donde-las-infancias-aprenden-jugando","status":"publish","type":"post","link":"https:\/\/morenoprimero.com.ar\/archivo\/cuanto-cuento-un-taller-donde-las-infancias-aprenden-jugando\/","title":{"rendered":"\u00abCu\u00e1nto cuento\u201d, un taller donde las infancias aprenden jugando"},"content":{"rendered":"\n<p>El Centro Cultural \u201cRayuela\u201d inaugur\u00f3 un taller donde educadoras populares del Movimiento Evita buscan, a trav\u00e9s de juegos interactivos, transmitir la alfabetizaci\u00f3n en las infancias de Mayor del Pino. En esta nota, Alejandra Mendoza expres\u00f3 c\u00f3mo surgi\u00f3 la iniciativa y por qu\u00e9 es importante brindarles estas herramientas a las infancias.<\/p>\n\n\n\n<p>Un grupo de vecinas y j\u00f3venes militantes del <strong>Movimiento Evita<\/strong> se organiz\u00f3 para brindar herramientas a las infancias en el&nbsp;aspecto recreativo y educativo, a trav\u00e9s de juegos interactivos que buscan promover la lectura y la escritura de forma no tradicional<strong>. El taller se lleva a cabo en el Centro Cultural \u201cRayuela\u201d<\/strong>, en <strong>Cuartel V<\/strong>, como fortalecimiento debido a las restricciones de la presencialidad en las escuelas.&nbsp;<\/p>\n\n\n\n<p>Desde hace dos semanas, todos los <strong>martes y jueves de 14 a 16 horas funciona <\/strong>el taller \u201c<strong>Cu\u00e1nto cuento<\/strong>\u201d para las infancias de Mayor del Pino, en la calle V\u00edctor Hugo Casa 57.\u00a0 Alejandra Mendoza, una de las integrantes del taller, expres\u00f3 que crearon este espacio para que \u201c<strong>los pibes y pibas\u00a0tengan herramientas el\u00a0d\u00eda\u00a0de ma\u00f1ana y les sirva cuando sean m\u00e1s grandes a enfrentar la realidad<\/strong>\u201d.\u00a0<\/p>\n\n\n\n<p>Adem\u00e1s, las educadoras populares tambi\u00e9n preparan la merienda y, en ocasiones, si alguna familia lo necesita, entregan mercader\u00eda para la comunidad. Alejandra explic\u00f3: \u201c<strong>Creemos que la creaci\u00f3n del taller tambi\u00e9n fortaleci\u00f3 el v\u00ednculo con los vecinos y vecinas. A veces las madres traen a su hijo o hija y comparten un bizcochuelo y se comparte con los ni\u00f1os y ni\u00f1as del espacio<\/strong>\u201d, celebr\u00f3 la joven.&nbsp;<\/p>\n\n\n\n<p>En este recorrido, donde las educadoras populares tambi\u00e9n se forman d\u00eda a d\u00eda, la integrante del taller expres\u00f3: \u201c<strong>Contamos con el apoyo y la ense\u00f1anza de grandes compa\u00f1eras que tienen una larga trayectoria y nos acompa\u00f1an en este aprendizaje<\/strong>\u00ab. <\/p>\n\n\n\n<p>Por \u00faltimo, <strong>Alejandra Mendoza<\/strong> describi\u00f3 que, en cada encuentro, a trav\u00e9s de la interacci\u00f3n entre las infancias y las educadoras, el aprendizaje es mutuo. <strong>\u201cAprendemos de los pibes y ellos de nosotras\u201d<\/strong>, concluy\u00f3.<\/p>\n\n\n\n<div class=\"wp-block-image\"><figure class=\"aligncenter size-full\"><a href=\"https:\/\/morenoprimero.com.ar\/wp-content\/uploads\/2021\/09\/WhatsApp-Image-2021-09-20-at-13.50.02.jpeg\"><img loading=\"lazy\" decoding=\"async\" width=\"720\" height=\"725\" src=\"https:\/\/morenoprimero.com.ar\/wp-content\/uploads\/2021\/09\/WhatsApp-Image-2021-09-20-at-13.50.02.jpeg\" alt=\"\" class=\"wp-image-18334\" srcset=\"https:\/\/morenoprimero.com.ar\/archivo\/wp-content\/uploads\/2021\/09\/WhatsApp-Image-2021-09-20-at-13.50.02.jpeg 720w, https:\/\/morenoprimero.com.ar\/archivo\/wp-content\/uploads\/2021\/09\/WhatsApp-Image-2021-09-20-at-13.50.02-298x300.jpeg 298w, https:\/\/morenoprimero.com.ar\/archivo\/wp-content\/uploads\/2021\/09\/WhatsApp-Image-2021-09-20-at-13.50.02-150x150.jpeg 150w\" sizes=\"auto, (max-width: 720px) 100vw, 720px\" \/><\/a><\/figure><\/div>\n\n\n\n<p><\/p>\n\n\n\n<p><\/p>\n","protected":false},"excerpt":{"rendered":"<p>El Centro Cultural \u201cRayuela\u201d inaugur\u00f3 un taller donde educadoras populares del Movimiento Evita buscan, a trav\u00e9s de juegos interactivos, transmitir la alfabetizaci\u00f3n en las infancias de Mayor del Pino. En esta nota, Alejandra Mendoza expres\u00f3 c\u00f3mo surgi\u00f3 la iniciativa y &hellip; <a href=\"https:\/\/morenoprimero.com.ar\/archivo\/cuanto-cuento-un-taller-donde-las-infancias-aprenden-jugando\/\">Sigue leyendo <span class=\"meta-nav\">&rarr;<\/span><\/a><\/p>\n","protected":false},"author":6,"featured_media":18333,"comment_status":"closed","ping_status":"closed","sticky":false,"template":"","format":"standard","meta":{"footnotes":""},"categories":[2458,578,20],"tags":[],"class_list":["post-18276","post","type-post","status-publish","format-standard","has-post-thumbnail","hentry","category-cuartelv","category-educacion","category-sociedad"],"_links":{"self":[{"href":"https:\/\/morenoprimero.com.ar\/archivo\/wp-json\/wp\/v2\/posts\/18276","targetHints":{"allow":["GET"]}}],"collection":[{"href":"https:\/\/morenoprimero.com.ar\/archivo\/wp-json\/wp\/v2\/posts"}],"about":[{"href":"https:\/\/morenoprimero.com.ar\/archivo\/wp-json\/wp\/v2\/types\/post"}],"author":[{"embeddable":true,"href":"https:\/\/morenoprimero.com.ar\/archivo\/wp-json\/wp\/v2\/users\/6"}],"replies":[{"embeddable":true,"href":"https:\/\/morenoprimero.com.ar\/archivo\/wp-json\/wp\/v2\/comments?post=18276"}],"version-history":[{"count":7,"href":"https:\/\/morenoprimero.com.ar\/archivo\/wp-json\/wp\/v2\/posts\/18276\/revisions"}],"predecessor-version":[{"id":18337,"href":"https:\/\/morenoprimero.com.ar\/archivo\/wp-json\/wp\/v2\/posts\/18276\/revisions\/18337"}],"wp:featuredmedia":[{"embeddable":true,"href":"https:\/\/morenoprimero.com.ar\/archivo\/wp-json\/wp\/v2\/media\/18333"}],"wp:attachment":[{"href":"https:\/\/morenoprimero.com.ar\/archivo\/wp-json\/wp\/v2\/media?parent=18276"}],"wp:term":[{"taxonomy":"category","embeddable":true,"href":"https:\/\/morenoprimero.com.ar\/archivo\/wp-json\/wp\/v2\/categories?post=18276"},{"taxonomy":"post_tag","embeddable":true,"href":"https:\/\/morenoprimero.com.ar\/archivo\/wp-json\/wp\/v2\/tags?post=18276"}],"curies":[{"name":"wp","href":"https:\/\/api.w.org\/{rel}","templated":true}]}}