{"id":18243,"date":"2021-09-17T18:00:18","date_gmt":"2021-09-17T21:00:18","guid":{"rendered":"https:\/\/morenoprimero.com.ar\/?p=18243"},"modified":"2021-09-17T18:02:36","modified_gmt":"2021-09-17T21:02:36","slug":"termino-la-espera-de-anos-comienza-a-llegar-el-asfalto-a-los-diferentes-barrios-de-moreno","status":"publish","type":"post","link":"https:\/\/morenoprimero.com.ar\/archivo\/termino-la-espera-de-anos-comienza-a-llegar-el-asfalto-a-los-diferentes-barrios-de-moreno\/","title":{"rendered":"Termin\u00f3 la espera de a\u00f1os: comienza a llegar el asfalto a los diferentes barrios de Moreno"},"content":{"rendered":"\n<h5 class=\"wp-block-heading\">Gracias a la planta asf\u00e1ltica municipal, empieza a saldarse la deuda de m\u00e1s de 20 a\u00f1os con las y los vecinos del Municipio. En Moreno Primero, dialogamos con Emiliano Morea, vecino del Barrio Mayor del Pino, quien nos expresa su alegr\u00eda.<\/h5>\n\n\n\n<p>Ubicada en el Parque Industrial II, en la localidad de Cuartel V, en el mes de julio comenz\u00f3 a funcionar la nueva planta asf\u00e1ltica. Desde ese entonces, permite pavimentar calles todos los d\u00edas y, de esta forma, dar respuesta a los hist\u00f3ricos reclamos de la comunidad.&nbsp;<\/p>\n\n\n\n<p>El proyecto es un compromiso asumido por la actual gesti\u00f3n del Municipio y, a partir de la propuesta, se llev\u00f3 a cabo en un esfuerzo en conjunto de los&nbsp;tres&nbsp;gobiernos: municipal, provincial y nacional.&nbsp;&nbsp;<\/p>\n\n\n\n<p>Se logr\u00f3 gracias a la adquisici\u00f3n del financiamiento de 68 millones de pesos que otorg\u00f3 el Ministerio del interior mediante el programa \u201cMunicipios de Pie\u201d, destinado a potenciar gobiernos locales y a fortalecer as\u00ed la gesti\u00f3n municipal.&nbsp;<\/p>\n\n\n\n<p>Desde Moreno Primero, nos pusimos en contacto con vecinos de diferentes localidades, quienes expresaron la alegr\u00eda de haber visto llegar el material caliente a la puerta de su casa.&nbsp;<\/p>\n\n\n\n<div class=\"wp-block-image\"><figure class=\"aligncenter size-full\"><a href=\"https:\/\/morenoprimero.com.ar\/wp-content\/uploads\/2021\/09\/PlantaAsfaltica2-800x445-1.jpeg\"><img loading=\"lazy\" decoding=\"async\" width=\"800\" height=\"445\" src=\"https:\/\/morenoprimero.com.ar\/wp-content\/uploads\/2021\/09\/PlantaAsfaltica2-800x445-1.jpeg\" alt=\"\" class=\"wp-image-18279\" srcset=\"https:\/\/morenoprimero.com.ar\/archivo\/wp-content\/uploads\/2021\/09\/PlantaAsfaltica2-800x445-1.jpeg 800w, https:\/\/morenoprimero.com.ar\/archivo\/wp-content\/uploads\/2021\/09\/PlantaAsfaltica2-800x445-1-300x167.jpeg 300w, https:\/\/morenoprimero.com.ar\/archivo\/wp-content\/uploads\/2021\/09\/PlantaAsfaltica2-800x445-1-768x427.jpeg 768w\" sizes=\"auto, (max-width: 800px) 100vw, 800px\" \/><\/a><\/figure><\/div>\n\n\n\n<p>Uno de ellos es Emiliano&nbsp;Morea, vecino del barrio \u201cMayor del Pino\u201d de la localidad de Cuartel V, quien explic\u00f3 que \u201chicieron 5 cuadras de asfalto a lo largo de la calle donde vivo yo, la calle Galarza\u201d, y agreg\u00f3 que \u201chace m\u00e1s de 20 a\u00f1os que esperamos que pasen por esta cuadra\u201d.&nbsp;<\/p>\n\n\n\n<p>Por otro lado, cont\u00f3 que \u00abpas\u00f3 de ser una calle que no usaba nadie a ser una calle transitada\u201d y, si bien \u00e9l est\u00e1 contento porque anda en auto, \u201cson todos los vecinos los que est\u00e1n recontentos porque, adem\u00e1s, hicieron el zanjeo tambi\u00e9n\u201d.&nbsp;<\/p>\n\n\n\n<p>Entretanto, en Moreno Centro se lleva a cabo una obra de 2200 metros lineales de hormig\u00f3n sobre la calle Mitre, sumado a las luminarias LED y a un embellecimiento urbano con el recambio de las veredas tambi\u00e9n.&nbsp;<\/p>\n\n\n\n<figure class=\"wp-block-gallery columns-2 is-cropped wp-block-gallery-1 is-layout-flex wp-block-gallery-is-layout-flex\"><ul class=\"blocks-gallery-grid\"><li class=\"blocks-gallery-item\"><figure><a href=\"https:\/\/morenoprimero.com.ar\/wp-content\/uploads\/2021\/09\/2.jpeg\"><img loading=\"lazy\" decoding=\"async\" width=\"1024\" height=\"1024\" src=\"https:\/\/morenoprimero.com.ar\/wp-content\/uploads\/2021\/09\/2-1024x1024.jpeg\" alt=\"\" data-id=\"18245\" data-full-url=\"https:\/\/morenoprimero.com.ar\/wp-content\/uploads\/2021\/09\/2.jpeg\" data-link=\"https:\/\/morenoprimero.com.ar\/?attachment_id=18245\" class=\"wp-image-18245\" srcset=\"https:\/\/morenoprimero.com.ar\/archivo\/wp-content\/uploads\/2021\/09\/2-1024x1024.jpeg 1024w, https:\/\/morenoprimero.com.ar\/archivo\/wp-content\/uploads\/2021\/09\/2-300x300.jpeg 300w, https:\/\/morenoprimero.com.ar\/archivo\/wp-content\/uploads\/2021\/09\/2-150x150.jpeg 150w, https:\/\/morenoprimero.com.ar\/archivo\/wp-content\/uploads\/2021\/09\/2-768x768.jpeg 768w, https:\/\/morenoprimero.com.ar\/archivo\/wp-content\/uploads\/2021\/09\/2.jpeg 1080w\" sizes=\"auto, (max-width: 1024px) 100vw, 1024px\" \/><\/a><\/figure><\/li><li class=\"blocks-gallery-item\"><figure><a href=\"https:\/\/morenoprimero.com.ar\/wp-content\/uploads\/2021\/09\/1.jpeg\"><img loading=\"lazy\" decoding=\"async\" width=\"1024\" height=\"1024\" src=\"https:\/\/morenoprimero.com.ar\/wp-content\/uploads\/2021\/09\/1-1024x1024.jpeg\" alt=\"\" data-id=\"18246\" data-full-url=\"https:\/\/morenoprimero.com.ar\/wp-content\/uploads\/2021\/09\/1.jpeg\" data-link=\"https:\/\/morenoprimero.com.ar\/?attachment_id=18246\" class=\"wp-image-18246\" srcset=\"https:\/\/morenoprimero.com.ar\/archivo\/wp-content\/uploads\/2021\/09\/1-1024x1024.jpeg 1024w, https:\/\/morenoprimero.com.ar\/archivo\/wp-content\/uploads\/2021\/09\/1-300x300.jpeg 300w, https:\/\/morenoprimero.com.ar\/archivo\/wp-content\/uploads\/2021\/09\/1-150x150.jpeg 150w, https:\/\/morenoprimero.com.ar\/archivo\/wp-content\/uploads\/2021\/09\/1-768x768.jpeg 768w, https:\/\/morenoprimero.com.ar\/archivo\/wp-content\/uploads\/2021\/09\/1.jpeg 1080w\" sizes=\"auto, (max-width: 1024px) 100vw, 1024px\" \/><\/a><\/figure><\/li><\/ul><\/figure>\n","protected":false},"excerpt":{"rendered":"<p>Gracias a la planta asf\u00e1ltica municipal, empieza a saldarse la deuda de m\u00e1s de 20 a\u00f1os con las y los vecinos del Municipio. En Moreno Primero, dialogamos con Emiliano Morea, vecino del Barrio Mayor del Pino, quien nos expresa su &hellip; <a href=\"https:\/\/morenoprimero.com.ar\/archivo\/termino-la-espera-de-anos-comienza-a-llegar-el-asfalto-a-los-diferentes-barrios-de-moreno\/\">Sigue leyendo <span class=\"meta-nav\">&rarr;<\/span><\/a><\/p>\n","protected":false},"author":6,"featured_media":18244,"comment_status":"closed","ping_status":"closed","sticky":false,"template":"","format":"standard","meta":{"footnotes":""},"categories":[2458,2,2328],"tags":[6,2714,966],"class_list":["post-18243","post","type-post","status-publish","format-standard","has-post-thumbnail","hentry","category-cuartelv","category-destacadas","category-local","tag-moreno","tag-planta-asfaltica-municipal","tag-vecinos-de-moreno"],"_links":{"self":[{"href":"https:\/\/morenoprimero.com.ar\/archivo\/wp-json\/wp\/v2\/posts\/18243","targetHints":{"allow":["GET"]}}],"collection":[{"href":"https:\/\/morenoprimero.com.ar\/archivo\/wp-json\/wp\/v2\/posts"}],"about":[{"href":"https:\/\/morenoprimero.com.ar\/archivo\/wp-json\/wp\/v2\/types\/post"}],"author":[{"embeddable":true,"href":"https:\/\/morenoprimero.com.ar\/archivo\/wp-json\/wp\/v2\/users\/6"}],"replies":[{"embeddable":true,"href":"https:\/\/morenoprimero.com.ar\/archivo\/wp-json\/wp\/v2\/comments?post=18243"}],"version-history":[{"count":7,"href":"https:\/\/morenoprimero.com.ar\/archivo\/wp-json\/wp\/v2\/posts\/18243\/revisions"}],"predecessor-version":[{"id":18280,"href":"https:\/\/morenoprimero.com.ar\/archivo\/wp-json\/wp\/v2\/posts\/18243\/revisions\/18280"}],"wp:featuredmedia":[{"embeddable":true,"href":"https:\/\/morenoprimero.com.ar\/archivo\/wp-json\/wp\/v2\/media\/18244"}],"wp:attachment":[{"href":"https:\/\/morenoprimero.com.ar\/archivo\/wp-json\/wp\/v2\/media?parent=18243"}],"wp:term":[{"taxonomy":"category","embeddable":true,"href":"https:\/\/morenoprimero.com.ar\/archivo\/wp-json\/wp\/v2\/categories?post=18243"},{"taxonomy":"post_tag","embeddable":true,"href":"https:\/\/morenoprimero.com.ar\/archivo\/wp-json\/wp\/v2\/tags?post=18243"}],"curies":[{"name":"wp","href":"https:\/\/api.w.org\/{rel}","templated":true}]}}