{"id":18235,"date":"2021-09-17T12:31:01","date_gmt":"2021-09-17T15:31:01","guid":{"rendered":"https:\/\/morenoprimero.com.ar\/?p=18235"},"modified":"2021-09-17T12:49:52","modified_gmt":"2021-09-17T15:49:52","slug":"jovenes-de-moreno-encabezaron-un-emotivo-acto-en-conmemoracion-de-los-45-anos-de-la-noche-de-los-lapices","status":"publish","type":"post","link":"https:\/\/morenoprimero.com.ar\/archivo\/jovenes-de-moreno-encabezaron-un-emotivo-acto-en-conmemoracion-de-los-45-anos-de-la-noche-de-los-lapices\/","title":{"rendered":"J\u00f3venes de Moreno encabezaron un emotivo acto en conmemoraci\u00f3n de los 45 a\u00f1os de \u201cLa noche de los L\u00e1pices\u201d"},"content":{"rendered":"\n<p>El pasado jueves 16 de septiembre, la Uni\u00f3n de Estudiantes de Moreno (UES) del Movimiento Evita, junto a diferentes organizaciones barriales, sociales y pol\u00edticas, se movilizaron en conmemoraci\u00f3n de los 45 a\u00f1os de \u201cLa noche de los L\u00e1pices\u201d. La marcha inici\u00f3 su recorrido en el Monumento a la Memoria, ubicado debajo del acceso oeste en Moreno, y concluy\u00f3 con un acto en la Plaza Buj\u00e1n de Paso del Rey, recordando a los j\u00f3venes secuestrados, torturados y desaparecidos aquella noche del 16 de septiembre de 1976.<\/p>\n\n\n\n<p>Quienes levantaron las banderas y tomaron la palabra durante el acto de cierre fueron j\u00f3venes provenientes de distintas agrupaciones y movimientos sociales, que coincid\u00edan en recordar para que lo ocurrido no se vuelva a repetir nunca m\u00e1s.&nbsp; \u201cPara m\u00ed, es un sentimiento que se le debe a los pibes ser conmemorados. Y un orgullo, me llena de felicidad ver tanta gente, tantos pibes, militando por un mismo sentimiento y la misma idea de conmemorar lo que pas\u00f3 esa noche. Yo milito por sentimiento, es algo que se siente en el coraz\u00f3n y en el alma\u201d, expres\u00f3 Alan, militante del Frente de Todos.<\/p>\n\n\n\n<p>En l\u00ednea con lo compartido por Alan, la candidata a concejal por el Frente de Todos, Noelia Saavedra, quien particip\u00f3 desde el comienzo de la marcha, agreg\u00f3: \u201cPara m\u00ed, es muy emocionante ver a la juventud que se sigue organizando, que mantiene vivo el recuerdo de tantas compa\u00f1eras y compa\u00f1eros que lucharon y so\u00f1aron por una patria justa, soberana y libre. Hoy recogen esas banderas y siguen esas luchas. Me genera emoci\u00f3n y esperanza porque ves chicos y chicas de los centros de estudiantes que sostienen una lucha por la dignidad de sus escuelas y de sus compas. La lucha se reinventa y sostiene\u201d.<\/p>\n\n\n\n<p>Tambi\u00e9n se hizo presente en la conmemoraci\u00f3n Gast\u00f3n Fraga, el actual candidato a concejal en Moreno y militante dentro de la Agrupaci\u00f3n 125, quien destac\u00f3 la importancia de defender hasta el final un proyecto que va en b\u00fasqueda de la justicia social: \u201cComo militante del peronismo, a nosotros y a nosotras levantar la bandera de la memoria, verdad y justicia siempre es importante, y m\u00e1s cuando recordamos y homenajeamos a compa\u00f1eros que, por ir a reclamar un derecho, el derecho a la educaci\u00f3n, sufrieron las peores consecuencias. Secuestro, tortura, muerte y desaparici\u00f3n por parte de un gobierno c\u00edvico militar que todos sabemos las nefastas consecuencias que tuvo en t\u00e9rminos sociales, econ\u00f3micos y pol\u00edticos para nuestro pa\u00eds. Levantar la bandera de nuestros compas desaparecidos v\u00edctimas del golpe de Estado implica, para nosotros, volver a pensar en lo m\u00e1s puro, que es entregar la vida y todo lo que tenemos en pos de un proyecto y de la justicia social\u201d. Durante el acto, los sentimientos fueron muchos, pero todos se nucleaban principalmente en el respeto y conmoci\u00f3n por el pasado, y el orgullo por el sost\u00e9n de la lucha en el presente, tal como expres\u00f3 Juan de H.I.J.O.S Moreno: \u201cReci\u00e9n cuando ven\u00eda pensando, justamente dec\u00eda qu\u00e9 bueno que tenemos un legado, tenemos un mont\u00f3n de pibas y pibes que se ponen la camiseta y que no les da miedo estar en la calle milit\u00e1ndola, m\u00e1s en este momento tan dif\u00edcil para todos como la pandemia y vaivenes pol\u00edticos. Pienso en los compas de la UES que ten\u00edan la edad de mi viejo. Es muy interesante el proceso que nos dio N\u00e9stor y que, a\u00fan hoy, vive ac\u00e1 en esta juventud. Sembramos bien la semilla\u201d.<\/p>\n","protected":false},"excerpt":{"rendered":"<p>El pasado jueves 16 de septiembre, la Uni\u00f3n de Estudiantes de Moreno (UES) del Movimiento Evita, junto a diferentes organizaciones barriales, sociales y pol\u00edticas, se movilizaron en conmemoraci\u00f3n de los 45 a\u00f1os de \u201cLa noche de los L\u00e1pices\u201d. La marcha &hellip; <a href=\"https:\/\/morenoprimero.com.ar\/archivo\/jovenes-de-moreno-encabezaron-un-emotivo-acto-en-conmemoracion-de-los-45-anos-de-la-noche-de-los-lapices\/\">Sigue leyendo <span class=\"meta-nav\">&rarr;<\/span><\/a><\/p>\n","protected":false},"author":6,"featured_media":18237,"comment_status":"closed","ping_status":"closed","sticky":false,"template":"","format":"standard","meta":{"footnotes":""},"categories":[3,21],"tags":[6,3117],"class_list":["post-18235","post","type-post","status-publish","format-standard","has-post-thumbnail","hentry","category-importantes","category-interes-general","tag-moreno","tag-noche-de-los-lapices"],"_links":{"self":[{"href":"https:\/\/morenoprimero.com.ar\/archivo\/wp-json\/wp\/v2\/posts\/18235","targetHints":{"allow":["GET"]}}],"collection":[{"href":"https:\/\/morenoprimero.com.ar\/archivo\/wp-json\/wp\/v2\/posts"}],"about":[{"href":"https:\/\/morenoprimero.com.ar\/archivo\/wp-json\/wp\/v2\/types\/post"}],"author":[{"embeddable":true,"href":"https:\/\/morenoprimero.com.ar\/archivo\/wp-json\/wp\/v2\/users\/6"}],"replies":[{"embeddable":true,"href":"https:\/\/morenoprimero.com.ar\/archivo\/wp-json\/wp\/v2\/comments?post=18235"}],"version-history":[{"count":1,"href":"https:\/\/morenoprimero.com.ar\/archivo\/wp-json\/wp\/v2\/posts\/18235\/revisions"}],"predecessor-version":[{"id":18238,"href":"https:\/\/morenoprimero.com.ar\/archivo\/wp-json\/wp\/v2\/posts\/18235\/revisions\/18238"}],"wp:featuredmedia":[{"embeddable":true,"href":"https:\/\/morenoprimero.com.ar\/archivo\/wp-json\/wp\/v2\/media\/18237"}],"wp:attachment":[{"href":"https:\/\/morenoprimero.com.ar\/archivo\/wp-json\/wp\/v2\/media?parent=18235"}],"wp:term":[{"taxonomy":"category","embeddable":true,"href":"https:\/\/morenoprimero.com.ar\/archivo\/wp-json\/wp\/v2\/categories?post=18235"},{"taxonomy":"post_tag","embeddable":true,"href":"https:\/\/morenoprimero.com.ar\/archivo\/wp-json\/wp\/v2\/tags?post=18235"}],"curies":[{"name":"wp","href":"https:\/\/api.w.org\/{rel}","templated":true}]}}