{"id":18199,"date":"2021-09-17T12:42:00","date_gmt":"2021-09-17T15:42:00","guid":{"rendered":"https:\/\/morenoprimero.com.ar\/?p=18199"},"modified":"2021-09-19T11:39:00","modified_gmt":"2021-09-19T14:39:00","slug":"se-cumple-un-nuevo-aniversario-de-la-desaparicion-forzada-de-jorge-julio-lopez","status":"publish","type":"post","link":"https:\/\/morenoprimero.com.ar\/archivo\/se-cumple-un-nuevo-aniversario-de-la-desaparicion-forzada-de-jorge-julio-lopez\/","title":{"rendered":"Se cumple un nuevo aniversario de la desaparici\u00f3n forzada de Jorge Julio L\u00f3pez"},"content":{"rendered":"\n<p>A 15 a\u00f1os de la \u00faltima desaparici\u00f3n de<strong> Jorge Julio L\u00f3pez<\/strong>, testigo en 2006 del juicio que termin\u00f3 con la condena a prisi\u00f3n perpetua del genocida <strong>Miguel Etchecolatz.<\/strong><\/p>\n\n\n\n<p>Cabe recordar que L\u00f3pez naci\u00f3 en General Villegas el 25 de noviembre de 1929. Militante, fue <strong>v\u00edctima de torturas y desaparici\u00f3n forzada durante la \u00faltima dictadura c\u00edvico-militar y estuvo confinado varios a\u00f1os en centros clandestinos de detenci\u00f3n. <\/strong>Tras sobrevivir, se present\u00f3 como testigo en los Juicios por la Verdad abiertos en 1998.<\/p>\n\n\n\n<p>Despu\u00e9s de que el Congreso y la Corte Suprema anularan las leyes de impunidad, L\u00f3pez declar\u00f3 como v\u00edctima y testigo en el juicio que termin\u00f3 de condenar al represor Miguel Etchecolatz con prisi\u00f3n perpetua. Pero poco tiempo despu\u00e9s, precisamente un d\u00eda antes de dictarse la sentencia, L\u00f3pez desapareci\u00f3 y, hasta hoy, no se sabe nada de \u00e9l.<\/p>\n\n\n\n<p><strong>\u201cEl caso de mi viejo tiene tres aristas: es caso, es testigo y es querellante. Es caso porque \u00e9l sufri\u00f3 tortura; es testigo porque vio no solamente como torturaban, sino tambi\u00e9n c\u00f3mo asesinaban; y es querellante por los tormentos sufridos. Por eso, en esa triple funci\u00f3n, es el grado de importancia que tiene el testimonio\u201d,<\/strong> expres\u00f3 su hijo, Rub\u00e9n L\u00f3pez y manifest\u00f3 la importancia de contar la historia de su padre en cada lugar que se recorra.<\/p>\n","protected":false},"excerpt":{"rendered":"<p>A 15 a\u00f1os de la \u00faltima desaparici\u00f3n de Jorge Julio L\u00f3pez, testigo en 2006 del juicio que termin\u00f3 con la condena a prisi\u00f3n perpetua del genocida Miguel Etchecolatz. Cabe recordar que L\u00f3pez naci\u00f3 en General Villegas el 25 de noviembre &hellip; <a href=\"https:\/\/morenoprimero.com.ar\/archivo\/se-cumple-un-nuevo-aniversario-de-la-desaparicion-forzada-de-jorge-julio-lopez\/\">Sigue leyendo <span class=\"meta-nav\">&rarr;<\/span><\/a><\/p>\n","protected":false},"author":6,"featured_media":18200,"comment_status":"closed","ping_status":"closed","sticky":false,"template":"","format":"standard","meta":{"footnotes":""},"categories":[3,21,20],"tags":[3124,2265,3121,3122],"class_list":["post-18199","post","type-post","status-publish","format-standard","has-post-thumbnail","hentry","category-importantes","category-interes-general","category-sociedad","tag-crimenes-de-lesa-humanidad","tag-ddhh","tag-jorge-julio-lopez","tag-miguel-etchecolatz"],"_links":{"self":[{"href":"https:\/\/morenoprimero.com.ar\/archivo\/wp-json\/wp\/v2\/posts\/18199","targetHints":{"allow":["GET"]}}],"collection":[{"href":"https:\/\/morenoprimero.com.ar\/archivo\/wp-json\/wp\/v2\/posts"}],"about":[{"href":"https:\/\/morenoprimero.com.ar\/archivo\/wp-json\/wp\/v2\/types\/post"}],"author":[{"embeddable":true,"href":"https:\/\/morenoprimero.com.ar\/archivo\/wp-json\/wp\/v2\/users\/6"}],"replies":[{"embeddable":true,"href":"https:\/\/morenoprimero.com.ar\/archivo\/wp-json\/wp\/v2\/comments?post=18199"}],"version-history":[{"count":2,"href":"https:\/\/morenoprimero.com.ar\/archivo\/wp-json\/wp\/v2\/posts\/18199\/revisions"}],"predecessor-version":[{"id":18266,"href":"https:\/\/morenoprimero.com.ar\/archivo\/wp-json\/wp\/v2\/posts\/18199\/revisions\/18266"}],"wp:featuredmedia":[{"embeddable":true,"href":"https:\/\/morenoprimero.com.ar\/archivo\/wp-json\/wp\/v2\/media\/18200"}],"wp:attachment":[{"href":"https:\/\/morenoprimero.com.ar\/archivo\/wp-json\/wp\/v2\/media?parent=18199"}],"wp:term":[{"taxonomy":"category","embeddable":true,"href":"https:\/\/morenoprimero.com.ar\/archivo\/wp-json\/wp\/v2\/categories?post=18199"},{"taxonomy":"post_tag","embeddable":true,"href":"https:\/\/morenoprimero.com.ar\/archivo\/wp-json\/wp\/v2\/tags?post=18199"}],"curies":[{"name":"wp","href":"https:\/\/api.w.org\/{rel}","templated":true}]}}