{"id":18129,"date":"2021-09-15T16:08:38","date_gmt":"2021-09-15T19:08:38","guid":{"rendered":"https:\/\/morenoprimero.com.ar\/?p=18129"},"modified":"2021-09-15T16:08:39","modified_gmt":"2021-09-15T19:08:39","slug":"comenzo-la-reubicacion-de-la-calesita-de-moreno","status":"publish","type":"post","link":"https:\/\/morenoprimero.com.ar\/archivo\/comenzo-la-reubicacion-de-la-calesita-de-moreno\/","title":{"rendered":"Comenz\u00f3 la reubicaci\u00f3n de la Calesita de Moreno"},"content":{"rendered":"\n<p>La hist\u00f3rica calesita de Moreno ya comenz\u00f3 su proceso de desarme <a href=\"https:\/\/morenoprimero.com.ar\/que-nos-trasladen-a-la-plaza-de-las-carretas-es-reconocimiento-a-los-anos-que-hace-que-estamos-ahi\/\">para ser trasladada a la Plaza de Las Carretas<\/a>, para dar paso a la construcci\u00f3n del puente modular vehicular.<\/p>\n\n\n\n<p>La familia Bella, creadora y fundadora de la calesita, tom\u00f3 la noticia del traslado con una mezcla de sentimientos porque forma parte de la historia del distrito, y tambi\u00e9n de ellos mismos. Hace 59 a\u00f1os Roberto Bella junto a su esposa, Ofelia, iniciaron el armado de la calesita y la ubicaron en el coraz\u00f3n de Moreno. Y fueron sus hijos, N\u00e9stor y Carmen, los encargados de continuar hasta el d\u00eda de hoy.<strong> Una mezcla de nostalgia y buenos augurios hicieron que los due\u00f1os acepten el traslado y est\u00e9n convencidos de que todo ser\u00e1 para mejor.&nbsp;<\/strong><\/p>\n\n\n\n<p>Los biombos y juguetes inicialmente construidos a mano por el fundador, que conforman a la emblem\u00e1tica calesita, ya fueron desarmados y guardados hasta que en la <strong>Plaza de Las Carretas <\/strong>se termine el armado de la boleter\u00eda y se les d\u00e9 la orden para recibirla. Se ubicar\u00e1n en un c\u00edrculo que se encuentra hace tiempo en la plaza y <strong>mantendr\u00e1 sus piezas originales<\/strong>. A su vez, desde la<strong> Secretar\u00eda de Obras P\u00fablicas, se comprometieron a restaurar las piezas de la calesita, a comprar nuevos juguetes y a enrejarla.<\/strong><\/p>\n\n\n\n<figure class=\"wp-block-image size-full\"><a href=\"https:\/\/morenoprimero.com.ar\/wp-content\/uploads\/2021\/09\/WhatsApp-Image-2021-09-15-at-12.04.35-PM.jpeg\"><img loading=\"lazy\" decoding=\"async\" width=\"1024\" height=\"575\" src=\"https:\/\/morenoprimero.com.ar\/wp-content\/uploads\/2021\/09\/WhatsApp-Image-2021-09-15-at-12.04.35-PM.jpeg\" alt=\"\" class=\"wp-image-18135\" srcset=\"https:\/\/morenoprimero.com.ar\/archivo\/wp-content\/uploads\/2021\/09\/WhatsApp-Image-2021-09-15-at-12.04.35-PM.jpeg 1024w, https:\/\/morenoprimero.com.ar\/archivo\/wp-content\/uploads\/2021\/09\/WhatsApp-Image-2021-09-15-at-12.04.35-PM-300x168.jpeg 300w, https:\/\/morenoprimero.com.ar\/archivo\/wp-content\/uploads\/2021\/09\/WhatsApp-Image-2021-09-15-at-12.04.35-PM-768x431.jpeg 768w\" sizes=\"auto, (max-width: 1024px) 100vw, 1024px\" \/><\/a><\/figure>\n\n\n\n<p>Anteriormente, la familia Bella sufri\u00f3 varios hechos de inseguridad e incluso dos incendios que fueron controlados por vecinos y lograron salvar la calesita. Esta nueva ubicaci\u00f3n, adem\u00e1s de ofrecer mayor seguridad con el enrejado, cuenta con c\u00e1mara de seguridad y el trabajo continuo de plazeros, destinados al cuidado y mantenci\u00f3n de la plaza.&nbsp;<\/p>\n\n\n\n<p>Sabiendo que los cambios prometen una mejora en todos los aspectos posibles,<strong> la calesita se muda a 50 metros de su ubicaci\u00f3n original, a la espera de continuar viendo crecer y acompa\u00f1ando a varias generaciones de morenenses y visitantes<\/strong>, con sortijas y regalando vueltas, manteniendo su esencia y demostrando que a\u00fan logra darle pelea a las nuevas tecnolog\u00edas, tal como sabe hacerlo desde hace 59 a\u00f1os.<\/p>\n\n\n\n<p>En forma paralela a este proceso de traslado y reubicaci\u00f3n, <strong>el Concejo Deliberante present\u00f3 un proyecto para nombrar a la calesita patrimonio cultural de Moreno, reconociendo as\u00ed el aporte cultural y el trabajo de a\u00f1os de la familia Bella.<\/strong><\/p>\n\n\n\n<figure class=\"wp-block-image size-full\"><a href=\"https:\/\/morenoprimero.com.ar\/wp-content\/uploads\/2021\/09\/WhatsApp-Image-2021-09-15-at-12.04.35-PM-3.jpeg\"><img loading=\"lazy\" decoding=\"async\" width=\"1024\" height=\"575\" src=\"https:\/\/morenoprimero.com.ar\/wp-content\/uploads\/2021\/09\/WhatsApp-Image-2021-09-15-at-12.04.35-PM-3.jpeg\" alt=\"\" class=\"wp-image-18136\" srcset=\"https:\/\/morenoprimero.com.ar\/archivo\/wp-content\/uploads\/2021\/09\/WhatsApp-Image-2021-09-15-at-12.04.35-PM-3.jpeg 1024w, https:\/\/morenoprimero.com.ar\/archivo\/wp-content\/uploads\/2021\/09\/WhatsApp-Image-2021-09-15-at-12.04.35-PM-3-300x168.jpeg 300w, https:\/\/morenoprimero.com.ar\/archivo\/wp-content\/uploads\/2021\/09\/WhatsApp-Image-2021-09-15-at-12.04.35-PM-3-768x431.jpeg 768w\" sizes=\"auto, (max-width: 1024px) 100vw, 1024px\" \/><\/a><\/figure>\n\n\n\n<figure class=\"wp-block-image size-full\"><a href=\"https:\/\/morenoprimero.com.ar\/wp-content\/uploads\/2021\/09\/WhatsApp-Image-2021-09-15-at-12.04.35-PM-1.jpeg\"><img loading=\"lazy\" decoding=\"async\" width=\"1024\" height=\"575\" src=\"https:\/\/morenoprimero.com.ar\/wp-content\/uploads\/2021\/09\/WhatsApp-Image-2021-09-15-at-12.04.35-PM-1.jpeg\" alt=\"\" class=\"wp-image-18137\" srcset=\"https:\/\/morenoprimero.com.ar\/archivo\/wp-content\/uploads\/2021\/09\/WhatsApp-Image-2021-09-15-at-12.04.35-PM-1.jpeg 1024w, https:\/\/morenoprimero.com.ar\/archivo\/wp-content\/uploads\/2021\/09\/WhatsApp-Image-2021-09-15-at-12.04.35-PM-1-300x168.jpeg 300w, https:\/\/morenoprimero.com.ar\/archivo\/wp-content\/uploads\/2021\/09\/WhatsApp-Image-2021-09-15-at-12.04.35-PM-1-768x431.jpeg 768w\" sizes=\"auto, (max-width: 1024px) 100vw, 1024px\" \/><\/a><\/figure>\n\n\n","protected":false},"excerpt":{"rendered":"<p>La hist\u00f3rica calesita de Moreno ya comenz\u00f3 su proceso de desarme para ser trasladada a la Plaza de Las Carretas, para dar paso a la construcci\u00f3n del puente modular vehicular. La familia Bella, creadora y fundadora de la calesita, tom\u00f3 &hellip; <a href=\"https:\/\/morenoprimero.com.ar\/archivo\/comenzo-la-reubicacion-de-la-calesita-de-moreno\/\">Sigue leyendo <span class=\"meta-nav\">&rarr;<\/span><\/a><\/p>\n","protected":false},"author":6,"featured_media":18134,"comment_status":"closed","ping_status":"closed","sticky":false,"template":"","format":"standard","meta":{"footnotes":""},"categories":[2328,20],"tags":[3114,3115],"class_list":["post-18129","post","type-post","status-publish","format-standard","has-post-thumbnail","hentry","category-local","category-sociedad","tag-calesita-de-moreno","tag-plaza-de-las-carretas"],"_links":{"self":[{"href":"https:\/\/morenoprimero.com.ar\/archivo\/wp-json\/wp\/v2\/posts\/18129","targetHints":{"allow":["GET"]}}],"collection":[{"href":"https:\/\/morenoprimero.com.ar\/archivo\/wp-json\/wp\/v2\/posts"}],"about":[{"href":"https:\/\/morenoprimero.com.ar\/archivo\/wp-json\/wp\/v2\/types\/post"}],"author":[{"embeddable":true,"href":"https:\/\/morenoprimero.com.ar\/archivo\/wp-json\/wp\/v2\/users\/6"}],"replies":[{"embeddable":true,"href":"https:\/\/morenoprimero.com.ar\/archivo\/wp-json\/wp\/v2\/comments?post=18129"}],"version-history":[{"count":1,"href":"https:\/\/morenoprimero.com.ar\/archivo\/wp-json\/wp\/v2\/posts\/18129\/revisions"}],"predecessor-version":[{"id":18138,"href":"https:\/\/morenoprimero.com.ar\/archivo\/wp-json\/wp\/v2\/posts\/18129\/revisions\/18138"}],"wp:featuredmedia":[{"embeddable":true,"href":"https:\/\/morenoprimero.com.ar\/archivo\/wp-json\/wp\/v2\/media\/18134"}],"wp:attachment":[{"href":"https:\/\/morenoprimero.com.ar\/archivo\/wp-json\/wp\/v2\/media?parent=18129"}],"wp:term":[{"taxonomy":"category","embeddable":true,"href":"https:\/\/morenoprimero.com.ar\/archivo\/wp-json\/wp\/v2\/categories?post=18129"},{"taxonomy":"post_tag","embeddable":true,"href":"https:\/\/morenoprimero.com.ar\/archivo\/wp-json\/wp\/v2\/tags?post=18129"}],"curies":[{"name":"wp","href":"https:\/\/api.w.org\/{rel}","templated":true}]}}