{"id":1799,"date":"2020-08-30T09:00:22","date_gmt":"2020-08-30T09:00:22","guid":{"rendered":"https:\/\/morenoprimero.com.ar\/?p=1799"},"modified":"2020-08-28T17:25:44","modified_gmt":"2020-08-28T17:25:44","slug":"provincia-joven-un-programa-que-fomenta-impulsa-proyectos-productivos-de-jovenes","status":"publish","type":"post","link":"https:\/\/morenoprimero.com.ar\/archivo\/provincia-joven-un-programa-que-fomenta-impulsa-proyectos-productivos-de-jovenes\/","title":{"rendered":"\u00abPROVINCIA JOVEN\u00bb: UN PROGRAMA QUE FOMENTA IMPULSA PROYECTOS PRODUCTIVOS DE J\u00d3VENES."},"content":{"rendered":"\n<h4 class=\"wp-block-heading\">&nbsp; &nbsp;El Gobierno de la Provincia de Buenos Aires lanz\u00f3 el programa \u201cProvincia Joven\u201d. Es una iniciativa para impulsar y acompa\u00f1ar proyectos productivos de j\u00f3venes que surge en la&nbsp;Direcci\u00f3n de Juventudes del ministerio de Desarrollo de la Comunidad.&nbsp;<\/h4>\n\n\n\n<p>&nbsp; El programa tiene el objetivo de fomentar el di\u00e1logo y la coordinaci\u00f3n entre los distintos proyectos; incentivar a sus integrantes a formarse y capacitarse y generar un acompa\u00f1amiento constante a cada emprendimiento y a los y las j\u00f3venes que los integran.&nbsp;&nbsp;<\/p>\n\n\n\n<p>&nbsp;<strong>Tambi\u00e9n apunta a crear acciones conjuntas con dependencias del Estado provincial y municipales, organizaciones y espacios de la comunidad y cooperativas de trabajo.&nbsp;<\/strong><\/p>\n\n\n\n<p>&nbsp;<strong>&nbsp;La iniciativa consiste en la recepci\u00f3n de proyectos productivos, que est\u00e9n en funcionamiento o en planificaci\u00f3n, con el fin de acompa\u00f1ar a sus integrantes en la capacitaci\u00f3n, comunicaci\u00f3n y acceso a informaci\u00f3n y herramientas brindadas por el Estado.<\/strong> <\/p>\n\n\n\n<p>   Quienes est\u00e9n interesados y tengan entre 16 y 29 a\u00f1os, podr\u00e1n inscribirse a trav\u00e9s del c\u00f3digo QR que aparece en el&nbsp;flyer, o mediante un&nbsp;<a rel=\"noreferrer noopener\" href=\"https:\/\/docs.google.com\/forms\/d\/e\/1FAIpQLSeXuxO8wdTEf3c3Hubzel2y4qwTHDzbVJXwYfkStPuUS3HCJQ\/viewform\" target=\"_blank\">formulario web<\/a>.&nbsp; Adem\u00e1s, pueden realizarse consultas en las redes sociales de la Direcci\u00f3n de Juventudes o enviando un mensaje al 221-669-5124.&nbsp;<\/p>\n\n\n\n<p>&nbsp;&nbsp; Una vez realizada la inscripci\u00f3n, los equipos de trabajo analizar\u00e1n la respectiva propuesta y se contactar\u00e1n con los responsables.&nbsp;<\/p>\n\n\n\n<figure class=\"wp-block-embed-twitter wp-block-embed is-type-rich is-provider-twitter\"><div class=\"wp-block-embed__wrapper\">\n<blockquote class=\"twitter-tweet\" data-width=\"550\" data-dnt=\"true\"><p lang=\"es\" dir=\"ltr\"><a href=\"https:\/\/twitter.com\/hashtag\/ProvinciaJoven?src=hash&amp;ref_src=twsrc%5Etfw\">#ProvinciaJoven<\/a> <br><br>Queremos conocer tus propuestas y acompa\u00f1ar su desarrollo.<br><br>Desde la Direcci\u00f3n de Juventudes de la Provincia de Buenos Aires te invitamos a inscribirte en nuestro banco de propuestas de emprendimientos productivos de j\u00f3venes de 16 a 29 a\u00f1os.<a href=\"https:\/\/twitter.com\/MinDesarrolloBA?ref_src=twsrc%5Etfw\">@MinDesarrolloBA<\/a> <a href=\"https:\/\/t.co\/boG35qXijr\">pic.twitter.com\/boG35qXijr<\/a><\/p>&mdash; Juventudes PBA (@JuventudesPBA) <a href=\"https:\/\/twitter.com\/JuventudesPBA\/status\/1297192170210963456?ref_src=twsrc%5Etfw\">August 22, 2020<\/a><\/blockquote><script async src=\"https:\/\/platform.twitter.com\/widgets.js\" charset=\"utf-8\"><\/script>\n<\/div><\/figure>\n","protected":false},"excerpt":{"rendered":"<p>&nbsp; &nbsp;El Gobierno de la Provincia de Buenos Aires lanz\u00f3 el programa \u201cProvincia Joven\u201d. Es una iniciativa para impulsar y acompa\u00f1ar proyectos productivos de j\u00f3venes que surge en la&nbsp;Direcci\u00f3n de Juventudes del ministerio de Desarrollo de la Comunidad.&nbsp; &nbsp; El &hellip; <a href=\"https:\/\/morenoprimero.com.ar\/archivo\/provincia-joven-un-programa-que-fomenta-impulsa-proyectos-productivos-de-jovenes\/\">Sigue leyendo <span class=\"meta-nav\">&rarr;<\/span><\/a><\/p>\n","protected":false},"author":6,"featured_media":1802,"comment_status":"open","ping_status":"open","sticky":false,"template":"","format":"standard","meta":{"footnotes":""},"categories":[21,20],"tags":[511,512,230,60],"class_list":["post-1799","post","type-post","status-publish","format-standard","has-post-thumbnail","hentry","category-interes-general","category-sociedad","tag-provincia-joven","tag-direccion-de-juventudes-del-ministerio-de-desarrollo-de-la-comunidad","tag-ministerio-de-desarrollo-de-la-comunidad","tag-provincia-de-buenos-aires"],"_links":{"self":[{"href":"https:\/\/morenoprimero.com.ar\/archivo\/wp-json\/wp\/v2\/posts\/1799","targetHints":{"allow":["GET"]}}],"collection":[{"href":"https:\/\/morenoprimero.com.ar\/archivo\/wp-json\/wp\/v2\/posts"}],"about":[{"href":"https:\/\/morenoprimero.com.ar\/archivo\/wp-json\/wp\/v2\/types\/post"}],"author":[{"embeddable":true,"href":"https:\/\/morenoprimero.com.ar\/archivo\/wp-json\/wp\/v2\/users\/6"}],"replies":[{"embeddable":true,"href":"https:\/\/morenoprimero.com.ar\/archivo\/wp-json\/wp\/v2\/comments?post=1799"}],"version-history":[{"count":3,"href":"https:\/\/morenoprimero.com.ar\/archivo\/wp-json\/wp\/v2\/posts\/1799\/revisions"}],"predecessor-version":[{"id":1908,"href":"https:\/\/morenoprimero.com.ar\/archivo\/wp-json\/wp\/v2\/posts\/1799\/revisions\/1908"}],"wp:featuredmedia":[{"embeddable":true,"href":"https:\/\/morenoprimero.com.ar\/archivo\/wp-json\/wp\/v2\/media\/1802"}],"wp:attachment":[{"href":"https:\/\/morenoprimero.com.ar\/archivo\/wp-json\/wp\/v2\/media?parent=1799"}],"wp:term":[{"taxonomy":"category","embeddable":true,"href":"https:\/\/morenoprimero.com.ar\/archivo\/wp-json\/wp\/v2\/categories?post=1799"},{"taxonomy":"post_tag","embeddable":true,"href":"https:\/\/morenoprimero.com.ar\/archivo\/wp-json\/wp\/v2\/tags?post=1799"}],"curies":[{"name":"wp","href":"https:\/\/api.w.org\/{rel}","templated":true}]}}