{"id":1793,"date":"2020-08-30T09:00:37","date_gmt":"2020-08-30T09:00:37","guid":{"rendered":"https:\/\/morenoprimero.com.ar\/?p=1793"},"modified":"2020-08-28T17:25:11","modified_gmt":"2020-08-28T17:25:11","slug":"se-aprobo-el-protocolo-del-sector-audiovisual","status":"publish","type":"post","link":"https:\/\/morenoprimero.com.ar\/archivo\/se-aprobo-el-protocolo-del-sector-audiovisual\/","title":{"rendered":"SE APROB\u00d3 EL PROTOCOLO DEL SECTOR AUDIOVISUAL"},"content":{"rendered":"\n<p><strong>La implementaci\u00f3n del mismo depender\u00e1 de cada fase en la que se encuentren las diferentes jurisdicciones y regiones del pa\u00eds.<\/strong><\/p>\n\n\n\n<figure class=\"wp-block-image size-large\"><img loading=\"lazy\" decoding=\"async\" width=\"1024\" height=\"533\" src=\"https:\/\/morenoprimero.com.ar\/wp-content\/uploads\/2020\/08\/Roles-audiovisual1-1024x533.jpg\" alt=\"\" class=\"wp-image-1794\" srcset=\"https:\/\/morenoprimero.com.ar\/archivo\/wp-content\/uploads\/2020\/08\/Roles-audiovisual1-1024x533.jpg 1024w, https:\/\/morenoprimero.com.ar\/archivo\/wp-content\/uploads\/2020\/08\/Roles-audiovisual1-300x156.jpg 300w, https:\/\/morenoprimero.com.ar\/archivo\/wp-content\/uploads\/2020\/08\/Roles-audiovisual1-768x400.jpg 768w, https:\/\/morenoprimero.com.ar\/archivo\/wp-content\/uploads\/2020\/08\/Roles-audiovisual1-1536x800.jpg 1536w, https:\/\/morenoprimero.com.ar\/archivo\/wp-content\/uploads\/2020\/08\/Roles-audiovisual1.jpg 1920w\" sizes=\"auto, (max-width: 1024px) 100vw, 1024px\" \/><\/figure>\n\n\n\n<p> El Ministro de Cultura de la Naci\u00f3n, Trist\u00e1n Bauer, junto a la Secretaria de Desarrollo Cultural, Lucrecia Cardoso; Claudio Mart\u00ednez, Subsecretario de Medios y Comunicaci\u00f3n P\u00fablica; el Vicepresidente del INCAA, Nicol\u00e1s Battle y el Subgerente de Desarrollo en Seguridad y Salud, David Traetta de la Superintendencia de Riesgos de Trabajo del Ministerio de Trabajo, Empleo y Seguridad Social, presentaron, de manera virtual, el protocolo para el rodaje-grabaci\u00f3n y postproducci\u00f3n de contenidos audiovisuales para cine, televisi\u00f3n y contenidos para plataformas.<\/p>\n\n\n\n<p>El documento, que incluye din\u00e1micas complejas en este contexto de pandemia, es un precedente para futuros protocolos dado que se han adoptado todas las medidas sanitarias vigentes a la fecha y ya cuenta con m\u00e1s de 20 adhesiones de Asociaciones de todo el pa\u00eds.<\/p>\n\n\n\n<p>La participaci\u00f3n de las c\u00e1maras, las asociaciones y los sindicatos le otorga una legitimidad invaluable e hist\u00f3rica. Se trata de un acuerdo general que representa los aportes y las necesidades de cada sector.<\/p>\n\n\n\n<p><\/p>\n","protected":false},"excerpt":{"rendered":"<p>La implementaci\u00f3n del mismo depender\u00e1 de cada fase en la que se encuentren las diferentes jurisdicciones y regiones del pa\u00eds. El Ministro de Cultura de la Naci\u00f3n, Trist\u00e1n Bauer, junto a la Secretaria de Desarrollo Cultural, Lucrecia Cardoso; Claudio Mart\u00ednez, &hellip; <a href=\"https:\/\/morenoprimero.com.ar\/archivo\/se-aprobo-el-protocolo-del-sector-audiovisual\/\">Sigue leyendo <span class=\"meta-nav\">&rarr;<\/span><\/a><\/p>\n","protected":false},"author":6,"featured_media":1795,"comment_status":"open","ping_status":"open","sticky":false,"template":"","format":"standard","meta":{"footnotes":""},"categories":[21,5,20],"tags":[509,508,507],"class_list":["post-1793","post","type-post","status-publish","format-standard","has-post-thumbnail","hentry","category-interes-general","category-recomendadas","category-sociedad","tag-incaa","tag-ministerio-de-cultura-de-la-nacion","tag-sector-audiovisual"],"_links":{"self":[{"href":"https:\/\/morenoprimero.com.ar\/archivo\/wp-json\/wp\/v2\/posts\/1793","targetHints":{"allow":["GET"]}}],"collection":[{"href":"https:\/\/morenoprimero.com.ar\/archivo\/wp-json\/wp\/v2\/posts"}],"about":[{"href":"https:\/\/morenoprimero.com.ar\/archivo\/wp-json\/wp\/v2\/types\/post"}],"author":[{"embeddable":true,"href":"https:\/\/morenoprimero.com.ar\/archivo\/wp-json\/wp\/v2\/users\/6"}],"replies":[{"embeddable":true,"href":"https:\/\/morenoprimero.com.ar\/archivo\/wp-json\/wp\/v2\/comments?post=1793"}],"version-history":[{"count":1,"href":"https:\/\/morenoprimero.com.ar\/archivo\/wp-json\/wp\/v2\/posts\/1793\/revisions"}],"predecessor-version":[{"id":1796,"href":"https:\/\/morenoprimero.com.ar\/archivo\/wp-json\/wp\/v2\/posts\/1793\/revisions\/1796"}],"wp:featuredmedia":[{"embeddable":true,"href":"https:\/\/morenoprimero.com.ar\/archivo\/wp-json\/wp\/v2\/media\/1795"}],"wp:attachment":[{"href":"https:\/\/morenoprimero.com.ar\/archivo\/wp-json\/wp\/v2\/media?parent=1793"}],"wp:term":[{"taxonomy":"category","embeddable":true,"href":"https:\/\/morenoprimero.com.ar\/archivo\/wp-json\/wp\/v2\/categories?post=1793"},{"taxonomy":"post_tag","embeddable":true,"href":"https:\/\/morenoprimero.com.ar\/archivo\/wp-json\/wp\/v2\/tags?post=1793"}],"curies":[{"name":"wp","href":"https:\/\/api.w.org\/{rel}","templated":true}]}}