{"id":17747,"date":"2021-09-06T19:34:37","date_gmt":"2021-09-06T22:34:37","guid":{"rendered":"https:\/\/morenoprimero.com.ar\/?p=17747"},"modified":"2021-09-06T19:36:12","modified_gmt":"2021-09-06T22:36:12","slug":"axel-kicillof-sobre-juntos-por-el-cambio-no-son-halcones-ni-palomas-son-buitres","status":"publish","type":"post","link":"https:\/\/morenoprimero.com.ar\/archivo\/axel-kicillof-sobre-juntos-por-el-cambio-no-son-halcones-ni-palomas-son-buitres\/","title":{"rendered":"Axel Kicillof sobre Juntos por el Cambio: \u00abNo son halcones ni palomas, son buitres\u00bb"},"content":{"rendered":"\n<p>El gobernador bonaerense se\u00f1al\u00f3 que el<strong> Frente de Todos<\/strong> \u00abvino a reparar el da\u00f1o de <strong>Mauricio Macri<\/strong> y <strong>Mar\u00eda Eugenia Vidal<\/strong>\u00ab, pero que ante la pandemia tuvieron que entrar \u00aben modo emergencia para evitar una cat\u00e1strofe\u00bb.&nbsp;<\/p>\n\n\n\n<p>Afirm\u00f3 que los dirigentes de <strong>Juntos por el Cambio<\/strong> \u00abno son halcones, ni palomas\u00bb sino \u00abbuitres\u00bb, y destac\u00f3 que en las elecciones legislativas se juegan<strong> \u00abdos modelos\u00bb contrapuestos.<\/strong> \u00ab<strong>Se juega el rumbo, se juegan dos modelos, lo mismo que se discuti\u00f3 en 2019, pero actualizado<\/strong>\u00bb agreg\u00f3.<\/p>\n\n\n\n<p><strong>Kicillof <\/strong>resalt\u00f3 la importancia de alcanzar una \u00abmayor\u00eda en la C\u00e1mara de Senadores de la provincia\u00bb ya que, dijo, \u00abtodo este tiempo tuvimos minor\u00eda y mucha dificultad para varias cosas que intentamos hacer\u00bb. \u00ab<strong>El PRO, Cambiemos o el macrismo se encarg\u00f3 a entorpecer y obstaculizar varias de las iniciativas<\/strong>\u00ab, indic\u00f3.<\/p>\n\n\n\n<p>Plante\u00f3 que<strong> \u00abla campa\u00f1a del macrismo se basa en que pase desapercibido lo que hicieron cuatro a\u00f1os,<\/strong> que la pandemia se considere solamente un hecho argentino y que sus efectos an\u00edmicos, sanitarios y econ\u00f3micos sean atribuidos al Gobierno, en vez de poner sobre la mesa todo lo que se hizo para evitar el da\u00f1o\u00bb.<\/p>\n\n\n\n<p>As\u00ed, expuso que \u00abhubo que cambiar las prioridades, armar un gobierno de emergencia\u00bb, y a\u00f1adi\u00f3 que \u00abahora <strong>se est\u00e1 saliendo de la crisis sanitaria m\u00e1s grave de la historia<\/strong>\u00ab.<\/p>\n\n\n\n<p>Consider\u00f3 \u00ab<strong>incre\u00edble\u00bb que Vidal -precandidata en la ciudad de Buenos Aires- se muestre como una defensora de la educaci\u00f3n<\/strong> \u00abdespu\u00e9s de lo que pas\u00f3 con la explosi\u00f3n en un colegio de Moreno, cuando desinvirtieron en el \u00e1rea, cerraron escuelas, bajaron sueldos docentes, dijeron que ca\u00edas en la educaci\u00f3n p\u00fablica, dijeron que no serv\u00edan las universidades en el conurbano y dijeron que los docentes eran pr\u00e1cticamente una mafia\u00bb.<\/p>\n\n\n\n<p>\u00abLa sociedad acompa\u00f1\u00f3 esa crisis sanitaria con un sacrificio tremendo y el gobierno cumpli\u00f3 con que a nadie le faltara una cama ni un respirador. Vidal dej\u00f3 destruida la provincia, es de un <strong>caradurismo y cinismo hablar de salud y educaci\u00f3n con el desastre que hicieron<\/strong>\u00ab, reflexion\u00f3.<\/p>\n\n\n\n<p>Por otro lado, expuso que<strong> \u00abtirarse en contra de las vacunas y los cuidados en medio de una pandemia, es romper un l\u00edmite\u00bb<\/strong>. Luego destac\u00f3 el avance de la campa\u00f1a de vacunaci\u00f3n, el descenso de contagios por 15 semanas consecutivas.<\/p>\n\n\n\n<p>Al referirse a la unidad del oficialismo, <strong>Kicillof <\/strong>explic\u00f3 que \u00abdentro del frente somos muchos dirigentes que tenemos posiciones, pero <strong>todos compartimos el rumbo y las prioridades\u00bb.<\/strong><\/p>\n","protected":false},"excerpt":{"rendered":"<p>El gobernador bonaerense se\u00f1al\u00f3 que el Frente de Todos \u00abvino a reparar el da\u00f1o de Mauricio Macri y Mar\u00eda Eugenia Vidal\u00ab, pero que ante la pandemia tuvieron que entrar \u00aben modo emergencia para evitar una cat\u00e1strofe\u00bb.&nbsp; Afirm\u00f3 que los dirigentes &hellip; <a href=\"https:\/\/morenoprimero.com.ar\/archivo\/axel-kicillof-sobre-juntos-por-el-cambio-no-son-halcones-ni-palomas-son-buitres\/\">Sigue leyendo <span class=\"meta-nav\">&rarr;<\/span><\/a><\/p>\n","protected":false},"author":6,"featured_media":17750,"comment_status":"closed","ping_status":"closed","sticky":false,"template":"","format":"standard","meta":{"footnotes":""},"categories":[27,2329],"tags":[132,28,302,2861,1579],"class_list":["post-17747","post","type-post","status-publish","format-standard","has-post-thumbnail","hentry","category-politica","category-provincial","tag-axel-kicillof","tag-frente-de-todos","tag-juntos-por-el-cambio","tag-maria-eugenia-vidal","tag-mauricio-macri"],"_links":{"self":[{"href":"https:\/\/morenoprimero.com.ar\/archivo\/wp-json\/wp\/v2\/posts\/17747","targetHints":{"allow":["GET"]}}],"collection":[{"href":"https:\/\/morenoprimero.com.ar\/archivo\/wp-json\/wp\/v2\/posts"}],"about":[{"href":"https:\/\/morenoprimero.com.ar\/archivo\/wp-json\/wp\/v2\/types\/post"}],"author":[{"embeddable":true,"href":"https:\/\/morenoprimero.com.ar\/archivo\/wp-json\/wp\/v2\/users\/6"}],"replies":[{"embeddable":true,"href":"https:\/\/morenoprimero.com.ar\/archivo\/wp-json\/wp\/v2\/comments?post=17747"}],"version-history":[{"count":1,"href":"https:\/\/morenoprimero.com.ar\/archivo\/wp-json\/wp\/v2\/posts\/17747\/revisions"}],"predecessor-version":[{"id":17749,"href":"https:\/\/morenoprimero.com.ar\/archivo\/wp-json\/wp\/v2\/posts\/17747\/revisions\/17749"}],"wp:featuredmedia":[{"embeddable":true,"href":"https:\/\/morenoprimero.com.ar\/archivo\/wp-json\/wp\/v2\/media\/17750"}],"wp:attachment":[{"href":"https:\/\/morenoprimero.com.ar\/archivo\/wp-json\/wp\/v2\/media?parent=17747"}],"wp:term":[{"taxonomy":"category","embeddable":true,"href":"https:\/\/morenoprimero.com.ar\/archivo\/wp-json\/wp\/v2\/categories?post=17747"},{"taxonomy":"post_tag","embeddable":true,"href":"https:\/\/morenoprimero.com.ar\/archivo\/wp-json\/wp\/v2\/tags?post=17747"}],"curies":[{"name":"wp","href":"https:\/\/api.w.org\/{rel}","templated":true}]}}