{"id":17741,"date":"2021-09-06T18:21:15","date_gmt":"2021-09-06T21:21:15","guid":{"rendered":"https:\/\/morenoprimero.com.ar\/?p=17741"},"modified":"2021-09-06T18:21:16","modified_gmt":"2021-09-06T21:21:16","slug":"rec-la-radio-comunitaria-de-las-y-los-pibes-de-moreno","status":"publish","type":"post","link":"https:\/\/morenoprimero.com.ar\/archivo\/rec-la-radio-comunitaria-de-las-y-los-pibes-de-moreno\/","title":{"rendered":"REC, la radio comunitaria de las y los pibes de Moreno"},"content":{"rendered":"\n<p>Portadores de una impronta que marca la diferencia desde sus comienzos, <strong>REC, la radio de la comunidad educativa Creciendo Juntos<\/strong>, ubicada en <strong>Barrio Parque <\/strong>desde hace 8 a\u00f1os, viene d\u00e1ndole espacio a las voces de las y los m\u00e1s j\u00f3venes.<\/p>\n\n\n\n<p>Tras el comienzo del<strong> taller de rap<\/strong> que se empez\u00f3 a dictar en la escuela, en el a\u00f1o 2010, surgieron ideas de crear una radio por y para la escuela: \u201cEmpezamos un poco jugando con la idea. Ya hab\u00eda chicos que hab\u00edan participado anteriormente de un taller de radio, entonces como que la semilla ya medio estaba sembrada ac\u00e1 en la escuela. No era algo tan loco pensar en nuestra propia radio\u201d, nos comparti\u00f3 <strong>Silvina Servedio<\/strong>, docente de Comunicaci\u00f3n desde hace 20 a\u00f1os en la escuela de <strong>Gesti\u00f3n Social Creciendo Juntos.<\/strong><\/p>\n\n\n\n<p>Si bien el proyecto de la radio comenz\u00f3 como un proyecto \u00e1ulico, con los chicos y las chicas del taller organiz\u00e1ndose en peque\u00f1os grupos, produciendo y compartiendo sus programas, el tiempo transcurrido para que las y los estudiantes se entusiasmen y tomen el impulso para algo m\u00e1s grande fue casi escaso.<strong> \u201cTuvimos la suerte de que los chicos se engancharon enseguida con la radio y, como ya hab\u00eda un grupo de docentes que tambi\u00e9n ven\u00edamos trabajando en radio, en el 2011 comenzamos a pensar en darle forma a esto\u201d<\/strong>, asegur\u00f3 Silvina.<\/p>\n\n\n\n<figure class=\"wp-block-image size-full\"><a href=\"https:\/\/morenoprimero.com.ar\/wp-content\/uploads\/2021\/09\/WhatsApp-Image-2021-09-06-at-4.17.25-PM-1.jpeg\"><img loading=\"lazy\" decoding=\"async\" width=\"1024\" height=\"614\" src=\"https:\/\/morenoprimero.com.ar\/wp-content\/uploads\/2021\/09\/WhatsApp-Image-2021-09-06-at-4.17.25-PM-1.jpeg\" alt=\"\" class=\"wp-image-17743\" srcset=\"https:\/\/morenoprimero.com.ar\/archivo\/wp-content\/uploads\/2021\/09\/WhatsApp-Image-2021-09-06-at-4.17.25-PM-1.jpeg 1024w, https:\/\/morenoprimero.com.ar\/archivo\/wp-content\/uploads\/2021\/09\/WhatsApp-Image-2021-09-06-at-4.17.25-PM-1-300x180.jpeg 300w, https:\/\/morenoprimero.com.ar\/archivo\/wp-content\/uploads\/2021\/09\/WhatsApp-Image-2021-09-06-at-4.17.25-PM-1-768x461.jpeg 768w\" sizes=\"auto, (max-width: 1024px) 100vw, 1024px\" \/><\/a><\/figure>\n\n\n\n<p>Para ese entonces ya estaba en marcha la <strong>Ley de Servicios de Comunicaci\u00f3n Audiovisual<\/strong>, la cual le daba a la escuela la posibilidad de hacer una radio que no solo sea estudiantil, sino tambi\u00e9n para el barrio, abriendo paso a la radio comunitaria. Y fue as\u00ed que, con<strong> un grupo de estudiantes, familias y docentes gestaron esta iniciativa<\/strong>, que desde un comienzo era palpable el impacto que generar\u00eda dentro y fuera de<strong> Creciendo Juntos.<\/strong><\/p>\n\n\n\n<p>\u201cHace 8 a\u00f1os, una vez que obtuvimos la licencia para comenzar con la radio, pusimos en marcha lo que ven\u00edamos hablando en las asambleas abiertas a la comunidad.<strong> Delineamos entre todos lo que quer\u00edamos comunicar, de qu\u00e9 manera, para saber cu\u00e1l era nuestra mirada como comunidad<\/strong>\u201d, record\u00f3 la docente.<\/p>\n\n\n\n<p><strong>Radio REC, 89.5FM<\/strong>, se caracteriza desde sus inicios por ser una radio donde se escuchan voces de ni\u00f1os, ni\u00f1as, adolescentes y j\u00f3venes, dejando as\u00ed de ser meros receptores para tomar lugares como protagonistas.<strong> \u201cLos chicos traen muy buenos debates para los programas de la radio, por ejemplo, las redes sociales y los estereotipos.<\/strong> Este tema lo trajeron un grupo de chicas, y nos contaron qu\u00e9 les pasaba cuando publicaban en las redes. A partir de eso, se instalan cuestiones que como adulto uno est\u00e1 ajeno, y as\u00ed van desarrollando un mont\u00f3n de preguntas al respecto. <strong>El trabajo que se logra en la radio es incre\u00edble en muchos aspectos, disfrutamos de escuchar a los chicos que se plantan frente al micr\u00f3fono y hablan ah\u00ed con total naturalidad. Cuando ellos est\u00e1n saliendo al aire, son magia para m\u00ed<\/strong>\u201d, agreg\u00f3 Silvina.<\/p>\n\n\n\n<p>No solo la escuela primaria y secundaria participan de la radio comunitaria, sino tambi\u00e9n las y los m\u00e1s chiquitos de la comunidad educativa. <strong>Nenes y nenas del jard\u00edn de infantes viven su propia experiencia dentro de <\/strong><a href=\"https:\/\/morenoprimero.com.ar\/101-anos-de-radio-en-argentina-y-la-chicharra-como-la-voz-alternativa-morenense\/\"><strong>este medio tradicional que no deja de innovar<\/strong><\/a><strong>. <\/strong>Adaptando los contenidos que se trabajan en las aulas, las y los infantes se convierten en conductores en los programas \u201cEl gato negro\u201d y \u201cFlores, mariposas y colores\u201d.<\/p>\n\n\n\n<figure class=\"wp-block-image size-full\"><a href=\"https:\/\/morenoprimero.com.ar\/wp-content\/uploads\/2021\/09\/WhatsApp-Image-2021-09-06-at-4.17.25-PM.jpeg\"><img loading=\"lazy\" decoding=\"async\" width=\"1024\" height=\"682\" src=\"https:\/\/morenoprimero.com.ar\/wp-content\/uploads\/2021\/09\/WhatsApp-Image-2021-09-06-at-4.17.25-PM.jpeg\" alt=\"\" class=\"wp-image-17742\" srcset=\"https:\/\/morenoprimero.com.ar\/archivo\/wp-content\/uploads\/2021\/09\/WhatsApp-Image-2021-09-06-at-4.17.25-PM.jpeg 1024w, https:\/\/morenoprimero.com.ar\/archivo\/wp-content\/uploads\/2021\/09\/WhatsApp-Image-2021-09-06-at-4.17.25-PM-300x200.jpeg 300w, https:\/\/morenoprimero.com.ar\/archivo\/wp-content\/uploads\/2021\/09\/WhatsApp-Image-2021-09-06-at-4.17.25-PM-768x512.jpeg 768w\" sizes=\"auto, (max-width: 1024px) 100vw, 1024px\" \/><\/a><\/figure>\n\n\n\n<p>Durante la pandemia, la radio funcion\u00f3 como puente entre maestros, estudiantes y el barrio, tal como resalt\u00f3 Silvina:<strong> \u201cFue muy importante, la radio fue un medio para recuperar de alguna manera lo que el aislamiento nos obligaba a dejar de lado, nos permit\u00eda estar en contacto y serle \u00fatil al barrio. <\/strong>En la radio, gracias a la participaci\u00f3n constante de los chicos que forman el centro de estudiantes, comunic\u00e1bamos los d\u00edas que se hac\u00edan las ollas populares. <strong>Siempre est\u00e1n presentes los temas que benefician a la comunidad del barrio\u201d.<\/strong><\/p>\n\n\n\n<p><strong>Radio REC se propone fortalecer el derecho a la comunicaci\u00f3n de ni\u00f1os, ni\u00f1as y j\u00f3venes, comunicar desde el barrio, para poder contar en primera persona lo que pasa dentro de la comunidad. <\/strong>Los chicos y chicas son el motor que pone en marcha la b\u00fasqueda constante de construir una mirada contrahegem\u00f3nica y representativa, priorizando el aprendizaje en conjunto de todas las partes que conforman la escuela, desde adentro y desde afuera, porque no conciben entender la realidad separando la escuela del territorio.<\/p>\n\n\n\n<p>Por \u00faltimo,<strong> Silvina Servedio <\/strong>nos coment\u00f3 que el crecimiento de la radio contin\u00faa m\u00e1s all\u00e1 de la pandemia: <strong>\u201cCuando mejore un poco la situaci\u00f3n, sin dudas, vamos a poner en marcha la idea que se nos fren\u00f3 durante estos \u00faltimos casi dos a\u00f1os, la idea de una apertura mayor al barrio. Invitar a m\u00e1s instituciones a participar de la radio, eso es a lo que estamos apuntando de ahora en adelante\u201d.<\/strong><\/p>\n","protected":false},"excerpt":{"rendered":"<p>Portadores de una impronta que marca la diferencia desde sus comienzos, REC, la radio de la comunidad educativa Creciendo Juntos, ubicada en Barrio Parque desde hace 8 a\u00f1os, viene d\u00e1ndole espacio a las voces de las y los m\u00e1s j\u00f3venes. &hellip; <a href=\"https:\/\/morenoprimero.com.ar\/archivo\/rec-la-radio-comunitaria-de-las-y-los-pibes-de-moreno\/\">Sigue leyendo <span class=\"meta-nav\">&rarr;<\/span><\/a><\/p>\n","protected":false},"author":6,"featured_media":17744,"comment_status":"closed","ping_status":"closed","sticky":false,"template":"","format":"standard","meta":{"footnotes":""},"categories":[21,2328],"tags":[932,3077,510,3076],"class_list":["post-17741","post","type-post","status-publish","format-standard","has-post-thumbnail","hentry","category-interes-general","category-local","tag-creciendo-juntos","tag-radio","tag-radio-comunitaria","tag-rec"],"_links":{"self":[{"href":"https:\/\/morenoprimero.com.ar\/archivo\/wp-json\/wp\/v2\/posts\/17741","targetHints":{"allow":["GET"]}}],"collection":[{"href":"https:\/\/morenoprimero.com.ar\/archivo\/wp-json\/wp\/v2\/posts"}],"about":[{"href":"https:\/\/morenoprimero.com.ar\/archivo\/wp-json\/wp\/v2\/types\/post"}],"author":[{"embeddable":true,"href":"https:\/\/morenoprimero.com.ar\/archivo\/wp-json\/wp\/v2\/users\/6"}],"replies":[{"embeddable":true,"href":"https:\/\/morenoprimero.com.ar\/archivo\/wp-json\/wp\/v2\/comments?post=17741"}],"version-history":[{"count":1,"href":"https:\/\/morenoprimero.com.ar\/archivo\/wp-json\/wp\/v2\/posts\/17741\/revisions"}],"predecessor-version":[{"id":17745,"href":"https:\/\/morenoprimero.com.ar\/archivo\/wp-json\/wp\/v2\/posts\/17741\/revisions\/17745"}],"wp:featuredmedia":[{"embeddable":true,"href":"https:\/\/morenoprimero.com.ar\/archivo\/wp-json\/wp\/v2\/media\/17744"}],"wp:attachment":[{"href":"https:\/\/morenoprimero.com.ar\/archivo\/wp-json\/wp\/v2\/media?parent=17741"}],"wp:term":[{"taxonomy":"category","embeddable":true,"href":"https:\/\/morenoprimero.com.ar\/archivo\/wp-json\/wp\/v2\/categories?post=17741"},{"taxonomy":"post_tag","embeddable":true,"href":"https:\/\/morenoprimero.com.ar\/archivo\/wp-json\/wp\/v2\/tags?post=17741"}],"curies":[{"name":"wp","href":"https:\/\/api.w.org\/{rel}","templated":true}]}}