{"id":17736,"date":"2021-09-06T17:28:08","date_gmt":"2021-09-06T20:28:08","guid":{"rendered":"https:\/\/morenoprimero.com.ar\/?p=17736"},"modified":"2021-09-06T17:28:09","modified_gmt":"2021-09-06T20:28:09","slug":"el-subcomando-de-migrantes-de-moreno-realizo-una-actividad-en-trujui","status":"publish","type":"post","link":"https:\/\/morenoprimero.com.ar\/archivo\/el-subcomando-de-migrantes-de-moreno-realizo-una-actividad-en-trujui\/","title":{"rendered":"El subcomando de Migrantes de Moreno realiz\u00f3 una actividad en Trujui"},"content":{"rendered":"\n<p>Despu\u00e9s de haber realizado eventos en diferentes localidades en el marco del<a href=\"https:\/\/morenoprimero.com.ar\/el-gobierno-de-mariel-fernandez-nos-dio-la-posibilidad-de-poder-ser-parte-del-municipio\/\"> D\u00eda del Inmigrante<\/a>, el <strong>Subcomando Migrantes de Moreno del Frente de Todos<\/strong> hizo este s\u00e1bado un gran cierre en la Plaza San Jorge en el barrio de Trujui.\u00a0<\/p>\n\n\n\n<figure class=\"wp-block-image size-full\"><a href=\"https:\/\/morenoprimero.com.ar\/wp-content\/uploads\/2021\/09\/con-mariel.jpg\"><img loading=\"lazy\" decoding=\"async\" width=\"960\" height=\"540\" src=\"https:\/\/morenoprimero.com.ar\/wp-content\/uploads\/2021\/09\/con-mariel.jpg\" alt=\"\" class=\"wp-image-17738\" srcset=\"https:\/\/morenoprimero.com.ar\/archivo\/wp-content\/uploads\/2021\/09\/con-mariel.jpg 960w, https:\/\/morenoprimero.com.ar\/archivo\/wp-content\/uploads\/2021\/09\/con-mariel-300x169.jpg 300w, https:\/\/morenoprimero.com.ar\/archivo\/wp-content\/uploads\/2021\/09\/con-mariel-768x432.jpg 768w\" sizes=\"auto, (max-width: 960px) 100vw, 960px\" \/><\/a><\/figure>\n\n\n\n<p>\u201cCon mucho \u00e9xito, y gracias a nuestra Intendenta <strong>Mariel Fern\u00e1ndez<\/strong> por el acompa\u00f1amiento\u201d agradecieron desde el <strong>Movimiento Evita<\/strong>. \u201cDichosos y muy orgullosos de este trabajo colectivo que venimos realizando porque<strong> nadie lucha por lo que no ama, y si se trata de amor a nuestra identidad cultural, sabemos y sentimos de sobra.\u201d <\/strong>agregaron en un posteo por redes sociales.\u00a0<\/p>\n\n\n\n<p>Del evento particip\u00f3 la intendenta <strong>Mariel Fern\u00e1ndez<\/strong> junto a la Directora Nacional Pol\u00edticas y Pr\u00e1cticas Contra la Discriminaci\u00f3n I.N.A.D.I, <strong>Ornella Infante<\/strong>,el Secretario de Cultura Educaci\u00f3n y Deporte <strong>Roberto del Regno<\/strong>, Consejales y PreCandidatos.<\/p>\n\n\n\n<p>La ceremonia se realiz\u00f3 con el fin de mostrar a <strong>Moreno <\/strong>su cultura, arte y gastronom\u00eda, y para agradecer a \u201cnuestros hermanos Argentinos y a nuestra intendenta Mariel Fern\u00e1ndez por darnos la oportunidad de mostrarnos.\u201d<\/p>\n\n\n\n<figure class=\"wp-block-image size-full\"><a href=\"https:\/\/morenoprimero.com.ar\/wp-content\/uploads\/2021\/09\/240942480_246647567338940_8002711263190242432_n.jpg\"><img loading=\"lazy\" decoding=\"async\" width=\"960\" height=\"540\" src=\"https:\/\/morenoprimero.com.ar\/wp-content\/uploads\/2021\/09\/240942480_246647567338940_8002711263190242432_n.jpg\" alt=\"\" class=\"wp-image-17739\" srcset=\"https:\/\/morenoprimero.com.ar\/archivo\/wp-content\/uploads\/2021\/09\/240942480_246647567338940_8002711263190242432_n.jpg 960w, https:\/\/morenoprimero.com.ar\/archivo\/wp-content\/uploads\/2021\/09\/240942480_246647567338940_8002711263190242432_n-300x169.jpg 300w, https:\/\/morenoprimero.com.ar\/archivo\/wp-content\/uploads\/2021\/09\/240942480_246647567338940_8002711263190242432_n-768x432.jpg 768w\" sizes=\"auto, (max-width: 960px) 100vw, 960px\" \/><\/a><\/figure>\n","protected":false},"excerpt":{"rendered":"<p>Despu\u00e9s de haber realizado eventos en diferentes localidades en el marco del D\u00eda del Inmigrante, el Subcomando Migrantes de Moreno del Frente de Todos hizo este s\u00e1bado un gran cierre en la Plaza San Jorge en el barrio de Trujui.\u00a0 &hellip; <a href=\"https:\/\/morenoprimero.com.ar\/archivo\/el-subcomando-de-migrantes-de-moreno-realizo-una-actividad-en-trujui\/\">Sigue leyendo <span class=\"meta-nav\">&rarr;<\/span><\/a><\/p>\n","protected":false},"author":6,"featured_media":17737,"comment_status":"closed","ping_status":"closed","sticky":false,"template":"","format":"standard","meta":{"footnotes":""},"categories":[21,2328,2456],"tags":[3071,276,3075],"class_list":["post-17736","post","type-post","status-publish","format-standard","has-post-thumbnail","hentry","category-interes-general","category-local","category-trujui","tag-dia-del-inmigrante","tag-mariel-fernandez","tag-subcomando-migrantes-de-moreno"],"_links":{"self":[{"href":"https:\/\/morenoprimero.com.ar\/archivo\/wp-json\/wp\/v2\/posts\/17736","targetHints":{"allow":["GET"]}}],"collection":[{"href":"https:\/\/morenoprimero.com.ar\/archivo\/wp-json\/wp\/v2\/posts"}],"about":[{"href":"https:\/\/morenoprimero.com.ar\/archivo\/wp-json\/wp\/v2\/types\/post"}],"author":[{"embeddable":true,"href":"https:\/\/morenoprimero.com.ar\/archivo\/wp-json\/wp\/v2\/users\/6"}],"replies":[{"embeddable":true,"href":"https:\/\/morenoprimero.com.ar\/archivo\/wp-json\/wp\/v2\/comments?post=17736"}],"version-history":[{"count":1,"href":"https:\/\/morenoprimero.com.ar\/archivo\/wp-json\/wp\/v2\/posts\/17736\/revisions"}],"predecessor-version":[{"id":17740,"href":"https:\/\/morenoprimero.com.ar\/archivo\/wp-json\/wp\/v2\/posts\/17736\/revisions\/17740"}],"wp:featuredmedia":[{"embeddable":true,"href":"https:\/\/morenoprimero.com.ar\/archivo\/wp-json\/wp\/v2\/media\/17737"}],"wp:attachment":[{"href":"https:\/\/morenoprimero.com.ar\/archivo\/wp-json\/wp\/v2\/media?parent=17736"}],"wp:term":[{"taxonomy":"category","embeddable":true,"href":"https:\/\/morenoprimero.com.ar\/archivo\/wp-json\/wp\/v2\/categories?post=17736"},{"taxonomy":"post_tag","embeddable":true,"href":"https:\/\/morenoprimero.com.ar\/archivo\/wp-json\/wp\/v2\/tags?post=17736"}],"curies":[{"name":"wp","href":"https:\/\/api.w.org\/{rel}","templated":true}]}}