{"id":17732,"date":"2021-09-06T16:58:22","date_gmt":"2021-09-06T19:58:22","guid":{"rendered":"https:\/\/morenoprimero.com.ar\/?p=17732"},"modified":"2021-09-06T16:58:55","modified_gmt":"2021-09-06T19:58:55","slug":"alberto-fernandez-en-la-esencia-de-macri-no-esta-valorar-la-democracia","status":"publish","type":"post","link":"https:\/\/morenoprimero.com.ar\/archivo\/alberto-fernandez-en-la-esencia-de-macri-no-esta-valorar-la-democracia\/","title":{"rendered":"Alberto Fern\u00e1ndez: \u201cEn la esencia de Macri no est\u00e1 valorar la democracia\u201c"},"content":{"rendered":"\n<p>El Presidente de la Naci\u00f3n le respondi\u00f3 al expresidente Mauricio Macri, quien dijo que si el <strong>Frente de Todos <\/strong>no obtiene un buen resultado en las <strong>PASO<\/strong> del pr\u00f3ximo domingo,  \u201c cambia o se tienen que ir \u201c .<\/p>\n\n\n\n<p>Fern\u00e1ndez advirti\u00f3 que esta lectura de Macri demuestra que en su esencia no est\u00e1 \u201cvalorar la democracia, ni la institucionalidad\u201d. A la vez, asegur\u00f3 que<strong> el pueblo va a acompa\u00f1ar al Gobierno con su voto en las PASO del pr\u00f3ximo domingo.<\/strong><\/p>\n\n\n\n<p>El presidente expuso los dos modelos de pa\u00eds que se pondr\u00e1n en juego en las urnas este domingo. <strong>Por un lado est\u00e1n quienes se preocupan por las necesidades de la gente, y por el otro est\u00e1 Juntos por el Cambio<\/strong>, \u201cque dej\u00f3 un pa\u00eds devastado\u201d.<\/p>\n\n\n\n<p>\u00abEst\u00e1 claro que no tiene una valoraci\u00f3n de la democracia que tiene la inmensa mayor\u00eda del pueblo argentino\u00bb, afirm\u00f3 el jefe de Estado. Adem\u00e1s, plante\u00f3 que <strong>\u00ablo hemos visto con lo que se est\u00e1 investigando en Bolivia. Es de una verg\u00fcenza tan enorme que hayan colaborado con los golpistas de un pa\u00eds d\u00e1ndoles las balas de goma con la que reprimieron y mataron a bolivianos\u00bb<\/strong>, argument\u00f3.<\/p>\n\n\n\n<p><a href=\"https:\/\/morenoprimero.com.ar\/el-gobierno-reforzo-la-acusacion-a-macri-por-el-envio-de-material-represivo-a-bolivia\/\">Se refiri\u00f3 as\u00ed al env\u00edo ilegal de material represivo a Bolivia, en noviembre de 2019, dispuesto por el Gobierno de Cambiemos.<\/a><\/p>\n\n\n\n<p>Acerca de la administraci\u00f3n de Macri, el jefe de Estado describi\u00f3 que en diciembre de 2019 <strong>recibi\u00f3 un pa\u00eds \u00abdevastado\u00bb y \u00abcon una deuda que la Argentina nunca tuvo\u00bb<\/strong>, tras lo cual contrast\u00f3 las medidas econ\u00f3micas tomadas por el Gobierno, que <strong>permitieron que \u00aben los primeros tres meses\u00bb de la actual gesti\u00f3n se recuperara \u00abel 6% del ingreso de la gente\u00bb.<\/strong><\/p>\n\n\n\n<p><strong>\u00abAhora, con la mejora que se empieza a ver, estamos igual que en diciembre de 2019\u00bb<\/strong>, destac\u00f3 Fern\u00e1ndez en relaci\u00f3n a la capacidad de compra de los salarios y a la recuperaci\u00f3n del ingreso que, de la mano del regreso de la actividad, permiti\u00f3 revertir el efecto negativo que produjo la pandemia.<\/p>\n\n\n\n<p>Destac\u00f3 tambi\u00e9n el esfuerzo realizado por su Gobierno para poner en marcha un plan nacional de vacunaci\u00f3n \u00abque no tiene registro\u00bb de haberse hecho algo igual en Argentina y contrast\u00f3 esas acciones con las pol\u00edticas de Cambiemos, que \u00abpas\u00f3 la salud p\u00fablica a un segundo plano\u00bb.<\/p>\n\n\n\n<p>En relaci\u00f3n a las PASO del domingo, Fern\u00e1ndez insisti\u00f3 en que en las urnas estar\u00e1n en juego \u00abdos miradas absolutamente diferentes del pa\u00eds\u00bb y sum\u00f3 otro ejemplo:<strong> \u00abA ninguno de nosotros se nos ocurrir\u00eda decir que las Malvinas las podemos entregar en parte en pago de la deuda; a ninguno se nos ocurrir\u00eda decir semejante cosa y ellos la dicen\u00bb.<\/strong><\/p>\n\n\n\n<p>En referencia a los j\u00f3venes, enfatiz\u00f3:<strong>\u00abEllos no son el futuro, son el presente; son esenciales en la Argentina que se reinicia, y los necesitamos activos\u00bb.<\/strong><\/p>\n\n\n\n<p>Por \u00faltimo, sobre las elecciones del domingo, el jefe de Estado comparti\u00f3 su \u00aboptimismo\u00bb por los resultados que obtendr\u00e1 el oficialismo en las PASO, ya que, evalu\u00f3, \u00abla gente va a valorar a un Gobierno que se preocup\u00f3 de ellos\u00bb y lo distinguir\u00e1 de otro (por Cambiemos) que actu\u00f3 \u00abcon total displicencia y endeud\u00f3 a la Argentina como la endeud\u00f3. Hay que hacer memoria\u00bb.<br>\u00abLos argentinos van a saber medir esto. Yo creo que nos van a acompa\u00f1ar. <strong>Necesito que me ayuden a levantar la Argentina. No es algo que pueda hacer s\u00f3lo, necesito de todos. El modo que tienen para ayudarme ahora es votando<\/strong>\u00ab, finaliz\u00f3.<\/p>\n","protected":false},"excerpt":{"rendered":"<p>El Presidente de la Naci\u00f3n le respondi\u00f3 al expresidente Mauricio Macri, quien dijo que si el Frente de Todos no obtiene un buen resultado en las PASO del pr\u00f3ximo domingo, \u201c cambia o se tienen que ir \u201c . Fern\u00e1ndez &hellip; <a href=\"https:\/\/morenoprimero.com.ar\/archivo\/alberto-fernandez-en-la-esencia-de-macri-no-esta-valorar-la-democracia\/\">Sigue leyendo <span class=\"meta-nav\">&rarr;<\/span><\/a><\/p>\n","protected":false},"author":6,"featured_media":17733,"comment_status":"closed","ping_status":"closed","sticky":false,"template":"","format":"standard","meta":{"footnotes":""},"categories":[2330,27],"tags":[645,28,302,1579,2040],"class_list":["post-17732","post","type-post","status-publish","format-standard","has-post-thumbnail","hentry","category-nacional","category-politica","tag-alberto-fernandez-2","tag-frente-de-todos","tag-juntos-por-el-cambio","tag-mauricio-macri","tag-paso"],"_links":{"self":[{"href":"https:\/\/morenoprimero.com.ar\/archivo\/wp-json\/wp\/v2\/posts\/17732","targetHints":{"allow":["GET"]}}],"collection":[{"href":"https:\/\/morenoprimero.com.ar\/archivo\/wp-json\/wp\/v2\/posts"}],"about":[{"href":"https:\/\/morenoprimero.com.ar\/archivo\/wp-json\/wp\/v2\/types\/post"}],"author":[{"embeddable":true,"href":"https:\/\/morenoprimero.com.ar\/archivo\/wp-json\/wp\/v2\/users\/6"}],"replies":[{"embeddable":true,"href":"https:\/\/morenoprimero.com.ar\/archivo\/wp-json\/wp\/v2\/comments?post=17732"}],"version-history":[{"count":2,"href":"https:\/\/morenoprimero.com.ar\/archivo\/wp-json\/wp\/v2\/posts\/17732\/revisions"}],"predecessor-version":[{"id":17735,"href":"https:\/\/morenoprimero.com.ar\/archivo\/wp-json\/wp\/v2\/posts\/17732\/revisions\/17735"}],"wp:featuredmedia":[{"embeddable":true,"href":"https:\/\/morenoprimero.com.ar\/archivo\/wp-json\/wp\/v2\/media\/17733"}],"wp:attachment":[{"href":"https:\/\/morenoprimero.com.ar\/archivo\/wp-json\/wp\/v2\/media?parent=17732"}],"wp:term":[{"taxonomy":"category","embeddable":true,"href":"https:\/\/morenoprimero.com.ar\/archivo\/wp-json\/wp\/v2\/categories?post=17732"},{"taxonomy":"post_tag","embeddable":true,"href":"https:\/\/morenoprimero.com.ar\/archivo\/wp-json\/wp\/v2\/tags?post=17732"}],"curies":[{"name":"wp","href":"https:\/\/api.w.org\/{rel}","templated":true}]}}