{"id":17715,"date":"2021-09-06T14:15:41","date_gmt":"2021-09-06T17:15:41","guid":{"rendered":"https:\/\/morenoprimero.com.ar\/?p=17715"},"modified":"2021-09-06T16:24:48","modified_gmt":"2021-09-06T19:24:48","slug":"como-se-desarrolla-el-proceso-eleccionario-en-tiempos-de-covid-19","status":"publish","type":"post","link":"https:\/\/morenoprimero.com.ar\/archivo\/como-se-desarrolla-el-proceso-eleccionario-en-tiempos-de-covid-19\/","title":{"rendered":"\u00bfC\u00f3mo se desarrolla el proceso eleccionario en tiempos de COVID-19?"},"content":{"rendered":"\n<h5 class=\"wp-block-heading\">En Argentina hay alrededor de 45 millones de dosis aplicadas para hacer frente al COVID-19. Sin embargo, la pandemia no termin\u00f3 y los comicios electorales ser\u00e1n diferentes a los que ya conocemos. Hern\u00e1n Alegre es abogado, capacita fiscales para los comicios y detall\u00f3 a Moreno Primero todo lo que hay que tener en cuenta para el pr\u00f3ximo domingo.<\/h5>\n\n\n\n<p>En Argentina hay alrededor de 45 millones de dosis aplicadas para hacer frente al COVID-19. Sin embargo, la pandemia no termin\u00f3 y los comicios electorales ser\u00e1n diferentes a los que ya conocemos: el pr\u00f3ximo domingo 12 de septiembre,&nbsp;se&nbsp;llevar\u00e1n&nbsp;a cabo las Elecciones Primarias, Abiertas, Simultaneas y Obligatorias (PASO) y, debido a la pandemia por COVID-19, tendr\u00e1n un car\u00e1cter particular con diferentes medidas adoptadas.&nbsp;<\/p>\n\n\n\n<p>Moreno Primero convers\u00f3 con Hern\u00e1n Alegre, militante de la Agrupaci\u00f3n Doctrina y Militancia Peronista del Complejo Las&nbsp;Catonas, quien ahora est\u00e1 capacitando a fiscales de distintas agrupaciones de Trujui, junto con Daniel Colman y Luc\u00eda Altamirano. De cara a las siguientes elecciones, cont\u00f3 todos los detalles sobre el proceso eleccionario para tener en cuenta a la hora de ir a votar.&nbsp;<\/p>\n\n\n\n<p>En primer lugar, explic\u00f3 que hay que tener en cuenta que, en los colegios, no puede haber aglomeraci\u00f3n de gente, y, por tanto, debe haber distanciamiento social, adem\u00e1s de respetar el protocolo sanitario, el uso del barbijo y la sanitizaci\u00f3n.&nbsp; \u201c<strong>Cuando vayamos a los colegios tenemos que tener en cuenta que los cuidados van a seguir, y en relaci\u00f3n a los votantes, se van a organizar filas afuera de la escuela, organizadas por mesa<\/strong>\u201d, detall\u00f3 con respecto a la organizaci\u00f3n de los comicios.&nbsp;<\/p>\n\n\n\n<p>\u201c<strong>Hay que tener en cuenta que seguramente se requiera un poquito de paciencia por parte de las vecinas y vecinos, ya que es una elecci\u00f3n at\u00edpica, y que desde que tengo uso de memoria que no recuerdo una elecci\u00f3n as\u00ed<\/strong>\u201d, expres\u00f3 el abogado.&nbsp;<\/p>\n\n\n\n<p>Los adultos mayores pueden ir a votar en el horario asignado por la C\u00e1mara Electoral para personas de riesgo, entre las 10:30 y las 12:30 horas. Ahora bien, \u201c<strong>si la persona mayor no puede asistir en este momento, no es que no pueda votar, sino que va en cualquier otro horario y listo. Adem\u00e1s, sabemos que las personas mayores siempre tienen prioridad y en las elecciones siempre se los deja pasar<\/strong>\u201d, aclar\u00f3 Hern\u00e1n Alegre.&nbsp;<\/p>\n\n\n\n<p>Una cuesti\u00f3n a tener en cuenta es en relaci\u00f3n a las personas que est\u00e1n contagiadas. \u201c<strong>Las personas que porten el virus deben avisar a las autoridades sanitarias, llamar a la l\u00ednea de atenci\u00f3n por COVID-19, donde nos van a indicar los pasos para poder eximirnos del voto<\/strong>\u201d y, adem\u00e1s, apunt\u00f3 que \u201c<strong>las personas que tengan s\u00edntomas, pero no la certeza de estar contagiados el d\u00eda de la elecci\u00f3n, van a tener que informarlo y no se van a presentar en el acto eleccionario<\/strong>\u201d.&nbsp;<\/p>\n\n\n\n<p>Adem\u00e1s,&nbsp;<strong>se cre\u00f3 la figura de los facilitadores sanitarios<\/strong>, que ser\u00e1n integrantes del Comando General Electoral y, por lo tanto,&nbsp;<strong>ser\u00e1 un miembro de las fuerzas armadas o de seguridad nacionales<\/strong>. Los mismos, \u201cvan a tener una tarea por dem\u00e1s esencial, y su tarea se va a reducir a ordenar el ingreso de votantes para no saturar la capacidad interna del local, constatar el uso de tapabocas, hacer respetar el distanciamiento social de 2 metros entre las personas, ayudar a las personas mayores si necesitan asistencia y controlar que se cumpla la capacidad m\u00e1xima en los establecimientos donde se vota\u00bb.&nbsp;<\/p>\n\n\n\n<p>Hern\u00e1n Alegre ratific\u00f3 la necesidad de respetar la franja horaria de las personas de riesgo y la necesidad de los vecinos y vecinas de tener \u201cpaciencia\u201d frente a una jornada electoral \u201cat\u00edpica\u201d y \u201cmenos din\u00e1mica que otras\u201d. Sin embargo, aclar\u00f3 que \u201ccon esto no quiero decir que la cuesti\u00f3n va a ser lenta ni que se vaya a esperar mucho, solo tener en cuenta el protocolo sanitario\u00bb.<\/p>\n\n\n\n<p>Por \u00faltimo, resalt\u00f3 respecto de los electores, que \u201ctengan en cuenta que deben llevar sus biromes porque no podemos tener contacto f\u00edsico, y por eso el troquel se lo va a apoyar en la mesa, al igual que el documento, y tampoco debe tocarse la urna cuando se coloca el sobre y, l\u00f3gicamente, para poder reconocer la cara del elector, le vamos a pedir que se baje por un instante el barbijo para corroborar que sea \u00e9l\u00bb.<\/p>\n","protected":false},"excerpt":{"rendered":"<p>En Argentina hay alrededor de 45 millones de dosis aplicadas para hacer frente al COVID-19. Sin embargo, la pandemia no termin\u00f3 y los comicios electorales ser\u00e1n diferentes a los que ya conocemos. Hern\u00e1n Alegre es abogado, capacita fiscales para los &hellip; <a href=\"https:\/\/morenoprimero.com.ar\/archivo\/como-se-desarrolla-el-proceso-eleccionario-en-tiempos-de-covid-19\/\">Sigue leyendo <span class=\"meta-nav\">&rarr;<\/span><\/a><\/p>\n","protected":false},"author":6,"featured_media":17730,"comment_status":"closed","ping_status":"closed","sticky":false,"template":"","format":"standard","meta":{"footnotes":""},"categories":[3,21,2328],"tags":[26,916,6,17],"class_list":["post-17715","post","type-post","status-publish","format-standard","has-post-thumbnail","hentry","category-importantes","category-interes-general","category-local","tag-coronavirus","tag-elecciones","tag-moreno","tag-pandemia"],"_links":{"self":[{"href":"https:\/\/morenoprimero.com.ar\/archivo\/wp-json\/wp\/v2\/posts\/17715","targetHints":{"allow":["GET"]}}],"collection":[{"href":"https:\/\/morenoprimero.com.ar\/archivo\/wp-json\/wp\/v2\/posts"}],"about":[{"href":"https:\/\/morenoprimero.com.ar\/archivo\/wp-json\/wp\/v2\/types\/post"}],"author":[{"embeddable":true,"href":"https:\/\/morenoprimero.com.ar\/archivo\/wp-json\/wp\/v2\/users\/6"}],"replies":[{"embeddable":true,"href":"https:\/\/morenoprimero.com.ar\/archivo\/wp-json\/wp\/v2\/comments?post=17715"}],"version-history":[{"count":5,"href":"https:\/\/morenoprimero.com.ar\/archivo\/wp-json\/wp\/v2\/posts\/17715\/revisions"}],"predecessor-version":[{"id":17731,"href":"https:\/\/morenoprimero.com.ar\/archivo\/wp-json\/wp\/v2\/posts\/17715\/revisions\/17731"}],"wp:featuredmedia":[{"embeddable":true,"href":"https:\/\/morenoprimero.com.ar\/archivo\/wp-json\/wp\/v2\/media\/17730"}],"wp:attachment":[{"href":"https:\/\/morenoprimero.com.ar\/archivo\/wp-json\/wp\/v2\/media?parent=17715"}],"wp:term":[{"taxonomy":"category","embeddable":true,"href":"https:\/\/morenoprimero.com.ar\/archivo\/wp-json\/wp\/v2\/categories?post=17715"},{"taxonomy":"post_tag","embeddable":true,"href":"https:\/\/morenoprimero.com.ar\/archivo\/wp-json\/wp\/v2\/tags?post=17715"}],"curies":[{"name":"wp","href":"https:\/\/api.w.org\/{rel}","templated":true}]}}