{"id":1771,"date":"2020-08-26T13:37:05","date_gmt":"2020-08-26T13:37:05","guid":{"rendered":"https:\/\/morenoprimero.com.ar\/?p=1771"},"modified":"2020-08-26T13:37:05","modified_gmt":"2020-08-26T13:37:05","slug":"en-que-fase-de-aislamiento-se-encuentran-los-distritos-de-la-provincia-de-buenos-aires","status":"publish","type":"post","link":"https:\/\/morenoprimero.com.ar\/archivo\/en-que-fase-de-aislamiento-se-encuentran-los-distritos-de-la-provincia-de-buenos-aires\/","title":{"rendered":"\u00bfEN QU\u00c9 FASE DE AISLAMIENTO SE ENCUENTRAN LOS DISTRITOS DE LA PROVINCIA DE BUENOS AIRES?"},"content":{"rendered":"\n<h3 class=\"wp-block-heading\">&nbsp; Este lunes 24 de agosto, a trav\u00e9s de una conferencia de prensa, el jefe de Gabinete, Carlos Bianco, y el ministro de Salud, Daniel&nbsp;Gollan, acompa\u00f1ados&nbsp;por el viceministro de Salud, Nicol\u00e1s&nbsp;Kreplak, informaron sobre el estado de situaci\u00f3n epidemiol\u00f3gica y el esquema de Fases.&nbsp;<\/h3>\n\n\n\n<p>&nbsp; &nbsp;El&nbsp;ministro&nbsp;Daniel&nbsp;Gollan&nbsp;trajo buenas noticias para el AMBA y malas para el interior de la Provincia.&nbsp;&nbsp;<\/p>\n\n\n\n<p>\u00a0<strong> \u00a0En la regi\u00f3n del AMBA se registra un descenso marcado de la velocidad de crecimiento de los contagios.<\/strong> En la ciudad de Buenos Aires se logra ver un\u00a0amesetamiento. En este sentido, el ministro explic\u00f3 que \u201c<strong>es<\/strong> <strong>una buena se\u00f1al que tambi\u00e9n vemos en el Conurbano, principalmente en el primer y segundo cord\u00f3n<\/strong>\u201d.\u00a0\u00a0<\/p>\n\n\n\n<p>\u00a0 \u00a0Actualmente, los\u00a0niveles de movilidad en transporte p\u00fablico, sumado a la ausencia de clases y dem\u00e1s medidas, dan resultados positivos y por eso\u00a0Gollan\u00a0resalta que con mucho esfuerzo <strong>\u201cEstamos logrando\u00a0amesetar\u00a0esta curva\u201d.\u00a0<\/strong><\/p>\n\n\n\n<p>\u00a0<strong> \u00a0Por otra parte, se registra un descenso en la ocupaci\u00f3n de camas de terapia intensiva.<\/strong> No s\u00f3lo por una reducci\u00f3n en los tiempos de internaci\u00f3n, sino tambi\u00e9n por el incremento de camas.\u00a0<\/p>\n\n\n\n<p>\u00a0 \u00a0<strong>En el interior, por el contrario, se ve una expansi\u00f3n de la enfermedad que deriv\u00f3 en el retroceso de fase 5 a fase 4 de aislamiento social, preventivo y obligatorio.\u00a0\u00a0<\/strong><\/p>\n\n\n\n<p>\u00a0 \u00a0As\u00ed lo detall\u00f3 Carlos Bianco<strong>. El Jefe de Gabinete explic\u00f3 que 39 municipios se encuentran en fase 3, 53 en fase 4 y 43 en fase 5. <\/strong>El ascenso de distritos en fase 4 en el interior se da por la expansi\u00f3n del virus, y es por esto que el <strong>Bianco llev\u00f3 una se\u00f1al de alarma respecto a los comportamientos sociales en el interior.\u00a0<\/strong><\/p>\n","protected":false},"excerpt":{"rendered":"<p>&nbsp; Este lunes 24 de agosto, a trav\u00e9s de una conferencia de prensa, el jefe de Gabinete, Carlos Bianco, y el ministro de Salud, Daniel&nbsp;Gollan, acompa\u00f1ados&nbsp;por el viceministro de Salud, Nicol\u00e1s&nbsp;Kreplak, informaron sobre el estado de situaci\u00f3n epidemiol\u00f3gica y el &hellip; <a href=\"https:\/\/morenoprimero.com.ar\/archivo\/en-que-fase-de-aislamiento-se-encuentran-los-distritos-de-la-provincia-de-buenos-aires\/\">Sigue leyendo <span class=\"meta-nav\">&rarr;<\/span><\/a><\/p>\n","protected":false},"author":6,"featured_media":1773,"comment_status":"open","ping_status":"open","sticky":false,"template":"","format":"standard","meta":{"footnotes":""},"categories":[21,20],"tags":[26,358,60],"class_list":["post-1771","post","type-post","status-publish","format-standard","has-post-thumbnail","hentry","category-interes-general","category-sociedad","tag-coronavirus","tag-informe-epidemiologico","tag-provincia-de-buenos-aires"],"_links":{"self":[{"href":"https:\/\/morenoprimero.com.ar\/archivo\/wp-json\/wp\/v2\/posts\/1771","targetHints":{"allow":["GET"]}}],"collection":[{"href":"https:\/\/morenoprimero.com.ar\/archivo\/wp-json\/wp\/v2\/posts"}],"about":[{"href":"https:\/\/morenoprimero.com.ar\/archivo\/wp-json\/wp\/v2\/types\/post"}],"author":[{"embeddable":true,"href":"https:\/\/morenoprimero.com.ar\/archivo\/wp-json\/wp\/v2\/users\/6"}],"replies":[{"embeddable":true,"href":"https:\/\/morenoprimero.com.ar\/archivo\/wp-json\/wp\/v2\/comments?post=1771"}],"version-history":[{"count":1,"href":"https:\/\/morenoprimero.com.ar\/archivo\/wp-json\/wp\/v2\/posts\/1771\/revisions"}],"predecessor-version":[{"id":1774,"href":"https:\/\/morenoprimero.com.ar\/archivo\/wp-json\/wp\/v2\/posts\/1771\/revisions\/1774"}],"wp:featuredmedia":[{"embeddable":true,"href":"https:\/\/morenoprimero.com.ar\/archivo\/wp-json\/wp\/v2\/media\/1773"}],"wp:attachment":[{"href":"https:\/\/morenoprimero.com.ar\/archivo\/wp-json\/wp\/v2\/media?parent=1771"}],"wp:term":[{"taxonomy":"category","embeddable":true,"href":"https:\/\/morenoprimero.com.ar\/archivo\/wp-json\/wp\/v2\/categories?post=1771"},{"taxonomy":"post_tag","embeddable":true,"href":"https:\/\/morenoprimero.com.ar\/archivo\/wp-json\/wp\/v2\/tags?post=1771"}],"curies":[{"name":"wp","href":"https:\/\/api.w.org\/{rel}","templated":true}]}}