{"id":17593,"date":"2021-09-03T14:01:30","date_gmt":"2021-09-03T17:01:30","guid":{"rendered":"https:\/\/morenoprimero.com.ar\/?p=17593"},"modified":"2021-09-03T18:41:22","modified_gmt":"2021-09-03T21:41:22","slug":"lio-es-la-joven-promesa-del-trap-en-barrio-san-norberto","status":"publish","type":"post","link":"https:\/\/morenoprimero.com.ar\/archivo\/lio-es-la-joven-promesa-del-trap-en-barrio-san-norberto\/","title":{"rendered":"Lio es la joven promesa del trap en barrio San Norberto"},"content":{"rendered":"\n<h5 class=\"wp-block-heading\">Hace&nbsp;trap&nbsp;y, con 15 a\u00f1os, sac\u00f3 su primer tema. En di\u00e1logo con Moreno Primero, cuenta sobre su barrio, sus amigos y la importancia de su pap\u00e1 en el proyecto.&nbsp;<\/h5>\n\n\n\n<p>Lionel se autodefine como una persona bastante amigable y considera que todo lo que se propone puede lograrlo, porque no para hasta conseguirlo. Rapeaba en el colegio, en los recreos y va a competencias de rap que se hacen en los diferentes barrios, como la de El Milenio. Ahora entr\u00f3 en el mundo del&nbsp;trap&nbsp;y sac\u00f3 su primer tema.&nbsp;<\/p>\n\n\n\n<p>Antes de los 10 a\u00f1os escuchaba las competencias de rap y tuvo un primer intento que no prosper\u00f3 \u201cporque me hab\u00edan afectado algunos comentarios y borr\u00e9 todo\u201d, pero ahora<strong> arranc\u00f3 de nuevo y est\u00e1 dispuesto a triunfar, no solo porque est\u00e1 convencido, sino porque escucha su tema en los kioscos y en los autos que pasan por el barrio<\/strong>. \u201cTodos los que pasan me reconocen por la m\u00fasica que hago y me saludan\u201d, relata.&nbsp;<\/p>\n\n\n\n<div class=\"wp-block-image\"><figure class=\"aligncenter size-full\"><a href=\"https:\/\/morenoprimero.com.ar\/wp-content\/uploads\/2021\/09\/WhatsApp-Image-2021-09-03-at-11.17.16.jpeg\"><img loading=\"lazy\" decoding=\"async\" width=\"715\" height=\"794\" src=\"https:\/\/morenoprimero.com.ar\/wp-content\/uploads\/2021\/09\/WhatsApp-Image-2021-09-03-at-11.17.16.jpeg\" alt=\"\" class=\"wp-image-17605\" srcset=\"https:\/\/morenoprimero.com.ar\/archivo\/wp-content\/uploads\/2021\/09\/WhatsApp-Image-2021-09-03-at-11.17.16.jpeg 715w, https:\/\/morenoprimero.com.ar\/archivo\/wp-content\/uploads\/2021\/09\/WhatsApp-Image-2021-09-03-at-11.17.16-270x300.jpeg 270w\" sizes=\"auto, (max-width: 715px) 100vw, 715px\" \/><\/a><\/figure><\/div>\n\n\n\n<p><strong>Es nacido y criado en Barrio San Norberto, de Cuartel V,<\/strong> un barrio que le gusta porque \u201cnac\u00ed ac\u00e1, es donde tengo mis mejores momentos. Quiz\u00e1s en alg\u00fan momento fue un poco peligroso, pero ahora es m\u00e1s seguro, es m\u00e1s tranquilo\u201d. Adem\u00e1s, en el barrio est\u00e1n sus amigos.&nbsp;&nbsp;<\/p>\n\n\n\n<blockquote class=\"wp-block-quote is-layout-flow wp-block-quote-is-layout-flow\"><p><em> Nac\u00ed ac\u00e1, es donde tengo mis mejores momentos. Quiz\u00e1s en alg\u00fan momento fue un poco peligroso, pero ahora es m\u00e1s seguro, es m\u00e1s tranquilo. <\/em><\/p><\/blockquote>\n\n\n\n<p>\u201c<strong>Mis amigos me apoyan en todo, ellos tambi\u00e9n est\u00e1n en la movida. Estuvieron 5 horas grabando un tema conmigo, le meten las mismas ganas que yo. Si yo triunfo, ellos tambi\u00e9n triunfan<\/strong>\u201d, expres\u00f3. Adem\u00e1s, asegur\u00f3 que \u201c<strong>la m\u00fasica me&nbsp;ayud\u00f3&nbsp;mucho, a demostrarme que puedo hacer algo, a tener m\u00e1s amigos, y tambi\u00e9n en la relaci\u00f3n con mi pap\u00e1<\/strong>\u201d.&nbsp;<\/p>\n\n\n\n<p>Jorge, su pap\u00e1, es una persona clave en su vida, quien lo incentiv\u00f3 siempre: \u201cYo le dije mira pap\u00e1, esto es lo que hago, escuch\u00e1. Y desde ah\u00ed me apoy\u00f3 siempre. Cuando ve\u00eda que no estaba haciendo nada, me dec\u00eda que escribiera un tema, o me preguntaba cu\u00e1ndo iba a sacar uno, o me daba ideas\u201d, cuenta Lionel, y a\u00f1ade: \u201cEl colegio no es complicado, hay que estudiar, y mi viejo tambi\u00e9n me ayud\u00f3 ah\u00ed\u201d.&nbsp;<\/p>\n\n\n\n<p>Su pap\u00e1 tambi\u00e9n le marc\u00f3 que el estudio es necesario. \u201c<strong>En la pandemia s\u00ed fue dif\u00edcil estudiar, y cuando empec\u00e9 a quedarme un poco, mi viejo me sent\u00f3 y me dijo que \u00e9l me apoyaba en todo, pero que para que me vaya bien ten\u00eda que estudiar y que todo el esfuerzo que \u00e9l hac\u00eda era por m\u00ed<\/strong>\u201d.&nbsp;<\/p>\n\n\n\n<figure class=\"wp-block-image size-large\"><a href=\"https:\/\/morenoprimero.com.ar\/wp-content\/uploads\/2021\/09\/WhatsApp-Image-2021-09-03-at-12.08.12-1.jpeg\"><img loading=\"lazy\" decoding=\"async\" width=\"1024\" height=\"958\" src=\"https:\/\/morenoprimero.com.ar\/wp-content\/uploads\/2021\/09\/WhatsApp-Image-2021-09-03-at-12.08.12-1-1024x958.jpeg\" alt=\"\" class=\"wp-image-17599\" srcset=\"https:\/\/morenoprimero.com.ar\/archivo\/wp-content\/uploads\/2021\/09\/WhatsApp-Image-2021-09-03-at-12.08.12-1-1024x958.jpeg 1024w, https:\/\/morenoprimero.com.ar\/archivo\/wp-content\/uploads\/2021\/09\/WhatsApp-Image-2021-09-03-at-12.08.12-1-300x281.jpeg 300w, https:\/\/morenoprimero.com.ar\/archivo\/wp-content\/uploads\/2021\/09\/WhatsApp-Image-2021-09-03-at-12.08.12-1-768x719.jpeg 768w, https:\/\/morenoprimero.com.ar\/archivo\/wp-content\/uploads\/2021\/09\/WhatsApp-Image-2021-09-03-at-12.08.12-1.jpeg 1197w\" sizes=\"auto, (max-width: 1024px) 100vw, 1024px\" \/><\/a><\/figure>\n\n\n\n<p>Por todo eso, su pap\u00e1 es su \u00eddolo y es quien le dio la confianza que necesita para lograr lo que quiere. Es por eso que finaliza: \u201cYo me tengo mucha confianza,&nbsp;s\u00e9&nbsp;que puedo llegar a hacer m\u00e1s. Ahora no tengo tanto, pero tengo, y el barrio tambi\u00e9n me apoya. Eso me hace sentir mejor, me hace sentir bien conmigo mismo y eso es lo que quiero para mi futuro\u201d.&nbsp;<\/p>\n\n\n\n<blockquote class=\"wp-block-quote is-layout-flow wp-block-quote-is-layout-flow\"><p><em> Yo me tengo mucha confianza,&nbsp;s\u00e9&nbsp;que puedo llegar a hacer m\u00e1s. Ahora no tengo tanto, pero tengo, y el barrio tambi\u00e9n me apoya. Eso me hace sentir mejor, me hace sentir bien conmigo mismo y eso es lo que quiero para mi futuro. <\/em><\/p><\/blockquote>\n","protected":false},"excerpt":{"rendered":"<p>Hace&nbsp;trap&nbsp;y, con 15 a\u00f1os, sac\u00f3 su primer tema. En di\u00e1logo con Moreno Primero, cuenta sobre su barrio, sus amigos y la importancia de su pap\u00e1 en el proyecto.&nbsp; Lionel se autodefine como una persona bastante amigable y considera que todo &hellip; <a href=\"https:\/\/morenoprimero.com.ar\/archivo\/lio-es-la-joven-promesa-del-trap-en-barrio-san-norberto\/\">Sigue leyendo <span class=\"meta-nav\">&rarr;<\/span><\/a><\/p>\n","protected":false},"author":6,"featured_media":17694,"comment_status":"closed","ping_status":"closed","sticky":false,"template":"","format":"standard","meta":{"footnotes":""},"categories":[2458,2,2328],"tags":[156,6,3066,3067,966],"class_list":["post-17593","post","type-post","status-publish","format-standard","has-post-thumbnail","hentry","category-cuartelv","category-destacadas","category-local","tag-cuartel-v","tag-moreno","tag-san-norberto","tag-trap","tag-vecinos-de-moreno"],"_links":{"self":[{"href":"https:\/\/morenoprimero.com.ar\/archivo\/wp-json\/wp\/v2\/posts\/17593","targetHints":{"allow":["GET"]}}],"collection":[{"href":"https:\/\/morenoprimero.com.ar\/archivo\/wp-json\/wp\/v2\/posts"}],"about":[{"href":"https:\/\/morenoprimero.com.ar\/archivo\/wp-json\/wp\/v2\/types\/post"}],"author":[{"embeddable":true,"href":"https:\/\/morenoprimero.com.ar\/archivo\/wp-json\/wp\/v2\/users\/6"}],"replies":[{"embeddable":true,"href":"https:\/\/morenoprimero.com.ar\/archivo\/wp-json\/wp\/v2\/comments?post=17593"}],"version-history":[{"count":10,"href":"https:\/\/morenoprimero.com.ar\/archivo\/wp-json\/wp\/v2\/posts\/17593\/revisions"}],"predecessor-version":[{"id":17695,"href":"https:\/\/morenoprimero.com.ar\/archivo\/wp-json\/wp\/v2\/posts\/17593\/revisions\/17695"}],"wp:featuredmedia":[{"embeddable":true,"href":"https:\/\/morenoprimero.com.ar\/archivo\/wp-json\/wp\/v2\/media\/17694"}],"wp:attachment":[{"href":"https:\/\/morenoprimero.com.ar\/archivo\/wp-json\/wp\/v2\/media?parent=17593"}],"wp:term":[{"taxonomy":"category","embeddable":true,"href":"https:\/\/morenoprimero.com.ar\/archivo\/wp-json\/wp\/v2\/categories?post=17593"},{"taxonomy":"post_tag","embeddable":true,"href":"https:\/\/morenoprimero.com.ar\/archivo\/wp-json\/wp\/v2\/tags?post=17593"}],"curies":[{"name":"wp","href":"https:\/\/api.w.org\/{rel}","templated":true}]}}