{"id":1756,"date":"2020-08-27T12:34:34","date_gmt":"2020-08-27T12:34:34","guid":{"rendered":"https:\/\/morenoprimero.com.ar\/?p=1756"},"modified":"2020-08-27T12:34:34","modified_gmt":"2020-08-27T12:34:34","slug":"kicillof-analizara-la-situacion-epidemiologica-con-intendentes-del-conurbano-bonaerense","status":"publish","type":"post","link":"https:\/\/morenoprimero.com.ar\/archivo\/kicillof-analizara-la-situacion-epidemiologica-con-intendentes-del-conurbano-bonaerense\/","title":{"rendered":"KICILLOF ANALIZAR\u00c1 LA SITUACI\u00d3N EPIDEMIOL\u00d3GICA CON INTENDENTES DEL CONURBANO BONAERENSE"},"content":{"rendered":"\n<h4 class=\"wp-block-heading\"> Desde las 15 hs el gobernador de la Provincia de Buenos Aires, Axel Kicillof, se reunir\u00e1 con intendentes e intendentas del conurbano bonaerense por videoconferencia.<\/h4>\n\n\n\n<p>    <strong>Por un lado, analizar\u00e1n la situaci\u00f3n epidemiol\u00f3gica de cada distrito, por el otro, delinear\u00e1n los pasos a seguir para mitigar la propagaci\u00f3n del virus.<\/strong><\/p>\n\n\n\n<p>    <strong>Tambi\u00e9n tendr\u00e1 una reuni\u00f3n con el comit\u00e9 de expertos en materia sanitaria<\/strong> con quienes repasar\u00e1 el estado epidemiol\u00f3gico tanto del interior como del \u00e1rea metropolitana. <\/p>\n","protected":false},"excerpt":{"rendered":"<p>Desde las 15 hs el gobernador de la Provincia de Buenos Aires, Axel Kicillof, se reunir\u00e1 con intendentes e intendentas del conurbano bonaerense por videoconferencia. Por un lado, analizar\u00e1n la situaci\u00f3n epidemiol\u00f3gica de cada distrito, por el otro, delinear\u00e1n los &hellip; <a href=\"https:\/\/morenoprimero.com.ar\/archivo\/kicillof-analizara-la-situacion-epidemiologica-con-intendentes-del-conurbano-bonaerense\/\">Sigue leyendo <span class=\"meta-nav\">&rarr;<\/span><\/a><\/p>\n","protected":false},"author":6,"featured_media":1509,"comment_status":"open","ping_status":"open","sticky":false,"template":"","format":"standard","meta":{"footnotes":""},"categories":[27,5,20],"tags":[206,60],"class_list":["post-1756","post","type-post","status-publish","format-standard","has-post-thumbnail","hentry","category-politica","category-recomendadas","category-sociedad","tag-aislamiento","tag-provincia-de-buenos-aires"],"_links":{"self":[{"href":"https:\/\/morenoprimero.com.ar\/archivo\/wp-json\/wp\/v2\/posts\/1756","targetHints":{"allow":["GET"]}}],"collection":[{"href":"https:\/\/morenoprimero.com.ar\/archivo\/wp-json\/wp\/v2\/posts"}],"about":[{"href":"https:\/\/morenoprimero.com.ar\/archivo\/wp-json\/wp\/v2\/types\/post"}],"author":[{"embeddable":true,"href":"https:\/\/morenoprimero.com.ar\/archivo\/wp-json\/wp\/v2\/users\/6"}],"replies":[{"embeddable":true,"href":"https:\/\/morenoprimero.com.ar\/archivo\/wp-json\/wp\/v2\/comments?post=1756"}],"version-history":[{"count":3,"href":"https:\/\/morenoprimero.com.ar\/archivo\/wp-json\/wp\/v2\/posts\/1756\/revisions"}],"predecessor-version":[{"id":1821,"href":"https:\/\/morenoprimero.com.ar\/archivo\/wp-json\/wp\/v2\/posts\/1756\/revisions\/1821"}],"wp:featuredmedia":[{"embeddable":true,"href":"https:\/\/morenoprimero.com.ar\/archivo\/wp-json\/wp\/v2\/media\/1509"}],"wp:attachment":[{"href":"https:\/\/morenoprimero.com.ar\/archivo\/wp-json\/wp\/v2\/media?parent=1756"}],"wp:term":[{"taxonomy":"category","embeddable":true,"href":"https:\/\/morenoprimero.com.ar\/archivo\/wp-json\/wp\/v2\/categories?post=1756"},{"taxonomy":"post_tag","embeddable":true,"href":"https:\/\/morenoprimero.com.ar\/archivo\/wp-json\/wp\/v2\/tags?post=1756"}],"curies":[{"name":"wp","href":"https:\/\/api.w.org\/{rel}","templated":true}]}}