{"id":17476,"date":"2021-09-01T16:55:12","date_gmt":"2021-09-01T19:55:12","guid":{"rendered":"https:\/\/morenoprimero.com.ar\/?p=17476"},"modified":"2021-09-01T16:55:13","modified_gmt":"2021-09-01T19:55:13","slug":"comenzo-el-mes-de-las-juventudes-con-una-jornada-solidaria-en-trujui","status":"publish","type":"post","link":"https:\/\/morenoprimero.com.ar\/archivo\/comenzo-el-mes-de-las-juventudes-con-una-jornada-solidaria-en-trujui\/","title":{"rendered":"Comenz\u00f3 el mes de las juventudes con una jornada solidaria en Trujui"},"content":{"rendered":"\n<p>En el marco del inicio del Mes de las Juventudes, las <strong>Direcciones de Juventudes del Municipio de Moreno, de Provincia y de Naci\u00f3n <\/strong>realizaron una jornada solidaria en el barrio Sat\u00e9lite de la localidad de<strong> Trujui.<\/strong> La difusi\u00f3n es casa por casa, con entrega de kits educativos e inauguraci\u00f3n de un mural.\u00a0<\/p>\n\n\n\n<figure class=\"wp-block-image size-large\"><a href=\"https:\/\/morenoprimero.com.ar\/wp-content\/uploads\/2021\/09\/2_kitseducativos.jpeg\"><img loading=\"lazy\" decoding=\"async\" width=\"1024\" height=\"682\" src=\"https:\/\/morenoprimero.com.ar\/wp-content\/uploads\/2021\/09\/2_kitseducativos-1024x682.jpeg\" alt=\"\" class=\"wp-image-17479\" srcset=\"https:\/\/morenoprimero.com.ar\/archivo\/wp-content\/uploads\/2021\/09\/2_kitseducativos-1024x682.jpeg 1024w, https:\/\/morenoprimero.com.ar\/archivo\/wp-content\/uploads\/2021\/09\/2_kitseducativos-300x200.jpeg 300w, https:\/\/morenoprimero.com.ar\/archivo\/wp-content\/uploads\/2021\/09\/2_kitseducativos-768x512.jpeg 768w, https:\/\/morenoprimero.com.ar\/archivo\/wp-content\/uploads\/2021\/09\/2_kitseducativos.jpeg 1280w\" sizes=\"auto, (max-width: 1024px) 100vw, 1024px\" \/><\/a><\/figure>\n\n\n\n<p>La actividad consisti\u00f3 en la <strong>difusi\u00f3n de la inscripci\u00f3n del programa Progresar<\/strong> \u2013ya que venc\u00eda el plazo para registrarse- y de la<strong> inscripci\u00f3n a la vacunaci\u00f3n para chicas y chicos de 12 a 17 a\u00f1os. <\/strong>\u00a0Adem\u00e1s, se entregaron <strong>kits educativos<\/strong> para las y los j\u00f3venes que participan del <strong>programa provincial Envi\u00f3n<\/strong> y junto al <strong>Ministerio de Cultura de la Naci\u00f3n<\/strong> se inaugur\u00f3 un mural en la<strong> Casa Joven<\/strong> del barrio.<\/p>\n\n\n\n<figure class=\"wp-block-image size-large\"><a href=\"https:\/\/morenoprimero.com.ar\/wp-content\/uploads\/2021\/09\/1_mural.jpeg\"><img loading=\"lazy\" decoding=\"async\" width=\"1024\" height=\"682\" src=\"https:\/\/morenoprimero.com.ar\/wp-content\/uploads\/2021\/09\/1_mural-1024x682.jpeg\" alt=\"\" class=\"wp-image-17481\" srcset=\"https:\/\/morenoprimero.com.ar\/archivo\/wp-content\/uploads\/2021\/09\/1_mural-1024x682.jpeg 1024w, https:\/\/morenoprimero.com.ar\/archivo\/wp-content\/uploads\/2021\/09\/1_mural-300x200.jpeg 300w, https:\/\/morenoprimero.com.ar\/archivo\/wp-content\/uploads\/2021\/09\/1_mural-768x512.jpeg 768w, https:\/\/morenoprimero.com.ar\/archivo\/wp-content\/uploads\/2021\/09\/1_mural.jpeg 1280w\" sizes=\"auto, (max-width: 1024px) 100vw, 1024px\" \/><\/a><\/figure>\n\n\n\n<p><strong>\u201cNos da mucha alegr\u00eda poder de a poco volver a encontrarnos y realizar estas actividades\u201d<\/strong> afirm\u00f3 el director de Juventudes municipal, <strong>Dylan Sauco <\/strong>y destac\u00f3 que desde su rol en el Estado<strong> \u201csomos responsables de generar contextos positivos para que las pibas y los pibes tomen decisiones para sus proyectos de vida.\u201d<\/strong><\/p>\n\n\n\n<p>Por su parte, <strong>Tomas Lerner,<\/strong> director de Organizaci\u00f3n Comunitaria del <strong>INJUVE <\/strong>resalt\u00f3 que<strong> \u201cHoy hay un Estado presente que se empieza a hacer cargo de problemas estructurales que existen hace d\u00e9cadas en el Municipio, una Intendenta que estuvo cerca durante la pandemia y que escucha a las y los j\u00f3venes\u201d. <\/strong>Adem\u00e1s, Lerner destac\u00f3 que durante el mes de septiembre habr\u00e1 muchas actividades solidarias y propuestas culturales en todo el pa\u00eds.<\/p>\n\n\n\n<figure class=\"wp-block-image size-large\"><a href=\"https:\/\/morenoprimero.com.ar\/wp-content\/uploads\/2021\/09\/3_diremunicipalynacional.jpeg\"><img loading=\"lazy\" decoding=\"async\" width=\"1024\" height=\"682\" src=\"https:\/\/morenoprimero.com.ar\/wp-content\/uploads\/2021\/09\/3_diremunicipalynacional-1024x682.jpeg\" alt=\"\" class=\"wp-image-17480\" srcset=\"https:\/\/morenoprimero.com.ar\/archivo\/wp-content\/uploads\/2021\/09\/3_diremunicipalynacional-1024x682.jpeg 1024w, https:\/\/morenoprimero.com.ar\/archivo\/wp-content\/uploads\/2021\/09\/3_diremunicipalynacional-300x200.jpeg 300w, https:\/\/morenoprimero.com.ar\/archivo\/wp-content\/uploads\/2021\/09\/3_diremunicipalynacional-768x512.jpeg 768w, https:\/\/morenoprimero.com.ar\/archivo\/wp-content\/uploads\/2021\/09\/3_diremunicipalynacional.jpeg 1280w\" sizes=\"auto, (max-width: 1024px) 100vw, 1024px\" \/><\/a><\/figure>\n\n\n\n<p>Tambi\u00e9n participaron de la actividad la secretaria de Desarrollo Comunitario municipal <strong>Noelia Saavedra<\/strong>, la Directora Ejecutiva de INJUVE <strong>Macarena S\u00e1nchez<\/strong> y la Directora de Juventudes de Provincia <strong>Ayel\u00e9n L\u00f3pez.<\/strong><\/p>\n","protected":false},"excerpt":{"rendered":"<p>En el marco del inicio del Mes de las Juventudes, las Direcciones de Juventudes del Municipio de Moreno, de Provincia y de Naci\u00f3n realizaron una jornada solidaria en el barrio Sat\u00e9lite de la localidad de Trujui. La difusi\u00f3n es casa &hellip; <a href=\"https:\/\/morenoprimero.com.ar\/archivo\/comenzo-el-mes-de-las-juventudes-con-una-jornada-solidaria-en-trujui\/\">Sigue leyendo <span class=\"meta-nav\">&rarr;<\/span><\/a><\/p>\n","protected":false},"author":6,"featured_media":17478,"comment_status":"closed","ping_status":"closed","sticky":false,"template":"","format":"standard","meta":{"footnotes":""},"categories":[2328,2456],"tags":[2972,3057,3056,106],"class_list":["post-17476","post","type-post","status-publish","format-standard","has-post-thumbnail","hentry","category-local","category-trujui","tag-casa-joven","tag-direcciones-de-juventudes-del-municipio-de-moreno","tag-mes-de-las-juventudes","tag-trujui"],"_links":{"self":[{"href":"https:\/\/morenoprimero.com.ar\/archivo\/wp-json\/wp\/v2\/posts\/17476","targetHints":{"allow":["GET"]}}],"collection":[{"href":"https:\/\/morenoprimero.com.ar\/archivo\/wp-json\/wp\/v2\/posts"}],"about":[{"href":"https:\/\/morenoprimero.com.ar\/archivo\/wp-json\/wp\/v2\/types\/post"}],"author":[{"embeddable":true,"href":"https:\/\/morenoprimero.com.ar\/archivo\/wp-json\/wp\/v2\/users\/6"}],"replies":[{"embeddable":true,"href":"https:\/\/morenoprimero.com.ar\/archivo\/wp-json\/wp\/v2\/comments?post=17476"}],"version-history":[{"count":1,"href":"https:\/\/morenoprimero.com.ar\/archivo\/wp-json\/wp\/v2\/posts\/17476\/revisions"}],"predecessor-version":[{"id":17482,"href":"https:\/\/morenoprimero.com.ar\/archivo\/wp-json\/wp\/v2\/posts\/17476\/revisions\/17482"}],"wp:featuredmedia":[{"embeddable":true,"href":"https:\/\/morenoprimero.com.ar\/archivo\/wp-json\/wp\/v2\/media\/17478"}],"wp:attachment":[{"href":"https:\/\/morenoprimero.com.ar\/archivo\/wp-json\/wp\/v2\/media?parent=17476"}],"wp:term":[{"taxonomy":"category","embeddable":true,"href":"https:\/\/morenoprimero.com.ar\/archivo\/wp-json\/wp\/v2\/categories?post=17476"},{"taxonomy":"post_tag","embeddable":true,"href":"https:\/\/morenoprimero.com.ar\/archivo\/wp-json\/wp\/v2\/tags?post=17476"}],"curies":[{"name":"wp","href":"https:\/\/api.w.org\/{rel}","templated":true}]}}