{"id":1740,"date":"2020-08-26T11:53:47","date_gmt":"2020-08-26T11:53:47","guid":{"rendered":"https:\/\/morenoprimero.com.ar\/?p=1740"},"modified":"2020-08-26T11:53:47","modified_gmt":"2020-08-26T11:53:47","slug":"dia-de-la-solidaridad-la-madre-teresa-de-calcuta-y-un-legado-que-sigue-en-pie","status":"publish","type":"post","link":"https:\/\/morenoprimero.com.ar\/archivo\/dia-de-la-solidaridad-la-madre-teresa-de-calcuta-y-un-legado-que-sigue-en-pie\/","title":{"rendered":"D\u00cdA DE LA SOLIDARIDAD: LA  MADRE TERESA DE CALCUTA Y UN LEGADO QUE SIGUE EN PIE"},"content":{"rendered":"\n<p><strong>Un 26 de agosto de 1910 nac\u00eda en&nbsp;Macedon\u00eda, Agnes Gonxha Bojaxhiu, m\u00e1s conocida como Madre Teresa de Calcuta. Fue canonizada por el Papa Francisco en 2016 y recibi\u00f3 el premio Nobel de la Paz<\/strong>.&nbsp;<\/p>\n\n\n\n<figure class=\"wp-block-image size-large\"><img loading=\"lazy\" decoding=\"async\" width=\"640\" height=\"360\" src=\"https:\/\/morenoprimero.com.ar\/wp-content\/uploads\/2020\/08\/Teresa-de-Calcuta-640x360-2.jpg\" alt=\"\" class=\"wp-image-1741\" srcset=\"https:\/\/morenoprimero.com.ar\/archivo\/wp-content\/uploads\/2020\/08\/Teresa-de-Calcuta-640x360-2.jpg 640w, https:\/\/morenoprimero.com.ar\/archivo\/wp-content\/uploads\/2020\/08\/Teresa-de-Calcuta-640x360-2-300x169.jpg 300w\" sizes=\"auto, (max-width: 640px) 100vw, 640px\" \/><\/figure>\n\n\n\n<p>Fue a una escuela p\u00fablica, donde decidi\u00f3 que se unir\u00eda al coro y tambi\u00e9n a una congregaci\u00f3n religiosa de misioneras llamada&nbsp;Sodalicio&nbsp;Nuestra Se\u00f1ora. A los 12 a\u00f1os decidi\u00f3 que su vocaci\u00f3n ser\u00eda ayudar a los dem\u00e1s y dedicarse a la vida religiosa.&nbsp;&nbsp;<\/p>\n\n\n\n<p>A los 18 decidi\u00f3 empezar a estudiar magisterio y se uni\u00f3 a la congregaci\u00f3n de Nuestra Se\u00f1ora de Loreto y cambi\u00f3 su nombre a \u201cTeresa\u201d. En 1948 abri\u00f3 su primer refugio, dos a\u00f1os m\u00e1s tarde fundar\u00eda las<strong>&nbsp;Misioneras de la Caridad<\/strong>.&nbsp;<\/p>\n\n\n\n<p>Se la eligi\u00f3 como la representante para la Conferencia de las Naciones Unidas, y en 1979 gan\u00f3 el&nbsp;<a href=\"http:\/\/www.diariopopular.com.ar\/premio-nobel-a1961\" target=\"_blank\" rel=\"noreferrer noopener\">Premio Nobel<\/a>&nbsp;de la Paz. En septiembre de 2016 fue canonizada por el<strong>&nbsp;Papa Francisco<\/strong>&nbsp;que destac\u00f3 que<em>&nbsp;Teresa se hizo o\u00edr ante los poderosos culpables de crear la pobreza.<\/em>&nbsp;<\/p>\n","protected":false},"excerpt":{"rendered":"<p>Un 26 de agosto de 1910 nac\u00eda en&nbsp;Macedon\u00eda, Agnes Gonxha Bojaxhiu, m\u00e1s conocida como Madre Teresa de Calcuta. Fue canonizada por el Papa Francisco en 2016 y recibi\u00f3 el premio Nobel de la Paz.&nbsp; Fue a una escuela p\u00fablica, donde &hellip; <a href=\"https:\/\/morenoprimero.com.ar\/archivo\/dia-de-la-solidaridad-la-madre-teresa-de-calcuta-y-un-legado-que-sigue-en-pie\/\">Sigue leyendo <span class=\"meta-nav\">&rarr;<\/span><\/a><\/p>\n","protected":false},"author":6,"featured_media":1742,"comment_status":"open","ping_status":"open","sticky":false,"template":"","format":"standard","meta":{"footnotes":""},"categories":[21],"tags":[494,493],"class_list":["post-1740","post","type-post","status-publish","format-standard","has-post-thumbnail","hentry","category-interes-general","tag-dia-de-la-solidaridad","tag-madre-teresa-de-calcuta"],"_links":{"self":[{"href":"https:\/\/morenoprimero.com.ar\/archivo\/wp-json\/wp\/v2\/posts\/1740","targetHints":{"allow":["GET"]}}],"collection":[{"href":"https:\/\/morenoprimero.com.ar\/archivo\/wp-json\/wp\/v2\/posts"}],"about":[{"href":"https:\/\/morenoprimero.com.ar\/archivo\/wp-json\/wp\/v2\/types\/post"}],"author":[{"embeddable":true,"href":"https:\/\/morenoprimero.com.ar\/archivo\/wp-json\/wp\/v2\/users\/6"}],"replies":[{"embeddable":true,"href":"https:\/\/morenoprimero.com.ar\/archivo\/wp-json\/wp\/v2\/comments?post=1740"}],"version-history":[{"count":2,"href":"https:\/\/morenoprimero.com.ar\/archivo\/wp-json\/wp\/v2\/posts\/1740\/revisions"}],"predecessor-version":[{"id":1746,"href":"https:\/\/morenoprimero.com.ar\/archivo\/wp-json\/wp\/v2\/posts\/1740\/revisions\/1746"}],"wp:featuredmedia":[{"embeddable":true,"href":"https:\/\/morenoprimero.com.ar\/archivo\/wp-json\/wp\/v2\/media\/1742"}],"wp:attachment":[{"href":"https:\/\/morenoprimero.com.ar\/archivo\/wp-json\/wp\/v2\/media?parent=1740"}],"wp:term":[{"taxonomy":"category","embeddable":true,"href":"https:\/\/morenoprimero.com.ar\/archivo\/wp-json\/wp\/v2\/categories?post=1740"},{"taxonomy":"post_tag","embeddable":true,"href":"https:\/\/morenoprimero.com.ar\/archivo\/wp-json\/wp\/v2\/tags?post=1740"}],"curies":[{"name":"wp","href":"https:\/\/api.w.org\/{rel}","templated":true}]}}