{"id":17310,"date":"2021-08-30T09:59:32","date_gmt":"2021-08-30T12:59:32","guid":{"rendered":"https:\/\/morenoprimero.com.ar\/?p=17310"},"modified":"2021-08-30T09:59:33","modified_gmt":"2021-08-30T12:59:33","slug":"mariel-fernandez-y-el-ministro-katopodis-recorrieron-obras-en-moreno","status":"publish","type":"post","link":"https:\/\/morenoprimero.com.ar\/archivo\/mariel-fernandez-y-el-ministro-katopodis-recorrieron-obras-en-moreno\/","title":{"rendered":"Mariel Fern\u00e1ndez y el ministro Katopodis recorrieron obras en Moreno"},"content":{"rendered":"\n<p><em>Estuvieron en la Avenida Bartolom\u00e9 Mitre y en el saneamiento del Arroyo Los Perros que se realizan en el marco del Plan Integral de Obras del distrito<\/em><\/p>\n\n\n\n<p><br>La intendenta de Moreno, <strong>Mariel Fern\u00e1ndez,<\/strong> junto al ministro de Obras P\u00fablicas de la Naci\u00f3n, <strong>Gabriel Katopodis,<\/strong> y la secretaria de Obras y Servicios P\u00fablicos, <strong>Mar\u00eda Gim\u00e9nez<\/strong>, recorrieron la obra de embellecimiento de la Avenida Bartolom\u00e9 Mitre, donde se realizar\u00e1n 2.250 metros de repavimentaci\u00f3n, se colocar\u00e1n nuevas luminarias LED y se construir\u00e1n veredas con el prop\u00f3sito de mejorar el casco c\u00e9ntrico.&nbsp;<\/p>\n\n\n\n<p><br><strong>Esta obra se realiza por tramos para no perjudicar la actividad comercial y el tr\u00e1nsito cotidiano de la comunidad. La primera etapa que ya est\u00e1 en marcha<\/strong>, comprende 500 metros entre Avenida Victorica y Avenida Del Libertador, y 600 metros entre las calles Arribe\u00f1os y Corval\u00e1n donde tambi\u00e9n se realizar\u00e1 una obra hidr\u00e1ulica y se instalar\u00e1n refugios en las paradas de colectivo.&nbsp;<\/p>\n\n\n\n<figure class=\"wp-block-gallery columns-2 is-cropped wp-block-gallery-1 is-layout-flex wp-block-gallery-is-layout-flex\"><ul class=\"blocks-gallery-grid\"><li class=\"blocks-gallery-item\"><figure><a href=\"https:\/\/morenoprimero.com.ar\/wp-content\/uploads\/2021\/08\/f4.jpeg\"><img loading=\"lazy\" decoding=\"async\" width=\"1024\" height=\"682\" src=\"https:\/\/morenoprimero.com.ar\/wp-content\/uploads\/2021\/08\/f4.jpeg\" alt=\"\" data-id=\"17313\" data-full-url=\"https:\/\/morenoprimero.com.ar\/wp-content\/uploads\/2021\/08\/f4.jpeg\" data-link=\"https:\/\/morenoprimero.com.ar\/?attachment_id=17313\" class=\"wp-image-17313\" srcset=\"https:\/\/morenoprimero.com.ar\/archivo\/wp-content\/uploads\/2021\/08\/f4.jpeg 1024w, https:\/\/morenoprimero.com.ar\/archivo\/wp-content\/uploads\/2021\/08\/f4-300x200.jpeg 300w, https:\/\/morenoprimero.com.ar\/archivo\/wp-content\/uploads\/2021\/08\/f4-768x512.jpeg 768w\" sizes=\"auto, (max-width: 1024px) 100vw, 1024px\" \/><\/a><\/figure><\/li><li class=\"blocks-gallery-item\"><figure><a href=\"https:\/\/morenoprimero.com.ar\/wp-content\/uploads\/2021\/08\/f2.jpeg\"><img loading=\"lazy\" decoding=\"async\" width=\"1024\" height=\"682\" src=\"https:\/\/morenoprimero.com.ar\/wp-content\/uploads\/2021\/08\/f2.jpeg\" alt=\"\" data-id=\"17314\" data-full-url=\"https:\/\/morenoprimero.com.ar\/wp-content\/uploads\/2021\/08\/f2.jpeg\" data-link=\"https:\/\/morenoprimero.com.ar\/?attachment_id=17314\" class=\"wp-image-17314\" srcset=\"https:\/\/morenoprimero.com.ar\/archivo\/wp-content\/uploads\/2021\/08\/f2.jpeg 1024w, https:\/\/morenoprimero.com.ar\/archivo\/wp-content\/uploads\/2021\/08\/f2-300x200.jpeg 300w, https:\/\/morenoprimero.com.ar\/archivo\/wp-content\/uploads\/2021\/08\/f2-768x512.jpeg 768w\" sizes=\"auto, (max-width: 1024px) 100vw, 1024px\" \/><\/a><\/figure><\/li><\/ul><\/figure>\n\n\n\n<p><br>Durante la recorrida, la intendenta afirm\u00f3 que \u201cFue muy operativa en la gesti\u00f3n, se aprob\u00f3 el proyecto rapid\u00edsimo.<strong> Es una obra muy grande, donde no s\u00f3lo se hace la calle a nuevo, sino que tambi\u00e9n las veredas y el arbolado urbano, y se est\u00e1 combinando con una ordenanza de centros comerciales a cielo abierto para aprovechar que los comerciantes se puedan sumar para cambiarle la cara a su comercio y as\u00ed hacer un trabajo arm\u00f3nico que tenga un impacto en el casco urbano de Moreno<\/strong>\u201d afirm\u00f3 la intendenta durante la recorrida.<\/p>\n\n\n\n<p><br>\u201c<strong>Estos son proyectos en los que Mariel y todo su equipo estuvieron trabajando con el Ministerio de Obras P\u00fablicas mientras los comerciantes, los vecinos y vecinas de Moreno se cuidaron para que hoy sean una realidad<\/strong>. Como la Avenida Mitre, este corredor de m\u00e1s de 20 cuadras que le cambia la vida no solamente a la actividad comercial sino a todas las familias\u201d, expres\u00f3 el ministro Katopodis y destac\u00f3 que&nbsp; \u201c<strong>Hay obras en los distintos barrios de Moreno, y no hay dudas de que Moreno est\u00e1 viendo con mucho optimismo una Argentina que se va poniendo de pie, que va arrancando<\/strong>.\u201d<\/p>\n\n\n\n<p><br>Adem\u00e1s, las autoridades tambi\u00e9n recorrieron la obra de saneamiento hidr\u00e1ulico de la Cuenca del Arroyo Los Perros que es financiada con m\u00e1s de $559 millones de pesos del Ministerio de Obras Publicas de la Naci\u00f3n, para realizar el <strong>revestimiento del arroyo y&nbsp; la construcci\u00f3n de una red pluvial que permitir\u00e1 que el agua circule sin inundaciones en lugares cercanos. Tambi\u00e9n se realizar\u00e1n c\u00e1maras de empalme, sumideros y 5 puentes vehiculares.&nbsp;<\/strong><\/p>\n\n\n\n<p><br>Respecto de esta obra, Mariel Fern\u00e1ndez resalt\u00f3 que \u201c<strong>Es majestuosa, de mucha calidad y envergadura que le resuelve la vida a 150 mil vecinos y vecinas, y de alto impacto porque es una zona inundable y atraviesa muchos barrios en Moreno<\/strong>. Cuando esta obra se termine hay una segunda parte para trabajar la hidr\u00e1ulica en los barrios alrededor del arroyo para que quede prolija y podamos planificar m\u00e1s asfaltos en la zona con la tranquilidad de que van a durar porque ya no se van a inundar.\u201d<br>Tanto el embellecimiento de la Avenida Bartolom\u00e9 Mitre como el saneamiento de la Cuenca hidr\u00e1ulica del Arroyo Los Perros son obras que gestion\u00f3 el gobierno municipal que conduce la intendenta Mariel Fern\u00e1ndez con el Ministerio de Obras P\u00fablicas de la Naci\u00f3n, con el objetivo de mejorar la calidad de vida las y los morenenses.&nbsp;<\/p>\n\n\n\n<p><br>Por parte del Ministerio de Obras P\u00fablicas, tambi\u00e9n estuvieron presentes la subsecretaria de Obras P\u00fablicas, Cecilia Larivera; el director Nacional de Infraestructuras de Transporte, Tom\u00e1s Vanrell; y el director Nacional de Gesti\u00f3n de Infraestructuras de Transporte, Gabriel Yancowsky. Por parte del Municipio, tambi\u00e9n estuvo presente la secretaria de Desarrollo Comunitario, Noelia Saavedra.<\/p>\n\n\n\n<figure class=\"wp-block-image size-full\"><a href=\"https:\/\/morenoprimero.com.ar\/wp-content\/uploads\/2021\/08\/F1.jpeg\"><img loading=\"lazy\" decoding=\"async\" width=\"1024\" height=\"682\" src=\"https:\/\/morenoprimero.com.ar\/wp-content\/uploads\/2021\/08\/F1.jpeg\" alt=\"\" class=\"wp-image-17315\" srcset=\"https:\/\/morenoprimero.com.ar\/archivo\/wp-content\/uploads\/2021\/08\/F1.jpeg 1024w, https:\/\/morenoprimero.com.ar\/archivo\/wp-content\/uploads\/2021\/08\/F1-300x200.jpeg 300w, https:\/\/morenoprimero.com.ar\/archivo\/wp-content\/uploads\/2021\/08\/F1-768x512.jpeg 768w\" sizes=\"auto, (max-width: 1024px) 100vw, 1024px\" \/><\/a><\/figure>\n","protected":false},"excerpt":{"rendered":"<p>Estuvieron en la Avenida Bartolom\u00e9 Mitre y en el saneamiento del Arroyo Los Perros que se realizan en el marco del Plan Integral de Obras del distrito La intendenta de Moreno, Mariel Fern\u00e1ndez, junto al ministro de Obras P\u00fablicas de &hellip; <a href=\"https:\/\/morenoprimero.com.ar\/archivo\/mariel-fernandez-y-el-ministro-katopodis-recorrieron-obras-en-moreno\/\">Sigue leyendo <span class=\"meta-nav\">&rarr;<\/span><\/a><\/p>\n","protected":false},"author":6,"featured_media":17311,"comment_status":"closed","ping_status":"closed","sticky":false,"template":"","format":"standard","meta":{"footnotes":""},"categories":[2328,27],"tags":[24,276,6,285],"class_list":["post-17310","post","type-post","status-publish","format-standard","has-post-thumbnail","hentry","category-local","category-politica","tag-katopodis","tag-mariel-fernandez","tag-moreno","tag-obras-publicas"],"_links":{"self":[{"href":"https:\/\/morenoprimero.com.ar\/archivo\/wp-json\/wp\/v2\/posts\/17310","targetHints":{"allow":["GET"]}}],"collection":[{"href":"https:\/\/morenoprimero.com.ar\/archivo\/wp-json\/wp\/v2\/posts"}],"about":[{"href":"https:\/\/morenoprimero.com.ar\/archivo\/wp-json\/wp\/v2\/types\/post"}],"author":[{"embeddable":true,"href":"https:\/\/morenoprimero.com.ar\/archivo\/wp-json\/wp\/v2\/users\/6"}],"replies":[{"embeddable":true,"href":"https:\/\/morenoprimero.com.ar\/archivo\/wp-json\/wp\/v2\/comments?post=17310"}],"version-history":[{"count":3,"href":"https:\/\/morenoprimero.com.ar\/archivo\/wp-json\/wp\/v2\/posts\/17310\/revisions"}],"predecessor-version":[{"id":17319,"href":"https:\/\/morenoprimero.com.ar\/archivo\/wp-json\/wp\/v2\/posts\/17310\/revisions\/17319"}],"wp:featuredmedia":[{"embeddable":true,"href":"https:\/\/morenoprimero.com.ar\/archivo\/wp-json\/wp\/v2\/media\/17311"}],"wp:attachment":[{"href":"https:\/\/morenoprimero.com.ar\/archivo\/wp-json\/wp\/v2\/media?parent=17310"}],"wp:term":[{"taxonomy":"category","embeddable":true,"href":"https:\/\/morenoprimero.com.ar\/archivo\/wp-json\/wp\/v2\/categories?post=17310"},{"taxonomy":"post_tag","embeddable":true,"href":"https:\/\/morenoprimero.com.ar\/archivo\/wp-json\/wp\/v2\/tags?post=17310"}],"curies":[{"name":"wp","href":"https:\/\/api.w.org\/{rel}","templated":true}]}}