{"id":17303,"date":"2021-08-27T21:30:39","date_gmt":"2021-08-28T00:30:39","guid":{"rendered":"https:\/\/morenoprimero.com.ar\/?p=17303"},"modified":"2021-08-27T21:52:30","modified_gmt":"2021-08-28T00:52:30","slug":"detuvieron-a-rodrigo-german-rivero-el-femicida-de-moreno","status":"publish","type":"post","link":"https:\/\/morenoprimero.com.ar\/archivo\/detuvieron-a-rodrigo-german-rivero-el-femicida-de-moreno\/","title":{"rendered":"Detuvieron a Rodrigo German Rivero, el femicida de Moreno"},"content":{"rendered":"\n<p>En la noche de este viernes 27 de agosto, y luego de un arduo operativo cerrojo,<strong> la polic\u00eda de la provincia de Buenos Aires logr\u00f3 identificar y aprehender al femicida de Moreno, Rodrigo German Rivero.<\/strong><\/p>\n\n\n\n<p>El acusado hab\u00eda sido identificado por su propia madre al ver las filmaciones de las c\u00e1maras de seguridad y <strong>fue detenido por efectivos de la Departamental y personal del Comando Tres de Febrero tras arduas tareas de inteligencia<\/strong>.<\/p>\n\n\n\n<p><strong>Los polic\u00edas se encontraban en Ricchieri y Necochea, del Barrio Ej\u00e9rcito de Los Andes, cuando observaron a un hombre con las caracter\u00edsticas del pr\u00f3fugo <\/strong>de la justicia que se difund\u00eda en distintos medios de comunicaci\u00f3n por el femicidio ocurrido en Moreno.<\/p>\n\n\n\n<p>Ante ello, procedieron a realizar un operativo cerrojo y lograron la aprehensi\u00f3n del sospechoso, que fue<strong> identificado como Rodrigo German Rivero, quien pose\u00eda una orden de detenci\u00f3n por \u201cHomicidio Agravado\u00bb por el crimen de la joven ocurrido el 24 de agosto. Vale destacar la colaboraci\u00f3n de la Secretar\u00eda de Seguridad Municipal por su seguimiento mediante las c\u00e1maras de vigilancia, entre otras cosas<\/strong>.<\/p>\n\n\n\n<p>El lunes, <strong>Karen Bustamente fue hallada asesinada frente a un sal\u00f3n de fiestas abandonado en avenida Rivadavia, entre Concejal Rosset y Tucum\u00e1n, pleno Moreno Centro<\/strong>. Seg\u00fan el informe preliminar que recibi\u00f3 el fiscal, el mismo confirm\u00f3 un \u00abtriple mecanismo homicida\u00bb: estrangulamiento, cortes en el cuello -probablemente con una botella rota-, y politraumatismos severos en el cr\u00e1neo y en el rostro. <strong>La v\u00edctima era de Ituzaing\u00f3 y ten\u00eda 18 a\u00f1os<\/strong>.<\/p>\n\n\n\n<p>La caratula de la causa es \u201cRODRIGO GERMAN RIVERO S\/ HOMICIDIO AGRAVADO \u2013 CRIMINIS CAUSA \u2013 HABIENDO SIDO EJECUTADO POR UN HOMBRE, RESULTANDO VICTIMA MUJER \u2013 MEDIANDO VIOLENCIA DE GENERO, Y POR SU COMISI\u00d3N CON ENSA\u00d1AMIENTO Y ALEVOSIA\u201d, victima KAREN DAIANA BUSTAMANTE, con intervenci\u00f3n de la UFI n\u00b0 8 de Moreno \u2013 Gral. Rodriguez, a cargo del Dr. Gabriel Lopez.<\/p>\n","protected":false},"excerpt":{"rendered":"<p>En la noche de este viernes 27 de agosto, y luego de un arduo operativo cerrojo, la polic\u00eda de la provincia de Buenos Aires logr\u00f3 identificar y aprehender al femicida de Moreno, Rodrigo German Rivero. El acusado hab\u00eda sido identificado &hellip; <a href=\"https:\/\/morenoprimero.com.ar\/archivo\/detuvieron-a-rodrigo-german-rivero-el-femicida-de-moreno\/\">Sigue leyendo <span class=\"meta-nav\">&rarr;<\/span><\/a><\/p>\n","protected":false},"author":6,"featured_media":17306,"comment_status":"closed","ping_status":"closed","sticky":false,"template":"","format":"standard","meta":{"footnotes":""},"categories":[3,8],"tags":[46,6],"class_list":["post-17303","post","type-post","status-publish","format-standard","has-post-thumbnail","hentry","category-importantes","category-policiales","tag-femicidio","tag-moreno"],"_links":{"self":[{"href":"https:\/\/morenoprimero.com.ar\/archivo\/wp-json\/wp\/v2\/posts\/17303","targetHints":{"allow":["GET"]}}],"collection":[{"href":"https:\/\/morenoprimero.com.ar\/archivo\/wp-json\/wp\/v2\/posts"}],"about":[{"href":"https:\/\/morenoprimero.com.ar\/archivo\/wp-json\/wp\/v2\/types\/post"}],"author":[{"embeddable":true,"href":"https:\/\/morenoprimero.com.ar\/archivo\/wp-json\/wp\/v2\/users\/6"}],"replies":[{"embeddable":true,"href":"https:\/\/morenoprimero.com.ar\/archivo\/wp-json\/wp\/v2\/comments?post=17303"}],"version-history":[{"count":3,"href":"https:\/\/morenoprimero.com.ar\/archivo\/wp-json\/wp\/v2\/posts\/17303\/revisions"}],"predecessor-version":[{"id":17309,"href":"https:\/\/morenoprimero.com.ar\/archivo\/wp-json\/wp\/v2\/posts\/17303\/revisions\/17309"}],"wp:featuredmedia":[{"embeddable":true,"href":"https:\/\/morenoprimero.com.ar\/archivo\/wp-json\/wp\/v2\/media\/17306"}],"wp:attachment":[{"href":"https:\/\/morenoprimero.com.ar\/archivo\/wp-json\/wp\/v2\/media?parent=17303"}],"wp:term":[{"taxonomy":"category","embeddable":true,"href":"https:\/\/morenoprimero.com.ar\/archivo\/wp-json\/wp\/v2\/categories?post=17303"},{"taxonomy":"post_tag","embeddable":true,"href":"https:\/\/morenoprimero.com.ar\/archivo\/wp-json\/wp\/v2\/tags?post=17303"}],"curies":[{"name":"wp","href":"https:\/\/api.w.org\/{rel}","templated":true}]}}