{"id":17251,"date":"2021-08-27T14:56:06","date_gmt":"2021-08-27T17:56:06","guid":{"rendered":"https:\/\/morenoprimero.com.ar\/?p=17251"},"modified":"2021-08-27T14:56:07","modified_gmt":"2021-08-27T17:56:07","slug":"continua-la-vacunacion-en-ninos-y-adolescentes-se-distribuyeron-otras-901-mil-dosis-de-moderna","status":"publish","type":"post","link":"https:\/\/morenoprimero.com.ar\/archivo\/continua-la-vacunacion-en-ninos-y-adolescentes-se-distribuyeron-otras-901-mil-dosis-de-moderna\/","title":{"rendered":"Contin\u00faa la vacunaci\u00f3n en ni\u00f1os y adolescentes: Se distribuyeron otras 901 mil dosis de Moderna"},"content":{"rendered":"\n<p>Llegaron a las 24 jurisdicciones del pa\u00eds otras<strong> 901.040 <\/strong>dosis de la vacuna Moderna del total de <strong>3.500.000 <\/strong>que fueron donadas a la Argentina por Estados Unidos en el marco del Plan Estrat\u00e9gico de Vacunaci\u00f3n que el Gobierno nacional lleva adelante en todo el territorio para continuar con el esquema de inoculaciones de la franja poblacional de <strong>12 a 17 a\u00f1os con condiciones priorizadas.<\/strong><\/p>\n\n\n\n<p>Por su parte, el Municipio de Moreno informa que ya se aplicaron <strong>416.206 <\/strong>vacunas contra el COVID-19, de las cuales <strong>302.333<\/strong> corresponden a la primera dosis y <strong>113.873<\/strong> a la segunda.<\/p>\n\n\n\n<p>Hoy hay <strong>24 <\/strong>nuevos casos positivos, <strong>29 <\/strong>pacientes recuperados y ninguna defunci\u00f3n. Desde el inicio de la pandemia se registraron en Moreno <strong>58.166 <\/strong>casos confirmados de COVID.19,<strong> 54.686 <\/strong>recuperados y <strong>1.326 <\/strong>personas fallecidas.<\/p>\n\n\n\n<p>La vacunaci\u00f3n correspondiente a la franja etaria de 12 a 17 a\u00f1os incluye las siguientes condiciones priorizadas:<\/p>\n\n\n\n<p>\u2022 Diabetes tipo 1 o 2.<\/p>\n\n\n\n<p>\u2022 Obesidad grado 2 (IMC &gt; 35) y grado 3 (IMC &gt; 40).<\/p>\n\n\n\n<p>\u2022 Enfermedad cardiovascular cr\u00f3nica: Insuficiencia card\u00edaca, enfermedad coronaria, valvulopat\u00edas, miocardiopat\u00edas, hipertensi\u00f3n pulmonar, cardiopat\u00edas cong\u00e9nitas.<\/p>\n\n\n\n<p>\u2022 Enfermedad renal cr\u00f3nica (incluidos pacientes en di\u00e1lisis cr\u00f3nica y trasplantes) y s\u00edndrome nefr\u00f3tico.<\/p>\n\n\n\n<p>\u2022 Enfermedad respiratoria cr\u00f3nica: Enfermedad pulmonar obstructiva cr\u00f3nica (EPOC), fibrosis qu\u00edstica, enfermedad intersticial pulmonar, asma grave; requerimiento de ox\u00edgeno terapia; enfermedad grave de la v\u00eda a\u00e9rea; hospitalizaciones por asma.&nbsp;<\/p>\n\n\n\n<p>\u2022 Enfermedad hep\u00e1tica: Cirrosis, hepatitis autoinmune.<\/p>\n\n\n\n<p>\u2022 Personas que viven con VIH independientemente del CD4 y CV.<\/p>\n\n\n\n<p>\u2022 Pacientes en lista de espera para trasplantes de \u00f3rganos s\u00f3lidos y trasplantes de c\u00e9lulas hematopoy\u00e9ticas.<\/p>\n\n\n\n<p>\u2022 Pacientes oncol\u00f3gicos y oncohematol\u00f3gicos con diagn\u00f3stico reciente o \u201cactiva\u201d.&nbsp;<\/p>\n\n\n\n<p>\u2022 Personas con tuberculosis activa.<\/p>\n\n\n\n<p>\u2022 Personas con discapacidad intelectual y del desarrollo.&nbsp;<\/p>\n\n\n\n<p>\u2022 S\u00edndrome de Down.<\/p>\n\n\n\n<p>\u2022 Personas con enfermedades autoinmunes y\/o tratamientos inmunosupresores, inmunomoduladores o biol\u00f3gicos.&nbsp;<\/p>\n\n\n\n<p>\u2022 Adolescentes que viven en lugares de larga estancia.<\/p>\n\n\n\n<p>\u2022 Personas gestantes de 12 a 17 a\u00f1os con indicaci\u00f3n individual.<\/p>\n\n\n\n<p>\u2022 Personas con carnet \u00fanico de discapacidad (CUD) vigente.<\/p>\n\n\n\n<p>\u2022 Personas con pensi\u00f3n de ANSES por invalidez aunque no tengan CUD.<\/p>\n\n\n\n<p>\u2022 Personas con pensi\u00f3n de ANSES por trasplantes aunque no tengan CUD.El criterio de distribuci\u00f3n de la vacuna <strong>Moderna <\/strong>se realiza en base a los datos del Instituto Nacional de Estad\u00edsticas y Censos (INDEC), luego de que la Agencia Europea de Medicamentos (EMA) recomendara la autorizaci\u00f3n correspondiente para su uso en personas de 12 a 17 a\u00f1os.<\/p>\n","protected":false},"excerpt":{"rendered":"<p>Llegaron a las 24 jurisdicciones del pa\u00eds otras 901.040 dosis de la vacuna Moderna del total de 3.500.000 que fueron donadas a la Argentina por Estados Unidos en el marco del Plan Estrat\u00e9gico de Vacunaci\u00f3n que el Gobierno nacional lleva &hellip; <a href=\"https:\/\/morenoprimero.com.ar\/archivo\/continua-la-vacunacion-en-ninos-y-adolescentes-se-distribuyeron-otras-901-mil-dosis-de-moderna\/\">Sigue leyendo <span class=\"meta-nav\">&rarr;<\/span><\/a><\/p>\n","protected":false},"author":6,"featured_media":17252,"comment_status":"closed","ping_status":"closed","sticky":false,"template":"","format":"standard","meta":{"footnotes":""},"categories":[536],"tags":[540,2839,1470],"class_list":["post-17251","post","type-post","status-publish","format-standard","has-post-thumbnail","hentry","category-salud","tag-covid","tag-moderna","tag-vacunacion-2"],"_links":{"self":[{"href":"https:\/\/morenoprimero.com.ar\/archivo\/wp-json\/wp\/v2\/posts\/17251","targetHints":{"allow":["GET"]}}],"collection":[{"href":"https:\/\/morenoprimero.com.ar\/archivo\/wp-json\/wp\/v2\/posts"}],"about":[{"href":"https:\/\/morenoprimero.com.ar\/archivo\/wp-json\/wp\/v2\/types\/post"}],"author":[{"embeddable":true,"href":"https:\/\/morenoprimero.com.ar\/archivo\/wp-json\/wp\/v2\/users\/6"}],"replies":[{"embeddable":true,"href":"https:\/\/morenoprimero.com.ar\/archivo\/wp-json\/wp\/v2\/comments?post=17251"}],"version-history":[{"count":1,"href":"https:\/\/morenoprimero.com.ar\/archivo\/wp-json\/wp\/v2\/posts\/17251\/revisions"}],"predecessor-version":[{"id":17253,"href":"https:\/\/morenoprimero.com.ar\/archivo\/wp-json\/wp\/v2\/posts\/17251\/revisions\/17253"}],"wp:featuredmedia":[{"embeddable":true,"href":"https:\/\/morenoprimero.com.ar\/archivo\/wp-json\/wp\/v2\/media\/17252"}],"wp:attachment":[{"href":"https:\/\/morenoprimero.com.ar\/archivo\/wp-json\/wp\/v2\/media?parent=17251"}],"wp:term":[{"taxonomy":"category","embeddable":true,"href":"https:\/\/morenoprimero.com.ar\/archivo\/wp-json\/wp\/v2\/categories?post=17251"},{"taxonomy":"post_tag","embeddable":true,"href":"https:\/\/morenoprimero.com.ar\/archivo\/wp-json\/wp\/v2\/tags?post=17251"}],"curies":[{"name":"wp","href":"https:\/\/api.w.org\/{rel}","templated":true}]}}