{"id":17123,"date":"2021-08-25T14:13:21","date_gmt":"2021-08-25T17:13:21","guid":{"rendered":"https:\/\/morenoprimero.com.ar\/?p=17123"},"modified":"2021-08-25T14:16:52","modified_gmt":"2021-08-25T17:16:52","slug":"el-merendero-casasco-por-sus-ninos-celebro-el-dia-de-las-infancias","status":"publish","type":"post","link":"https:\/\/morenoprimero.com.ar\/archivo\/el-merendero-casasco-por-sus-ninos-celebro-el-dia-de-las-infancias\/","title":{"rendered":"El merendero \u201cCasasco por sus ni\u00f1os\u201d celebr\u00f3 el D\u00eda de las Infancias"},"content":{"rendered":"\n<p>Las vecinas y vecinos, junto a militantes del Movimiento Popular 25 de Febrero, entregaron juguetes y realizaron actividades recreativas para&nbsp;las ni\u00f1eces en la plaza de&nbsp;Casasco&nbsp;Federal.&nbsp;<\/p>\n\n\n\n<p>En el marco del D\u00eda de las Infancias, vecinas y vecinos realizaron actividades de entretenimiento y deportivas para las ni\u00f1as y los ni\u00f1os de&nbsp;Casasco. Adem\u00e1s, integrantes de \u201cCasasco&nbsp;por sus ni\u00f1os\u201d entregaron una merienda a grandes y chicos mientras disfrutaban de un show art\u00edstico protagonizado por Viviana De Antonio, una vecina del barrio disfrazada de payasa en la plaza de Casasco.<\/p>\n\n\n\n<div class=\"wp-block-image\"><figure class=\"aligncenter size-large\"><a href=\"https:\/\/morenoprimero.com.ar\/wp-content\/uploads\/2021\/08\/WhatsApp-Image-2021-08-25-at-11.47.00.jpeg\"><img loading=\"lazy\" decoding=\"async\" width=\"1024\" height=\"768\" src=\"https:\/\/morenoprimero.com.ar\/wp-content\/uploads\/2021\/08\/WhatsApp-Image-2021-08-25-at-11.47.00-1024x768.jpeg\" alt=\"\" class=\"wp-image-17130\" srcset=\"https:\/\/morenoprimero.com.ar\/archivo\/wp-content\/uploads\/2021\/08\/WhatsApp-Image-2021-08-25-at-11.47.00-1024x768.jpeg 1024w, https:\/\/morenoprimero.com.ar\/archivo\/wp-content\/uploads\/2021\/08\/WhatsApp-Image-2021-08-25-at-11.47.00-300x225.jpeg 300w, https:\/\/morenoprimero.com.ar\/archivo\/wp-content\/uploads\/2021\/08\/WhatsApp-Image-2021-08-25-at-11.47.00-768x576.jpeg 768w, https:\/\/morenoprimero.com.ar\/archivo\/wp-content\/uploads\/2021\/08\/WhatsApp-Image-2021-08-25-at-11.47.00.jpeg 1040w\" sizes=\"auto, (max-width: 1024px) 100vw, 1024px\" \/><\/a><\/figure><\/div>\n\n\n\n<p>En el festejo, estuvieron presentes el precandidato a concejal, Miguel&nbsp;Alcain, vecinas, vecinos y militantes del Movimiento Popular \u201c25 de Febrero\u201d, siendo parte de la jornada de recreaci\u00f3n para los m\u00e1s chicos. \u201cEn la Argentina que queremos, las ni\u00f1eces son las \u00fanicas privilegiadas\u201d, public\u00f3 en su cuenta personal de Instagram el precandidato. <\/p>\n\n\n\n<p>El merendero \u00abCasasco por sus ni\u00f1os\u00bb entreg\u00f3 bolsitas con golosinas, tortas y jugos durante la merienda. Cabe destacar que el espacio brinda una olla popular todos los jueves por la tarde para m\u00e1s de 25 familias y meriendas todos los lunes en Moreno Sur. Gustavo Olea, enfermero del Hospital de General Rodr\u00edguez y responsable del merendero destac\u00f3 que \u00abfue muy importante la colaboraci\u00f3n de las vecinas y vecinos para que este festejo sea posible\u00bb.<\/p>\n\n\n\n<p>\u201cCreo que es necesario acompa\u00f1ar en el territorio\u00bb, plante\u00f3 el responsable del merendero \u00abCasasco por sus ni\u00f1os\u00bb y resalt\u00f3 la importancia de estar en contacto con las vecinas y los vecinos para que \u00abno se trate de algo individual, sino algo m\u00e1s bien colectivo donde todas y todos participen\u00bb, concluy\u00f3. <\/p>\n\n\n\n<div class=\"wp-block-image\"><figure class=\"aligncenter size-large\"><a href=\"https:\/\/morenoprimero.com.ar\/wp-content\/uploads\/2021\/08\/WhatsApp-Image-2021-08-25-at-11.47.40.jpeg\"><img loading=\"lazy\" decoding=\"async\" width=\"768\" height=\"1024\" src=\"https:\/\/morenoprimero.com.ar\/wp-content\/uploads\/2021\/08\/WhatsApp-Image-2021-08-25-at-11.47.40-768x1024.jpeg\" alt=\"\" class=\"wp-image-17128\" srcset=\"https:\/\/morenoprimero.com.ar\/archivo\/wp-content\/uploads\/2021\/08\/WhatsApp-Image-2021-08-25-at-11.47.40-768x1024.jpeg 768w, https:\/\/morenoprimero.com.ar\/archivo\/wp-content\/uploads\/2021\/08\/WhatsApp-Image-2021-08-25-at-11.47.40-225x300.jpeg 225w, https:\/\/morenoprimero.com.ar\/archivo\/wp-content\/uploads\/2021\/08\/WhatsApp-Image-2021-08-25-at-11.47.40.jpeg 780w\" sizes=\"auto, (max-width: 768px) 100vw, 768px\" \/><\/a><\/figure><\/div>\n\n\n\n<p><\/p>\n\n\n\n<p><\/p>\n","protected":false},"excerpt":{"rendered":"<p>Las vecinas y vecinos, junto a militantes del Movimiento Popular 25 de Febrero, entregaron juguetes y realizaron actividades recreativas para&nbsp;las ni\u00f1eces en la plaza de&nbsp;Casasco&nbsp;Federal.&nbsp; En el marco del D\u00eda de las Infancias, vecinas y vecinos realizaron actividades de entretenimiento &hellip; <a href=\"https:\/\/morenoprimero.com.ar\/archivo\/el-merendero-casasco-por-sus-ninos-celebro-el-dia-de-las-infancias\/\">Sigue leyendo <span class=\"meta-nav\">&rarr;<\/span><\/a><\/p>\n","protected":false},"author":6,"featured_media":17145,"comment_status":"closed","ping_status":"closed","sticky":false,"template":"","format":"standard","meta":{"footnotes":""},"categories":[3,21],"tags":[3014,6,367,3015,3016],"class_list":["post-17123","post","type-post","status-publish","format-standard","has-post-thumbnail","hentry","category-importantes","category-interes-general","tag-dia-de-las-infancias","tag-moreno","tag-moreno-sur","tag-plan-federal-casasco","tag-plaza-de-casasco"],"_links":{"self":[{"href":"https:\/\/morenoprimero.com.ar\/archivo\/wp-json\/wp\/v2\/posts\/17123","targetHints":{"allow":["GET"]}}],"collection":[{"href":"https:\/\/morenoprimero.com.ar\/archivo\/wp-json\/wp\/v2\/posts"}],"about":[{"href":"https:\/\/morenoprimero.com.ar\/archivo\/wp-json\/wp\/v2\/types\/post"}],"author":[{"embeddable":true,"href":"https:\/\/morenoprimero.com.ar\/archivo\/wp-json\/wp\/v2\/users\/6"}],"replies":[{"embeddable":true,"href":"https:\/\/morenoprimero.com.ar\/archivo\/wp-json\/wp\/v2\/comments?post=17123"}],"version-history":[{"count":9,"href":"https:\/\/morenoprimero.com.ar\/archivo\/wp-json\/wp\/v2\/posts\/17123\/revisions"}],"predecessor-version":[{"id":17149,"href":"https:\/\/morenoprimero.com.ar\/archivo\/wp-json\/wp\/v2\/posts\/17123\/revisions\/17149"}],"wp:featuredmedia":[{"embeddable":true,"href":"https:\/\/morenoprimero.com.ar\/archivo\/wp-json\/wp\/v2\/media\/17145"}],"wp:attachment":[{"href":"https:\/\/morenoprimero.com.ar\/archivo\/wp-json\/wp\/v2\/media?parent=17123"}],"wp:term":[{"taxonomy":"category","embeddable":true,"href":"https:\/\/morenoprimero.com.ar\/archivo\/wp-json\/wp\/v2\/categories?post=17123"},{"taxonomy":"post_tag","embeddable":true,"href":"https:\/\/morenoprimero.com.ar\/archivo\/wp-json\/wp\/v2\/tags?post=17123"}],"curies":[{"name":"wp","href":"https:\/\/api.w.org\/{rel}","templated":true}]}}