{"id":1699,"date":"2020-08-26T14:09:57","date_gmt":"2020-08-26T14:09:57","guid":{"rendered":"https:\/\/morenoprimero.com.ar\/?p=1699"},"modified":"2020-08-26T14:12:18","modified_gmt":"2020-08-26T14:12:18","slug":"despues-de-20-anos-la-gestion-de-mariel-fernandez-busca-ponerle-fin-a-la-empresa-el-trebol","status":"publish","type":"post","link":"https:\/\/morenoprimero.com.ar\/archivo\/despues-de-20-anos-la-gestion-de-mariel-fernandez-busca-ponerle-fin-a-la-empresa-el-trebol\/","title":{"rendered":"DESPU\u00c9S DE 20 A\u00d1OS, LA GESTI\u00d3N DE MARIEL FERN\u00c1NDEZ BUSCA PONERLE FIN A LA EMPRESA EL TR\u00c9BOL"},"content":{"rendered":"\n<h4 class=\"wp-block-heading\">&nbsp; &nbsp;Consorcio Tr\u00e9bol&nbsp;lleva m\u00e1s de dos d\u00e9cadas en el Municipio. Desembarc\u00f3 en Moreno en el primer mandato de Mariano West (1995-2002) y hasta el d\u00eda de la fecha sigue siendo la empresa que deber\u00eda juntar los residuos. Lejos de eso, los diferentes gobiernos debieron dar cuentas sobre el problema en la recolecci\u00f3n de basura. Despu\u00e9s de 20 a\u00f1os, el oficialismo busca resolver el problema de una vez por todas.&nbsp;<\/h4>\n\n\n\n<p>&nbsp;&nbsp; <strong>El Municipio desembolsa enormes cantidades de dinero destinados a un sistema deficiente de recolecci\u00f3n de residuos,<\/strong> sin embargo la falta de recolecci\u00f3n de basura es moneda corriente y trae como consecuencia la generaci\u00f3n de micro y grandes basurales . <strong>Ning\u00fan gobierno pudo \u2013por incapacidad o por falta de voluntad pol\u00edtica- poner fin al contrato con Consorcio Tr\u00e9bol.&nbsp;<\/strong><\/p>\n\n\n\n<p>&nbsp; &nbsp;Desde La Perlita hasta&nbsp;Bongiovanni, pasando por Maril\u00f3, y barrio&nbsp;Sambrizzi&nbsp;-s\u00f3lo algunos de los tantos barrios-  vecinos y vecinas hacen o\u00edr sus reclamos de un problema nunca solucionado.&nbsp;&nbsp;<\/p>\n\n\n\n<p>&nbsp; &nbsp;Mario, vecino de Moreno, explic\u00f3 a Moreno Primero que: <\/p>\n\n\n\n<blockquote class=\"wp-block-quote is-layout-flow wp-block-quote-is-layout-flow\"><p>\u201cEn el verano cuando el calor es terrible.&nbsp;Imaginate&nbsp;la basura acumulada, no en una o dos casas, sino en todas estas cuadras, sumado la temperatura que hay en verano, <strong>vivimos en un barrio con un olor desagradable, y digo desagradable por no decir una mala palabra, pero me quedo corto, es realmente inhumano como vivimos\u201d<\/strong>.&nbsp;<\/p><\/blockquote>\n\n\n\n<p>&nbsp; &nbsp;Marina es vecina hace muchos a\u00f1os de Moreno y nos explico que ante la falta de respuestas en el n\u00famero de reclamo que pone a disposici\u00f3n El Tr\u00e9bol trata de hacer algo por su cuenta: <\/p>\n\n\n\n<blockquote class=\"wp-block-quote is-layout-flow wp-block-quote-is-layout-flow\"><p>  \u201cYo estoy cansada, cansada de que no me atiendan y si atienden no dan ninguna respuesta. Despu\u00e9s de dos, tres veces hice la denuncia y no me dieron pelota. Hoy trato de reciclar, separar los pl\u00e1sticos, los restos de verdura cuando cocino, pero siento que no es nada porque el problema de la basura sigue estando y lo poco que saco se acumula igual. Yo me inform\u00e9, y<strong> la basura te contamina todo, te contamina el suelo, el agua, el aire, todo. Estoy indignada porque no quiero que mis dos nenes crezcan entre la basura, en un barrio contaminado.&nbsp;&nbsp;<\/strong><\/p><\/blockquote>\n\n\n\n<p>&nbsp; &nbsp;As\u00ed las cosas, gran parte de la comunidad todav\u00eda no tiene respuesta de el Estado, la instituci\u00f3n que debe regular el contrato de una empresa que no se preocupa por mejorar el servicio. <\/p>\n\n\n\n<p>&nbsp; &nbsp;<strong>Este jueves 27 de agosto se trata en el Honorable Concejo Deliberante el \u201cNuevo Sistema de Recolecci\u00f3n de Residuos\u201d propuesto por el oficialismo.<\/strong><\/p>\n\n\n\n<p>  <strong>En un comunicado en sus redes sociales, desde el Municipio aseguran que \u201ccon este nuevo sistema se gastar\u00e1 mucho menos y tendremos un mejor servicio\u00bb. Adem\u00e1s, explican que el Municipio ahorrar\u00e1 la mitad del dinero destinado a la recolecci\u00f3n. A la vez incrementar\u00e1 la flota y la cantidad de cuadras, con 6 d\u00edas de recolecci\u00f3n garantizados. Todo esto, garantizando la continuidad de la totalidad de los puestos de trabajo.<\/strong><\/p>\n\n\n\n<figure class=\"wp-block-image size-large is-resized\"><img loading=\"lazy\" decoding=\"async\" src=\"https:\/\/morenoprimero.com.ar\/wp-content\/uploads\/2020\/08\/WhatsApp-Image-2020-08-25-at-9.44.25-AM-989x1024.jpeg\" alt=\"\" class=\"wp-image-1701\" width=\"586\" height=\"605\"\/><\/figure>\n\n\n\n<p>   <strong>  <\/strong>La mayor\u00eda de los Municipios de la Provincia tienen resuelto el sistema de recolecci\u00f3n hace muchos a\u00f1os. En Moreno, la gesti\u00f3n de Mariel Fern\u00e1ndez busca ponerle fin a esta deuda que el Estado tiene con todos los vecinos y vecinas.<\/p>\n","protected":false},"excerpt":{"rendered":"<p>&nbsp; &nbsp;Consorcio Tr\u00e9bol&nbsp;lleva m\u00e1s de dos d\u00e9cadas en el Municipio. Desembarc\u00f3 en Moreno en el primer mandato de Mariano West (1995-2002) y hasta el d\u00eda de la fecha sigue siendo la empresa que deber\u00eda juntar los residuos. Lejos de eso, &hellip; <a href=\"https:\/\/morenoprimero.com.ar\/archivo\/despues-de-20-anos-la-gestion-de-mariel-fernandez-busca-ponerle-fin-a-la-empresa-el-trebol\/\">Sigue leyendo <span class=\"meta-nav\">&rarr;<\/span><\/a><\/p>\n","protected":false},"author":6,"featured_media":1700,"comment_status":"open","ping_status":"open","sticky":false,"template":"","format":"standard","meta":{"footnotes":""},"categories":[1],"tags":[487,102,488],"class_list":["post-1699","post","type-post","status-publish","format-standard","has-post-thumbnail","hentry","category-sin-categoria","tag-consorcio-trebol","tag-municipio-de-moreno","tag-recoleccion-de-residuos"],"_links":{"self":[{"href":"https:\/\/morenoprimero.com.ar\/archivo\/wp-json\/wp\/v2\/posts\/1699","targetHints":{"allow":["GET"]}}],"collection":[{"href":"https:\/\/morenoprimero.com.ar\/archivo\/wp-json\/wp\/v2\/posts"}],"about":[{"href":"https:\/\/morenoprimero.com.ar\/archivo\/wp-json\/wp\/v2\/types\/post"}],"author":[{"embeddable":true,"href":"https:\/\/morenoprimero.com.ar\/archivo\/wp-json\/wp\/v2\/users\/6"}],"replies":[{"embeddable":true,"href":"https:\/\/morenoprimero.com.ar\/archivo\/wp-json\/wp\/v2\/comments?post=1699"}],"version-history":[{"count":7,"href":"https:\/\/morenoprimero.com.ar\/archivo\/wp-json\/wp\/v2\/posts\/1699\/revisions"}],"predecessor-version":[{"id":1785,"href":"https:\/\/morenoprimero.com.ar\/archivo\/wp-json\/wp\/v2\/posts\/1699\/revisions\/1785"}],"wp:featuredmedia":[{"embeddable":true,"href":"https:\/\/morenoprimero.com.ar\/archivo\/wp-json\/wp\/v2\/media\/1700"}],"wp:attachment":[{"href":"https:\/\/morenoprimero.com.ar\/archivo\/wp-json\/wp\/v2\/media?parent=1699"}],"wp:term":[{"taxonomy":"category","embeddable":true,"href":"https:\/\/morenoprimero.com.ar\/archivo\/wp-json\/wp\/v2\/categories?post=1699"},{"taxonomy":"post_tag","embeddable":true,"href":"https:\/\/morenoprimero.com.ar\/archivo\/wp-json\/wp\/v2\/tags?post=1699"}],"curies":[{"name":"wp","href":"https:\/\/api.w.org\/{rel}","templated":true}]}}